{"id":543603,"date":"2022-04-20T00:11:50","date_gmt":"2022-04-20T05:11:50","guid":{"rendered":"https:\/\/www.diarioimagen.net\/?p=543603"},"modified":"2022-04-20T02:59:45","modified_gmt":"2022-04-20T07:59:45","slug":"amlo-cuesta-abajo-en-su-rodada","status":"publish","type":"post","link":"https:\/\/www.diarioimagen.net\/?p=543603","title":{"rendered":"AMLO: cuesta abajo en su rodada"},"content":{"rendered":"<h2>\u00cdndice pol\u00edtico<\/h2>\n<h5>Francisco Rodr\u00edguez<\/h5>\n<p>&nbsp;<\/p>\n<ul>\n<li><strong><em>Bartlett: \u00bftarifas para fif\u00eds?<\/em><\/strong><\/li>\n<li><strong><em>Aysa es de Garc\u00eda Luna<\/em><\/strong><\/li>\n<\/ul>\n<p>&nbsp;<\/p>\n<p>Lleg\u00f3 a la cima y, desde el domingo por la noche, ya va directo a la sima.<\/p>\n<p>(Traduzco para los chairos: \u00a1ya va pa\u2019 abajo!).<\/p>\n<p>No pod\u00eda subir m\u00e1s.<\/p>\n<p>Lo l\u00f3gico es que comenzara a descender, a caer.<\/p>\n<p>Y se est\u00e1 desplomando.<\/p>\n<p>No s\u00f3lo pierde adeptos, tambi\u00e9n malgasta su cada vez m\u00e1s menguado capital pol\u00edtico en necedades que s\u00f3lo le aprueba y le aplaude la canalla morenista.\u00a0 Comenz\u00f3, pues, a cosechar el odio que ha sembrado.<\/p>\n<p>Todos aquellos a quienes odia se la cobraron.<\/p>\n<p>No le funcion\u00f3 el manique\u00edsmo patriotero.<\/p>\n<p>Ni aquello de si no est\u00e1s conmigo est\u00e1s en contra del pueblo.<\/p>\n<p>Las oposiciones se le plantaron enfrente y le dijeron \u201c\u00a1hasta aqu\u00ed!\u201d.<\/p>\n<p>No pas\u00f3 la\u00a0<em>Ley Bartlett<\/em>&#8230;<\/p>\n<p>&#8230; y ya le anunciaron que tampoco pasar\u00e1n las reformas constitucionales para una reforma pol\u00edtica con la que quiere desaparecer al INE&#8230;<\/p>\n<p>&#8230; ni aquella con la que pretende subsumir a la Guardia Nacional, aparentemente civil hasta la fecha, a una suerte de subsecretar\u00eda de la Defensa Nacional.\u00a0 Y le reitero, lo peor es que pierde adeptos.<\/p>\n<p>Se le est\u00e1n yendo aquellos a quienes no les gusta estar del lado de los perdedores.<\/p>\n<p>Y menos a\u00fan de quienes no saben perder, como es su caso.<\/p>\n<p>Es cada vez m\u00e1s patol\u00f3gico el caso de\u00a0<strong>Andr\u00e9s Manuel L\u00f3pez Obrador<\/strong>\u00a0quien, como en el tango de <strong>Carlos Gardel<\/strong>, \u201carrastra por este mundo \/ la verg\u00fcenza de haber sido y el dolor de ya no ser\u201d.<\/p>\n<p>Es por eso por lo que ya inici\u00f3 \u201ccuesta abajo en su rodada \/ las ilusiones pasadas, yo no las puede arrancar \/ sue\u00f1a con el pasado que a\u00f1ora \/ el tiempo viejo que llora y que nunca volver\u00e1\u201d.<\/p>\n<p>L\u00e1stima. Ten\u00eda todo para ser. Y por sus necedades, por obcecado, tir\u00f3 todo a la basura.<\/p>\n<p><strong>La escuelita de Sheinbaum<\/strong><\/p>\n<p>Luego de perder estrepitosamente la mitad de CDMX \u2014la que m\u00e1s aporta al PIB local\u2014, la \u201cregenta\u201d<strong>Claudia Sheinbaum<\/strong>\u00a0cobr\u00f3 venganza en contra de quienes la hicieron quedar del nabo con su jefe L\u00f3pez Obrador.<\/p>\n<p>En un claro acto de castigo para los ciudadanos que no le favorecieron con el voto, su fallida administraci\u00f3n estableci\u00f3 un cobro adicional del 35 por ciento a la tarifa establecida en el C\u00f3digo Fiscal para el suministro de agua potable en colonias de alcald\u00edas que gobierna la oposici\u00f3n al Movimiento \u2014que todav\u00eda no es partido\u2014 de Regeneraci\u00f3n Nacional.<\/p>\n<p>Es por tal que muchos se preguntan ahora si el muy pol\u00e9mico se\u00f1or\u00a0<strong>Manuel Bartlett<\/strong>\u00a0\u00bfva a aplicar una medida similar a las clases medias de todo el pa\u00eds? \u00bfVa a subir las tarifas a quienes AMLO considera son fif\u00eds, sus adversarios o neoliberales y ahora hasta \u201ctraidores a la Patria\u201d?\u00a0 Si de por s\u00ed la CFE fraudulentamente cobra lo que le da la gana sin revisar siquiera los medidores&#8230;<\/p>\n<p style=\"text-align: center;\"><strong>Una alerta para los senadores<\/strong><\/p>\n<p>\u00a1Aguas! \u00a1Pongan atenci\u00f3n, se\u00f1ores senadores!<\/p>\n<p>\u00a1No vayan a cometer la tonter\u00eda de aprobar el nombramiento presidencial de\u00a0<strong>Carlos Aysa<\/strong>\u00a0como embajador de M\u00e9xico en Santo Domingo!\u00a0 Y no, no por la traici\u00f3n de su hij\u00edn&#8230;\u00a0 Eso es irrelevante porque el voto del chamaco ni siquiera pint\u00f3.<\/p>\n<p>Revisen bien los antecedentes del campechano ex sustituto de\u00a0<strong>Alejandro\u00a0<em>Alito<\/em>\u00a0Moreno<\/strong>.<\/p>\n<p>Chequen sus ligas con el preso\u00a0<strong>Genaro Garc\u00eda Luna<\/strong>\u00a0de quien fue cercan\u00edsimo colaborador.<\/p>\n<p>Aysa, en efecto, fue desde el a\u00f1o 2000 hasta el 2004 director general de Despliegue Regional Policial de la AFI, organismo que invent\u00f3 Garc\u00eda Luna para desaparecer a la Polic\u00eda Judicial que depend\u00eda de la tambi\u00e9n extinta PGR.<\/p>\n<p>Un cargo de suma importancia, toda vez que esa direcci\u00f3n a cargo de Aysa concentraba a todos los elementos de la Judicial Federal, es decir puro polic\u00eda viejo y obvio los m\u00e1s ma\u00f1osos. Por tal, Aysa depend\u00eda directamente de Genaro. Por tal cargo de suma confianza.<\/p>\n<p>\u00bfC\u00f3mo lleg\u00f3 ah\u00ed? Pues fue impuesto por el entonces procurador general\u00a0<strong>Rafael Macedo de la Concha<\/strong>, justo cuando Aysa termin\u00f3 su gesti\u00f3n de procurador en Campeche.<\/p>\n<p>Cuando renunci\u00f3 a la AFI fue director general jur\u00eddico en la FEPADE en tiempos en los que la fiscal era una de las novias de Macedo.<\/p>\n<p>Aysa fue los dos \u00faltimos a\u00f1os de Pe\u00f1a Nieto, titular del \u00d3rgano Interno de Control del Instituto Nacional de Migraci\u00f3n. Y de ah\u00ed se fue como candidato del PRI a la alcald\u00eda de Palizada, en Campeche, la cual perdi\u00f3.<\/p>\n<p>Luego de ello\u00a0<em>Alito,\u00a0<\/em>con esa gran visi\u00f3n pol\u00edtica que le caracteriza, lo nombr\u00f3 secretario general de Gobierno y luego le dej\u00f3 encargada, dos a\u00f1os, la gubernatura de la entidad.<\/p>\n<p>As\u00ed que \u00a1aguas!<\/p>\n<p>No vayamos a ofender a nuestros hermanos dominicanos envi\u00e1ndoles otra de las fichitas de Garc\u00eda Luna.<\/p>\n<p>(En la imagen que acompa\u00f1a a este escrito aparecen, en el orden acostumbrado,\u00a0<strong>Luis C\u00e1rdenas Palomino, Maribel Cervantes Guerrero, Apolinar Ledesma Uribe<\/strong>, Carlos Aysa, el CP\u00a0<strong>Manjarrez<\/strong>\u00a0y el licenciado\u00a0<strong>Jos\u00e9 Luis Ch\u00e1vez<\/strong>. Todos ellos directores generales\u00a0de la AFI con el multicitado Garc\u00eda Luna).<\/p>\n<p style=\"text-align: center;\"><strong>Indicios<\/strong><\/p>\n<p>La gansada de\u00a0<strong>Mario Delgado<\/strong>\u00a0y de su secuaz\u00a0<strong>Citlalli Hern\u00e1ndez<\/strong>\u00a0de llamar a los morenistas a balconear a quienes no hayan votado por la aprobaci\u00f3n de la <em>Ley Bartlett<\/em> es atentatoria a los derechos humanos. \u00bfQu\u00e9 pretenden los dirigentes formales de ese Movimiento que, insisto, no han podido consolidar a\u00fan en partido pol\u00edtico? Tras publicar rostros y nombres de los diputados federales de la oposici\u00f3n, \u00bfqu\u00e9 sigue? \u00bfQue los lapiden? \u00bfQue los cuelguen en el poste m\u00e1s cercano? Se extralimitan los dirigentes formales de Morena. El dirigente real habita en Palacio Nacional y ya carga sobre su espalda -que no sobre su conciencia- las muertes de miles de ni\u00f1os y adultos por falta de medicamentos, por su pol\u00edtica de \u201cabrazos y no balazos\u201d para los criminales y hasta por los desbarrancados en Chiapas al ser \u201cacarreados\u201d para ratificar su mandato. * * * Dice bien un amigo que por ahora es residente en M\u00e9rida: \u201cEstoy seguro de que si AMLO compra un circo le crecen los enanos.\u201d Y es que no s\u00f3lo le han resultado fatales los dos \u00faltimos domingos, ahora tambi\u00e9n los lunes: En el de esta semana otro juez volvi\u00f3 a frenar las obras de construcci\u00f3n del tramo 5 del imposible Tren Maya, debido a la demanda de un grupo de espele\u00f3logos conocedores del terreno que va de Canc\u00fan a Tulum. Y no s\u00f3lo eso. La aprobaci\u00f3n\u00a0<em>fast track<\/em>\u00a0de su iniciativa para reformar la Ley Minera tiene todas las caracter\u00edsticas para convertirse en materia de discusi\u00f3n en la\u00a0<em>Sumisa Corta<\/em>\u00a0de Justicia de la Naci\u00f3n. * * * Hay dos versiones en los medios sobre la situaci\u00f3n del recluso\u00a0<strong>Emilio Lozoya<\/strong>. Una, que siguen las negociaciones para liberarlo. Y dos, que la FGR va a fincar una nueva acusaci\u00f3n en contra del ex director general de Pemex. Otra especie habla ya de las inminentes renuncias a la Fiscal\u00eda del titular,\u00a0<strong>Alejandro Gertz<\/strong>, y de\u00a0<strong>Juan Ramos<\/strong>, su segundo de siempre. Ya es hora, \u00bfno cree usted? * * * Y por hoy es todo. Le agradezco que haya llegado hasta aqu\u00ed en la lectura de esta colaboraci\u00f3n period\u00edstica. Y como siempre le deseo \u00a1buenas gracias y muchos, muchos d\u00edas!<\/p>\n<p><em><u><a href=\"http:\/\/www.indicepolitico.com\" target=\"_blank\" rel=\"noopener noreferrer\">www.indicepolitico.com<\/a><\/u><u><br \/>\n<\/u><a href=\"mailto:indicepolitico@gmail.com\" target=\"_blank\" rel=\"noopener noreferrer\">indicepolitico@gmail.com<\/a><\/em><br \/>\n<em><a href=\"https:\/\/twitter.com\/indicepolitico?lang=es\" target=\"_blank\" rel=\"noopener noreferrer\">@IndicePolitico<\/a><\/em><br \/>\n<em><u><a href=\"https:\/\/twitter.com\/pacorodriguez\" target=\"_blank\" rel=\"noopener noreferrer\">@pacorodriguez<\/a><\/u><\/em><\/p>\n","protected":false},"excerpt":{"rendered":"<p><span style=\"color: #005497;\"><strong>Francisco Rodr\u00edguez<\/strong><\/span><br \/>\n<br \/>\nLleg\u00f3 a la cima y, desde el domingo por la noche, ya va directo a la sima.   (Traduzco para los chairos: \u00a1ya va pa\u2019 abajo!).<\/p>\n","protected":false},"author":3,"featured_media":0,"comment_status":"open","ping_status":"open","sticky":false,"template":"","format":"standard","meta":{"_monsterinsights_skip_tracking":false,"_monsterinsights_sitenote_active":false,"_monsterinsights_sitenote_note":"","_monsterinsights_sitenote_category":0,"footnotes":""},"categories":[549],"tags":[43689,550,43674],"class_list":["post-543603","post","type-post","status-publish","format-standard","hentry","category-francisco-rodriguez","tag-francisco-rodriguez","tag-indice-politico","tag-opinion"],"_links":{"self":[{"href":"https:\/\/www.diarioimagen.net\/index.php?rest_route=\/wp\/v2\/posts\/543603","targetHints":{"allow":["GET"]}}],"collection":[{"href":"https:\/\/www.diarioimagen.net\/index.php?rest_route=\/wp\/v2\/posts"}],"about":[{"href":"https:\/\/www.diarioimagen.net\/index.php?rest_route=\/wp\/v2\/types\/post"}],"author":[{"embeddable":true,"href":"https:\/\/www.diarioimagen.net\/index.php?rest_route=\/wp\/v2\/users\/3"}],"replies":[{"embeddable":true,"href":"https:\/\/www.diarioimagen.net\/index.php?rest_route=%2Fwp%2Fv2%2Fcomments&post=543603"}],"version-history":[{"count":0,"href":"https:\/\/www.diarioimagen.net\/index.php?rest_route=\/wp\/v2\/posts\/543603\/revisions"}],"wp:attachment":[{"href":"https:\/\/www.diarioimagen.net\/index.php?rest_route=%2Fwp%2Fv2%2Fmedia&parent=543603"}],"wp:term":[{"taxonomy":"category","embeddable":true,"href":"https:\/\/www.diarioimagen.net\/index.php?rest_route=%2Fwp%2Fv2%2Fcategories&post=543603"},{"taxonomy":"post_tag","embeddable":true,"href":"https:\/\/www.diarioimagen.net\/index.php?rest_route=%2Fwp%2Fv2%2Ftags&post=543603"}],"curies":[{"name":"wp","href":"https:\/\/api.w.org\/{rel}","templated":true}]}}