{"id":543612,"date":"2022-04-20T00:12:18","date_gmt":"2022-04-20T05:12:18","guid":{"rendered":"https:\/\/www.diarioimagen.net\/?p=543612"},"modified":"2022-04-20T03:09:55","modified_gmt":"2022-04-20T08:09:55","slug":"monreal-insiste-en-deslindarse-yo-si-escucho-y-acuerdo-con-la-oposicion","status":"publish","type":"post","link":"https:\/\/www.diarioimagen.net\/?p=543612","title":{"rendered":"Monreal insiste en deslindarse&#8230; \u201cyo s\u00ed escucho y acuerdo con la oposici\u00f3n\u201d"},"content":{"rendered":"<h2>Tras la puerta del poder<\/h2>\n<h5>Roberto Vizca\u00edno<\/h5>\n<p>&nbsp;<\/p>\n<p>En tiempos de sucesi\u00f3n adelantada, lo que hacen o dicen los precandidatos presidenciales son actos de posicionamiento electoral, avances de idearios y de programas y ello lo sabe muy bien\u00a0<strong>Ricardo Monreal,<\/strong>\u00a0no s\u00f3lo presidente de la Junta de Coordinaci\u00f3n Pol\u00edtica y l\u00edder de la mayor\u00eda de Morena en el Senado, sino el \u00fanico precandidato absolutamente abierto del partido dominante al 2024, quien ayer insisti\u00f3 en su desmarque del mandatario saliente y de sus obvios contendientes.<\/p>\n<p>Ante la pregunta de cu\u00e1les, a su juicio, fueron los errores cometidos por la dirigencia de Morena en San L\u00e1zaro para llevar la reforma el\u00e9ctrica de<strong>\u00a0Andr\u00e9s Manuel L\u00f3pez Obrador<\/strong>\u00a0a su fracaso, no s\u00f3lo estableci\u00f3 indirectamente esos errores, sino que de nuevo posicion\u00f3 su propio ideario y compromiso.<\/p>\n<p>\u201cNo, no podr\u00eda criticar, cuestionar alguno de los actos de (la dirigencia de Morena en) la C\u00e1mara de Diputados&#8230; ser\u00eda, me parece, un exceso de mi parte.<\/p>\n<p>\u201cPero\u00a0<strong>lo que s\u00ed tenemos que hacer<\/strong>,\u00a0<strong>es reconocer que la oposici\u00f3n existe<\/strong>, que\u00a0<strong>las minor\u00edas existen<\/strong>\u00a0<strong>y que tienen un peso espec\u00edfico<\/strong>\u00a0(es decir, en San L\u00e1zaro los l\u00edderes de Morena\u00a0<em>no pelaron<\/em>\u00a0a PAN, PRI, PRD y MC y sobrevino el rechazo a la reforma constitucional m\u00e1s importante de L\u00f3pez Obrador)\u201d.<\/p>\n<p>Y agreg\u00f3:<\/p>\n<p>\u201c&#8230;\u00a0la mejor forma de que el pa\u00eds prospere y que el pa\u00eds mantenga estabilidad en todos sus rubros (es decir, gobernabilidad con desarrollo), es con acuerdos y consensos\u201d.<\/p>\n<p>Y para amarrar la idea completa, la autodefinici\u00f3n -el te lo digo a ti para que me entiendan los empresarios, los electores, los intelectuales, los poderes e intereses en EU y otros pa\u00edses socios, la oposici\u00f3n, los de Morena, todos-, cmoo un seguro precandidato dem\u00f3crata:<\/p>\n<p>\u201cYo\u00a0creo eso,\u00a0no me ubico en los extremos pol\u00edticos de una u otra corriente. Y creo que\u00a0M\u00e9xico merece hacer un esfuerzo de consenso y de acuerdos con todos.<\/p>\n<p>\u201cAqu\u00ed, en la C\u00e1mara de Senadores,\u00a0hemos sacado todas las reformas constitucionales\u00a0que el Ejecutivo nos ha enviado y eso ha sido posible porque\u00a0hemos escuchado, porque hemos modificado, porque hemos aceptado propuestas de la oposici\u00f3n; que adem\u00e1s enriquecen el proyecto, no tenemos toda la raz\u00f3n.<\/p>\n<p>\u201cYo no me dir\u00eda ni me sentir\u00eda el hacedor de la verdad&#8230;<\/p>\n<p>\u201cA veces estos proyectos se\u00a0<strong>enriquecen y se mejoran con aportaciones de senadores y senadoras<\/strong>\u00a0de otros grupos parlamentarios, y\u00a0<strong>el proyecto sale m\u00e1s equilibrado y mejor para la sociedad,\u00a0<\/strong>que es a la que est\u00e1 orientada su aplicaci\u00f3n.<\/p>\n<p>\u201cEntonces,\u00a0me siento muy tranquilo y todas las reformas constitucionales que nos propongan, v\u00eda Ejecutivo, trataremos de sacarlas con acuerdos y con consensos, porque no hay otra manera, as\u00ed est\u00e1 dise\u00f1ado constitucionalmente la norma\u201d.<\/p>\n<p><strong>Monreal<\/strong>\u00a0es un claro candidato en campa\u00f1a. Una campa\u00f1a que el\u00a0<strong>propio Andr\u00e9s Manuel L\u00f3pez Obrador<\/strong>\u00a0arranc\u00f3 a mediados del a\u00f1o pasado.<\/p>\n<p><strong>Nombramiento en curso<\/strong><\/p>\n<p>Para probarse en sus dichos y hechos, record\u00f3 que de hoy al 30 de este mes, dentro de un contexto\u00a0<strong>muy polarizado<\/strong>, deber\u00e1 sacar adelante la designaci\u00f3n de 2 consejeros independientes de Pemex; otros m\u00e1s para el INAI y para los Tribunales Electorales estatales, como para los Tribunales Administrativos as\u00ed como unos m\u00e1s para \u00f3rganos aut\u00f3nomos, todos bajo el requisito de mayor\u00eda calificada.<\/p>\n<p>\u201cTenemos que actuar con mucha sensibilidad y apertura con todos los grupos parlamentarios\u201d.<\/p>\n<p style=\"text-align: center;\"><strong>Zald\u00edvar, impedido para sustituir a Gertz<\/strong><\/p>\n<p>Interrogado respecto del trascendido de que el presidente de la Corte,\u00a0<strong>Arturo Zald\u00edvar,<\/strong>\u00a0estar\u00eda en v\u00edas de sustituir al Fiscal General de la Rep\u00fablica,\u00a0<strong>Alejandro Gertz Manero<\/strong>, el zacatecano indic\u00f3 que no hay nada de eso porque\u00a0<strong>Zald\u00edvar<\/strong>\u00a0est\u00e1 constitucionalmente impedido.<\/p>\n<p>Tendr\u00eda, explic\u00f3\u00a0<strong>Monreal<\/strong>, que separarse dos a\u00f1os antes de la Corte para poder luego aspirar a otro cargo.<\/p>\n<p>\u201cEn eso no hay excepci\u00f3n&#8230; El Fiscal General de la Rep\u00fablica est\u00e1 firme, fue electo por ocho o nueve a\u00f1os y no hay motivos o elementos que presuman que habr\u00e1 cambio en la Fiscal\u00eda, s\u00f3lo voces, quiz\u00e1 de mala fe, o de personas que no les gusta el actuar del Fiscal, las que expresan este tipo de trascendidos&#8230; En el Senado no tenemos un s\u00f3lo elemento para pensar en el cambio del Fiscal. As\u00ed es que tenemos Fiscal para rato\u201d, precis\u00f3.<\/p>\n<p style=\"text-align: center;\"><strong>Aprueban estatizaci\u00f3n del litio y homenajean a Rosario Ibarra<\/strong><\/p>\n<p>Ayer, el Senado centr\u00f3 sus acciones a rendir un sentido homenaje p\u00f3stumo a\u00a0<strong>Rosario Ibarra de Piedra<\/strong>, del cual form\u00f3 parte y fue reconocida con la Medalla Belisario Dom\u00ednguez, para luego enfrascarse en un debate sobre la estatizaci\u00f3n del litio.<\/p>\n<p>Mientras la oposici\u00f3n advirti\u00f3 y hasta brome\u00f3 con el hecho de que esta reforma del presidente\u00a0<strong>Andr\u00e9s Manuel L\u00f3pez Obrador<\/strong>\u00a0era absolutamente innecesaria y tan s\u00f3lo un nuevo capricho del mandatario porque ya el Art\u00edculo 27 establece que el litio, como todo lo del subsuelo mexicano, pertenece a la Naci\u00f3n, Morena y aliados aceleraron su argumentaci\u00f3n para apoyar al mandatario.<\/p>\n<p>Luego de algunas horas de debate, por 87 votos a favor, 20 en contra y 16 abstenciones la reforma a la Ley Minera para estatizar el litio qued\u00f3 aprobada.<\/p>\n<p>Hoy,\u00a0<strong>L\u00f3pez Obrador<\/strong>\u00a0tendr\u00e1 algo de que alegrarse.<\/p>\n<p><em><a href=\"mailto:rvizcainoa@gmail.com\" target=\"_blank\" rel=\"noopener noreferrer\">vizcainoa@gmail.com<\/a><a href=\"mailto:rvizcainoa@gmail.com\" target=\"_blank\" rel=\"noopener noreferrer\"><br \/>\n<\/a><a href=\"http:\/\/endirecto.mx\" target=\"_blank\" rel=\"noopener noreferrer\">www.endirecto.mx<\/a><a href=\"mailto:rvizcainoa@gmail.com\" target=\"_blank\" rel=\"noopener noreferrer\"><br \/>\n<\/a><a href=\"https:\/\/twitter.com\/_rvizcaino\" target=\"_blank\" rel=\"noopener noreferrer\">@_RVizcaino<\/a><a href=\"mailto:rvizcainoa@gmail.com\" target=\"_blank\" rel=\"noopener noreferrer\"><br \/>\n<\/a><a href=\"https:\/\/www.facebook.com\/rvizcainoa\" target=\"_blank\" rel=\"noopener noreferrer\">facebook.com\/rvizcainoa<\/a><\/em><\/p>\n","protected":false},"excerpt":{"rendered":"<p><span style=\"color: #005497;\"><strong>Roberto Vizca\u00edno<\/strong><\/span><br \/>\n<br \/>\nEn tiempos de sucesi\u00f3n adelantada, lo que hacen o dicen los precandidatos presidenciales son actos de posicionamiento electoral, avances de idearios y de programas y ello lo sabe muy bien <strong>Ricardo Monreal,<\/strong> no s\u00f3lo presidente de la Junta de Coordinaci\u00f3n Pol\u00edtica y l\u00edder de la mayor\u00eda de Morena en el Senado, sino el \u00fanico precandidato absolutamente abierto del partido dominante al 2024, quien ayer insisti\u00f3 en su desmarque del mandatario saliente y de sus obvios contendientes.<\/p>\n","protected":false},"author":3,"featured_media":0,"comment_status":"open","ping_status":"open","sticky":false,"template":"","format":"standard","meta":{"_monsterinsights_skip_tracking":false,"_monsterinsights_sitenote_active":false,"_monsterinsights_sitenote_note":"","_monsterinsights_sitenote_category":0,"footnotes":""},"categories":[136],"tags":[],"class_list":["post-543612","post","type-post","status-publish","format-standard","hentry","category-roberto-vizcaino-opinion"],"_links":{"self":[{"href":"https:\/\/www.diarioimagen.net\/index.php?rest_route=\/wp\/v2\/posts\/543612","targetHints":{"allow":["GET"]}}],"collection":[{"href":"https:\/\/www.diarioimagen.net\/index.php?rest_route=\/wp\/v2\/posts"}],"about":[{"href":"https:\/\/www.diarioimagen.net\/index.php?rest_route=\/wp\/v2\/types\/post"}],"author":[{"embeddable":true,"href":"https:\/\/www.diarioimagen.net\/index.php?rest_route=\/wp\/v2\/users\/3"}],"replies":[{"embeddable":true,"href":"https:\/\/www.diarioimagen.net\/index.php?rest_route=%2Fwp%2Fv2%2Fcomments&post=543612"}],"version-history":[{"count":0,"href":"https:\/\/www.diarioimagen.net\/index.php?rest_route=\/wp\/v2\/posts\/543612\/revisions"}],"wp:attachment":[{"href":"https:\/\/www.diarioimagen.net\/index.php?rest_route=%2Fwp%2Fv2%2Fmedia&parent=543612"}],"wp:term":[{"taxonomy":"category","embeddable":true,"href":"https:\/\/www.diarioimagen.net\/index.php?rest_route=%2Fwp%2Fv2%2Fcategories&post=543612"},{"taxonomy":"post_tag","embeddable":true,"href":"https:\/\/www.diarioimagen.net\/index.php?rest_route=%2Fwp%2Fv2%2Ftags&post=543612"}],"curies":[{"name":"wp","href":"https:\/\/api.w.org\/{rel}","templated":true}]}}