{"id":543670,"date":"2022-04-21T00:06:56","date_gmt":"2022-04-21T05:06:56","guid":{"rendered":"https:\/\/www.diarioimagen.net\/?p=543670"},"modified":"2022-04-22T01:18:12","modified_gmt":"2022-04-22T06:18:12","slug":"vacunacion-y-uso-de-cubrebocas-dupla-para-reducir-el-contagio-y-mutacion-de-la-covid-19","status":"publish","type":"post","link":"https:\/\/www.diarioimagen.net\/?p=543670","title":{"rendered":"Vacunaci\u00f3n y uso de cubrebocas, dupla para reducir el contagio y mutaci\u00f3n de la Covid-19"},"content":{"rendered":"<p><em>\u00a0<\/em><\/p>\n<ul>\n<li><strong><em>La m\u00e9dico de la Cl\u00ednica Multidisciplinaria de Salud (CMS)de la UAEM\u00e9x, Alejandra Romeo Licea, sugiri\u00f3 mantener el uso de cubrebocas, incluso en espacios abiertos donde haya densidad de poblaci\u00f3n<\/em><\/strong><\/li>\n<\/ul>\n<p>&nbsp;<\/p>\n<div id=\"attachment_543745\" style=\"width: 470px\" class=\"wp-caption aligncenter\"><a href=\"https:\/\/www.diarioimagen.net\/?attachment_id=543745\" rel=\"attachment wp-att-543745\"><img loading=\"lazy\" decoding=\"async\" aria-describedby=\"caption-attachment-543745\" class=\"size-full wp-image-543745\" src=\"https:\/\/www.diarioimagen.net\/wp-content\/uploads\/2022\/04\/uaem-11.jpg\" alt=\"\" width=\"460\" height=\"270\" \/><\/a><p id=\"caption-attachment-543745\" class=\"wp-caption-text\">Alejandra Romeo Licea, m\u00e9dico de la Cl\u00ednica Multidisciplinaria de Salud (CMS)de la UAEM\u00e9x, exhort\u00f3 a que en los espacios cerrados la obligatoriedad de las medidas de seguridad sanitaria contra la COVID-19 se mantengan debido a que la pandemia a\u00fan no ha concluido.<\/p><\/div>\n<p>&nbsp;<\/p>\n<p><strong>Toluca, Estado de M\u00e9xico.\u2014 <\/strong>La aplicaci\u00f3n del esquema completo de vacunaci\u00f3n y el uso de cubrebocas son la dupla clave para evitar un repunte en el contagio del virus SARS-CoV-2 y sus posibles mutaciones, afirm\u00f3 la m\u00e9dico de la Cl\u00ednica Multidisciplinaria de Salud (CMS) de la Universidad Aut\u00f3noma del Estado de M\u00e9xico (UAEM\u00e9x), Alejandra Romeo Licea.<\/p>\n<p>La universitaria indic\u00f3 que aun cuando ha descendido el n\u00famero contagios y muertes producto de la COVID 19, sugiri\u00f3 que se mantengan las medidas sanitarias pertinentes tanto en espacios abiertos como cerrados, debido a que la Organizaci\u00f3n Mundial de la Salud (OMS) no ha emitido alg\u00fan comunicado o informaci\u00f3n de que la pandemia haya terminado.<\/p>\n<p>Romeo Licea record\u00f3 que la transmisi\u00f3n del virus se presenta a trav\u00e9s de gotas de saliva de una persona contagiada a otra en el momento de estornudar o toser y de no existir esta barrera que se logra con el cubrebocas existe vulnerabilidad.<\/p>\n<p>La m\u00e9dico reconoci\u00f3 que la aplicaci\u00f3n del esquema completo de vacunaci\u00f3n ha sido un factor determinante para que los contagios y muertes vayan a la baja, por lo que el uso de cubrebocas y mantener las medidas de seguridad sanitaria evitar\u00e1n que el virus mute a nuevas cepas.<\/p>\n<p>En cuanto a la determinaci\u00f3n de dejar de usar el cubrebocas en espacios abiertos, Romero Licea recomend\u00f3 mantener otras medidas como la sana distancia, el uso de gel antibacterial y evitar estar en espacios con densidad poblacional.<\/p>\n<p>\u201cNo se tiene evidencia cient\u00edfica que en espacios abiertos no existe el riesgo, tan solo se limita pero no lo erradica por completo. Recomiendo que lo usen a\u00fan en espacios abiertos. Todav\u00eda no se acaba la pandemia, no hay nada establecido de que ya se acab\u00f3. Creo que es un gran aliado y tenemos que verlo como parte de nuestra vestimenta. As\u00ed como uno se pone calcetines, uno se pone cubrebocas\u201d, expres\u00f3. Asimismo, sugiri\u00f3 que en espacios cerrados las medidas se mantengan con el uso de cubrebocas, lavado de manos, uso de gel antibacterial, procurar el distanciamiento social y, sobre todo, aplicar el esquema completo de vacunaci\u00f3n y su refuerzo en caso de ser indicado.<\/p>\n","protected":false},"excerpt":{"rendered":"<p>La aplicaci\u00f3n del esquema completo de vacunaci\u00f3n y el uso de cubrebocas son la dupla clave para evitar un repunte en el contagio del virus SARS-CoV-2 y sus posibles mutaciones, afirm\u00f3 la m\u00e9dico de la Cl\u00ednica Multidisciplinaria de Salud (CMS) de la Universidad Aut\u00f3noma del Estado de M\u00e9xico (UAEM\u00e9x), Alejandra Romeo Licea.<\/p>\n","protected":false},"author":3,"featured_media":543745,"comment_status":"open","ping_status":"open","sticky":false,"template":"","format":"standard","meta":{"_monsterinsights_skip_tracking":false,"_monsterinsights_sitenote_active":false,"_monsterinsights_sitenote_note":"","_monsterinsights_sitenote_category":0,"footnotes":""},"categories":[5],"tags":[95260,90021,90364,95261],"class_list":["post-543670","post","type-post","status-publish","format-standard","has-post-thumbnail","hentry","category-estado-de-mexico","tag-alejandra-romeo-licea","tag-covid-19","tag-cubrebocas","tag-dupla"],"_links":{"self":[{"href":"https:\/\/www.diarioimagen.net\/index.php?rest_route=\/wp\/v2\/posts\/543670","targetHints":{"allow":["GET"]}}],"collection":[{"href":"https:\/\/www.diarioimagen.net\/index.php?rest_route=\/wp\/v2\/posts"}],"about":[{"href":"https:\/\/www.diarioimagen.net\/index.php?rest_route=\/wp\/v2\/types\/post"}],"author":[{"embeddable":true,"href":"https:\/\/www.diarioimagen.net\/index.php?rest_route=\/wp\/v2\/users\/3"}],"replies":[{"embeddable":true,"href":"https:\/\/www.diarioimagen.net\/index.php?rest_route=%2Fwp%2Fv2%2Fcomments&post=543670"}],"version-history":[{"count":0,"href":"https:\/\/www.diarioimagen.net\/index.php?rest_route=\/wp\/v2\/posts\/543670\/revisions"}],"wp:featuredmedia":[{"embeddable":true,"href":"https:\/\/www.diarioimagen.net\/index.php?rest_route=\/wp\/v2\/media\/543745"}],"wp:attachment":[{"href":"https:\/\/www.diarioimagen.net\/index.php?rest_route=%2Fwp%2Fv2%2Fmedia&parent=543670"}],"wp:term":[{"taxonomy":"category","embeddable":true,"href":"https:\/\/www.diarioimagen.net\/index.php?rest_route=%2Fwp%2Fv2%2Fcategories&post=543670"},{"taxonomy":"post_tag","embeddable":true,"href":"https:\/\/www.diarioimagen.net\/index.php?rest_route=%2Fwp%2Fv2%2Ftags&post=543670"}],"curies":[{"name":"wp","href":"https:\/\/api.w.org\/{rel}","templated":true}]}}