{"id":543672,"date":"2022-04-21T00:01:00","date_gmt":"2022-04-21T05:01:00","guid":{"rendered":"https:\/\/www.diarioimagen.net\/?p=543672"},"modified":"2022-04-22T00:17:53","modified_gmt":"2022-04-22T05:17:53","slug":"llama-amlo-a-empresas-de-autoabasto-electrico-a-negociar-suspension-de-contratos","status":"publish","type":"post","link":"https:\/\/www.diarioimagen.net\/?p=543672","title":{"rendered":"Llama AMLO a empresas de autoabasto el\u00e9ctrico a negociar suspensi\u00f3n de contratos"},"content":{"rendered":"<p>&nbsp;<\/p>\n<h3 style=\"text-align: center;\">Busca evitar llegar a los tribunales<\/h3>\n<p>&nbsp;<\/p>\n<ul>\n<li><strong><em>Anuncia que la pr\u00f3xima semana, autoridades energ\u00e9ticas del pa\u00eds comenzar\u00e1n\u00a0 pl\u00e1ticas con\u00a0 firmas<\/em><\/strong><\/li>\n<\/ul>\n<p>&nbsp;<\/p>\n<div id=\"attachment_543764\" style=\"width: 470px\" class=\"wp-caption aligncenter\"><a href=\"https:\/\/www.diarioimagen.net\/?attachment_id=543764\" rel=\"attachment wp-att-543764\"><img loading=\"lazy\" decoding=\"async\" aria-describedby=\"caption-attachment-543764\" class=\"size-full wp-image-543764\" src=\"https:\/\/www.diarioimagen.net\/wp-content\/uploads\/2022\/04\/amlo-7.jpg\" alt=\"\" width=\"460\" height=\"270\" \/><\/a><p id=\"caption-attachment-543764\" class=\"wp-caption-text\">El presidente Andr\u00e9s Manuel L\u00f3pez Obrador dijo que buscar\u00e1 que mediante el di\u00e1logo se logre una salida positiva con las sociedades de autoabasto el\u00e9ctrico.<\/p><\/div>\n<p>&nbsp;<\/p>\n<p>Desde la ma\u00f1anera de este mi\u00e9rcoles, el presidente Andr\u00e9s Manuel L\u00f3pez Obrador llam\u00f3 a las empresas que tienen sociedades de autoabasto el\u00e9ctrico a acercarse al gobierno para negociar la suspensi\u00f3n de sus contratos, a ra\u00edz del fallo de constitucionalidad de la Ley de la Industria El\u00e9ctrica y con ello se eviten las demandas ante instancias internacionales.<\/p>\n<p>El titular del Ejecutivo estableci\u00f3 que la pr\u00f3xima semana, las autoridades energ\u00e9ticas del pa\u00eds comenzar\u00e1n las pl\u00e1ticas con las firmas que est\u00e1n sujetas a este esquema de generaci\u00f3n de electricidad, pero pidi\u00f3 que las charlas se den de manera seria y no se trate de extorsionar al gobierno.<\/p>\n<p>\u201cHago un llamado a estas empresas para que nos sentemos a ver c\u00f3mo vamos a resolver el problema porque yo tengo que aplicar la ley, porque si no me convierto en c\u00f3mplice, ya hay un marco legal, no es que yo presente las denuncias penales a estas empresas, que no son muchas, las m\u00e1s importantes deben ser 10, 20, la mayor\u00eda extranjeras.<\/p>\n<p>\u201cOjal\u00e1 y ya empiecen a revisar con sus abogados lo que resolvi\u00f3 la Suprema Corte para que se entienda que ya es ilegal, que es un fraude ese mecanismo de autoabasto que crearon, que es una especie de mercado clandestino, informal, ilegal\u201d, sostuvo el jefe del Ejecutivo federal.<\/p>\n<p>La semana pasada, tras el aval de la Corte a la Ley de la Industria El\u00e9ctrica, la Presidencia de la Rep\u00fablica inform\u00f3 que se someter\u00e1n a una revisi\u00f3n contratos y permisos de autoabasto el\u00e9ctrico que no se ajusten al marco jur\u00eddico del sector energ\u00e9tico planteado en la reforma de la norma y, en su caso, se proceder\u00e1 a revocarlos.<\/p>\n<p>La dependencia explic\u00f3 que se cancelar\u00e1n aquellos permisos que impliquen graves irregularidades a la ley y en ese sentido se prev\u00e9 sean revocados alrededor de 110 permisos de autoabastecimiento considerados ilegales, de un total de 234, y que tienen alrededor de 77 mil socios y clientes.<\/p>\n<p>Entre las empresas que estar\u00edan bajo la revisi\u00f3n contractual del gobierno estar\u00edan Iberdrola, Naturgy, Mitsui, Saavi y Enel, entre otras.<\/p>\n<p>Al respecto, el tabasque\u00f1o coment\u00f3 que las negociaciones con las sociedades de autoabasto sean una transici\u00f3n donde la poblaci\u00f3n no resulte afectada y conf\u00edo en que se pueda resolver positivamente esta controversia.<\/p>\n<p>\u201cVamos a buscar un proceso de transici\u00f3n, donde desee luego no se perjudique al pueblo, de proteja a la Comisi\u00f3n Federal de Electricidad y al mismo tiempo de les den opciones a quienes de manera consciente o inconsciente actuaron al margen de la ley, vamos a llevar a cabo este acuerdo\u201d, dijo.<\/p>\n<p style=\"text-align: center;\"><strong>\u201cSe orquestan ataques pol\u00edticos contra la 4T por transformaci\u00f3n\u201d<\/strong><\/p>\n<p>El presidente L\u00f3pez Obrador acus\u00f3 desde palacio Nacional que su proyecto de transformaci\u00f3n p\u00fablica est\u00e1 recibiendo ataques, incluso orquestados pol\u00edticamente, debido a que a la oposici\u00f3n no le gusta el cambio que se hace en el gobierno y por ello se lanzan con mentiras y diversas campa\u00f1as de desinformaci\u00f3n.<\/p>\n<p>\u201cLes molesta mucho la transformaci\u00f3n que se est\u00e1 llevando acabo en el pa\u00eds y se sacan de quicio, muestran el cobre, no se limitan, sino que hay una actitud en favor de la mentira, es una \u00e9poca de mentiras lo que est\u00e1 sucediendo. Se entiende, puede ser que sea nada m\u00e1s por el coraje, pero es muy probable que est\u00e9 orquestado pol\u00edticamente.<\/p>\n<p>\u201cPorque acu\u00e9rdense c\u00f3mo hay manipulaci\u00f3n en medios, lo que han significado las guerras sucias que hemos padecido, los golpes de Estado medi\u00e1ticos o c\u00f3mo van preparando, abonando el terreno para debilitar a gobiernos que no les convienen y hay toda una industria de mentiras en el mundo con el uso de redes\u201d, acus\u00f3 el mandatario federal en su conferencia.<\/p>\n<p>El jefe del Ejecutivo federal expuso que la oposici\u00f3n ha cuestionado a trav\u00e9s de todos sus medios afiliados la reforma el\u00e9ctrica y la nacionalizaci\u00f3n del litio debido a que a muchos empresarios no les conviene quedar fuera de los negocios del sector energ\u00e9tico.<\/p>\n<p>En ese sentido, el mandatario alert\u00f3 que ahora la campa\u00f1a est\u00e1 enfocada en la Suprema Corte de Justicia de la Naci\u00f3n (SCJN) por haber resuelto la constitucionalidad de la Ley de la Industria El\u00e9ctrica y que favorece el despacho de energ\u00eda a la Comisi\u00f3n Federal de Electricidad (CFE) antes que a los productores privados.<\/p>\n<p>En espec\u00edfico, fustig\u00f3 al diario Reforma por tratar de manchar la votaci\u00f3n de la semana pasada dada en el pleno y que puso en entredicho el conteo de votos que recibi\u00f3 la iniciativa por parte del ministro presidente Arturo Zald\u00edvar.<\/p>\n<p>\u201cHay lo que no es tan espont\u00e1neo cuando se trata de los intereses. Ayer, por ejemplo, me llamaba mucho la atenci\u00f3n la exageraci\u00f3n del peri\u00f3dico Reforma, hablando de que no hizo bien las cuentas el presidente de la Suprema Corte de Justicia. Fuert\u00edsimo \u00bfno? Adem\u00e1s a ocho columnas.<\/p>\n<p>\u201cBueno, porque lo cierto es que la resoluci\u00f3n de la Corte no le conviene a los patrocinadores del Reforma. Por ejemplo, no le conviene a los Oxxo, ya un d\u00eda vamos a dar a conocer aqu\u00ed lo que resolvi\u00f3 la Suprema Corte, el Poder Judicial, que es un fallo inapelable, ya en definitiva\u201d, sostuvo el tabasque\u00f1o.<\/p>\n<p style=\"text-align: center;\"><strong>Invita a Eugenio Derbez y famosos a<br \/>\nreunirse para aclarar dudas sobre Tren Maya<\/strong><\/p>\n<p>Luego de que artistas famosos publicaran un video contra la construcci\u00f3n del Tren Maya, el presidente L\u00f3pez Obrador los invito a reunirse para aclarar dudas.<\/p>\n<p>L\u00f3pez Obrador asegur\u00f3 que los invitar\u00e1 para \u201csaber cu\u00e1les son sus dudas y se las aclaro\u201d.<\/p>\n<p>\u201cA ver si aceptan que platiquemos, porque es de conocimiento, no es mala fe y no creo que sea que les hayan pagado, o sea, yo creo que se creyeron lo de la destrucci\u00f3n\u201d, declar\u00f3 L\u00f3pez Obrador.<\/p>\n<p>En el Sal\u00f3n Tesorer\u00eda, el Presidente cont\u00f3 que su hijo Jes\u00fas Ernesto los cuestion\u00f3: \u201cOye, c\u00f3mo est\u00e1n destruyendo la selva\u201d.<\/p>\n<p>\u201cA ver, a ver chamaco\u201d, cont\u00f3 L\u00f3pez Obrador que le respondi\u00f3 su hijo menor. Agreg\u00f3 que los ni\u00f1os tienen amor por la naturaleza y \u201cest\u00e1n mejor formados\u201d y se ha avanzado \u201csin duda\u201d en la conciencia ecol\u00f3gica.<\/p>\n","protected":false},"excerpt":{"rendered":"<p>Desde la ma\u00f1anera de este mi\u00e9rcoles, el presidente Andr\u00e9s Manuel L\u00f3pez Obrador llam\u00f3 a las empresas que tienen sociedades de autoabasto el\u00e9ctrico a acercarse al gobierno para negociar la suspensi\u00f3n de sus contratos, <\/p>\n","protected":false},"author":3,"featured_media":543764,"comment_status":"open","ping_status":"open","sticky":false,"template":"","format":"standard","meta":{"_monsterinsights_skip_tracking":false,"_monsterinsights_sitenote_active":false,"_monsterinsights_sitenote_note":"","_monsterinsights_sitenote_category":0,"footnotes":""},"categories":[8],"tags":[95262,95263,72363],"class_list":["post-543672","post","type-post","status-publish","format-standard","has-post-thumbnail","hentry","category-finanzas","tag-autoabasto","tag-electrico","tag-negociar"],"_links":{"self":[{"href":"https:\/\/www.diarioimagen.net\/index.php?rest_route=\/wp\/v2\/posts\/543672","targetHints":{"allow":["GET"]}}],"collection":[{"href":"https:\/\/www.diarioimagen.net\/index.php?rest_route=\/wp\/v2\/posts"}],"about":[{"href":"https:\/\/www.diarioimagen.net\/index.php?rest_route=\/wp\/v2\/types\/post"}],"author":[{"embeddable":true,"href":"https:\/\/www.diarioimagen.net\/index.php?rest_route=\/wp\/v2\/users\/3"}],"replies":[{"embeddable":true,"href":"https:\/\/www.diarioimagen.net\/index.php?rest_route=%2Fwp%2Fv2%2Fcomments&post=543672"}],"version-history":[{"count":0,"href":"https:\/\/www.diarioimagen.net\/index.php?rest_route=\/wp\/v2\/posts\/543672\/revisions"}],"wp:featuredmedia":[{"embeddable":true,"href":"https:\/\/www.diarioimagen.net\/index.php?rest_route=\/wp\/v2\/media\/543764"}],"wp:attachment":[{"href":"https:\/\/www.diarioimagen.net\/index.php?rest_route=%2Fwp%2Fv2%2Fmedia&parent=543672"}],"wp:term":[{"taxonomy":"category","embeddable":true,"href":"https:\/\/www.diarioimagen.net\/index.php?rest_route=%2Fwp%2Fv2%2Fcategories&post=543672"},{"taxonomy":"post_tag","embeddable":true,"href":"https:\/\/www.diarioimagen.net\/index.php?rest_route=%2Fwp%2Fv2%2Ftags&post=543672"}],"curies":[{"name":"wp","href":"https:\/\/api.w.org\/{rel}","templated":true}]}}