{"id":543726,"date":"2022-04-21T00:03:16","date_gmt":"2022-04-21T05:03:16","guid":{"rendered":"https:\/\/www.diarioimagen.net\/?p=543726"},"modified":"2022-04-21T04:06:41","modified_gmt":"2022-04-21T09:06:41","slug":"nacionalizar-o-estatizar","status":"publish","type":"post","link":"https:\/\/www.diarioimagen.net\/?p=543726","title":{"rendered":"\u00bfNacionalizar o estatizar?"},"content":{"rendered":"<h2>Espacio Electoral<\/h2>\n<h5>Eleazar Flores<strong>\u00a0<\/strong><\/h5>\n<p>&nbsp;<\/p>\n<p><strong>DEBE PRECISARSE-.<\/strong> Una vez m\u00e1s, el gobierno de la \u201ccuarta transtornaci\u00f3n\u201d miente no s\u00f3lo a sus feligreses que creen todo, mienten a los casi 126 millones de mexicanos cuando con la mayor irresponsabilidad utilizan impunemente verbos que s\u00f3lo confunden como nacionalizar y estatizar.<\/p>\n<p>Hay una gran diferencia entre estatizar a nacionalizar, pero desligando los verbos de la primera declinaci\u00f3n desinencial y apart\u00e1ndonos de lo gramatical, vay\u00e1monos a los t\u00e9rminos pol\u00edticos, pisos resbaladizos en los que se mueve preferentemente la actual \u00bfclase? pol\u00edtica y cuyos feligreses no tienen obligaci\u00f3n de especializarse en el idioma espa\u00f1ol, pero s\u00ed que se les aclaren las cosas.<\/p>\n<p>En el m\u00e1s amplio sentido de los verbos y aceptando que pudieran haber otras de menor importancia e impacto, en M\u00e9xico se han registrado dos nacionalizaciones que han impactado\u00a0 de inmediato los beneficios de esas medidas.<\/p>\n<p><strong>PEMEX-.<\/strong> La primera en los lejanos treinta del siglo veinte, cuando el general presidente L\u00e1zaro C\u00e1rdenas del R\u00edo -con real apoyo popular- anunci\u00f3 la nacionalizaci\u00f3n de la naciente industria petrolera, en manos de empresas extranjeras, cuyos abusos de toda \u00edndole justificaron la medida, a las que el gobierno cardenista hizo frente, not\u00e1ndose en este momento ese apoyo popular, vi\u00e9ndose hasta la donaci\u00f3n de pollos y borregos para hacer frente a la crisis provocada.<\/p>\n<p><strong>ELECTRICIDAD-.<\/strong> La segunda nacionalizaci\u00f3n, la de la energ\u00eda el\u00e9ctrica, la anunci\u00f3 el mexiquense presidente \u201ccomunista\u201d -as\u00ed lo calificaron muchos en su momento- don Adolfo L\u00f3pez Mateos, poco despu\u00e9s de iniciado su sexenio, 1958-1964, creando la Comisi\u00f3n Federal de Electricidad.<\/p>\n<p>Poco tiempo despu\u00e9s su infaltable Sindicato \u00danico de Trabajadores Electricistas de la Rep\u00fablica Mexicana, SUTERM, naciendo sus l\u00edderes hist\u00f3ricos Francisco R\u00edos y Leonardo Rodr\u00edguez Alcaine, el famoso \u201ccu\u00f1ado\u201d, cuando \u00e9ste ya presid\u00eda la Confederaci\u00f3n de Trabajadores de M\u00e9xico, CTM, que s\u00f3lo con su muerte dej\u00f3 otro mexiquense, Fidel Vel\u00e1zquez S\u00e1nchez, lechero de Villa Nicol\u00e1s Romero.<\/p>\n<p>El litio, recurso subterr\u00e1neo de origen es de todos los mexicanos, lo que hizo la \u201ccuarta transtornaci\u00f3n\u201d fue estatizarlo, o sea que ning\u00fan particular podr\u00e1 explotarlo, \u00fanicamente el \u201ceficiente\u201d estado mexicano, por lo que cuando menos pasar\u00e1 una d\u00e9cada para ver los primeros resultados de la estatizaci\u00f3n.<\/p>\n<p><strong>A TIRAR DINERO-.<\/strong> Campeones del divisionismo como lo ha adoctrinado su jefe, dirigentes y miembros del Movimiento Regeneraci\u00f3n Nacional, Morena, empiezan a placear en lugares p\u00fablico m\u00e1s concurridos, fotograf\u00edas, nombres y cargos de los diputados federales \u201ctraidores\u201d, todo por haber votado contra la iniciativa de la reforma el\u00e9ctrica, provocando as\u00ed un inevitable cortocircuito.<\/p>\n<p>Acostumbrados a no rendir cuentas de nada ni como gobierno ni como partido, los gastos de esas vinilonas o cartulinas contra los \u201ctraidores\u201d, van con costo a Morena, o sea, dinero de quienes pagamos impuestos.<\/p>\n<p><em><a href=\"mailto:elefa44@gmail.com\" target=\"_blank\" rel=\"noopener noreferrer\">elefa44@gmail.com<\/a><\/em><\/p>\n","protected":false},"excerpt":{"rendered":"<p><span style=\"color: #005497;\"><strong>Eleazar Flores<\/strong><\/span><\/p>\n","protected":false},"author":3,"featured_media":0,"comment_status":"open","ping_status":"open","sticky":false,"template":"","format":"standard","meta":{"_monsterinsights_skip_tracking":false,"_monsterinsights_sitenote_active":false,"_monsterinsights_sitenote_note":"","_monsterinsights_sitenote_category":0,"footnotes":""},"categories":[81743],"tags":[81744,81776,43674],"class_list":["post-543726","post","type-post","status-publish","format-standard","hentry","category-eleazar-flores","tag-eleazar-flores","tag-espacio-electoral","tag-opinion"],"_links":{"self":[{"href":"https:\/\/www.diarioimagen.net\/index.php?rest_route=\/wp\/v2\/posts\/543726","targetHints":{"allow":["GET"]}}],"collection":[{"href":"https:\/\/www.diarioimagen.net\/index.php?rest_route=\/wp\/v2\/posts"}],"about":[{"href":"https:\/\/www.diarioimagen.net\/index.php?rest_route=\/wp\/v2\/types\/post"}],"author":[{"embeddable":true,"href":"https:\/\/www.diarioimagen.net\/index.php?rest_route=\/wp\/v2\/users\/3"}],"replies":[{"embeddable":true,"href":"https:\/\/www.diarioimagen.net\/index.php?rest_route=%2Fwp%2Fv2%2Fcomments&post=543726"}],"version-history":[{"count":0,"href":"https:\/\/www.diarioimagen.net\/index.php?rest_route=\/wp\/v2\/posts\/543726\/revisions"}],"wp:attachment":[{"href":"https:\/\/www.diarioimagen.net\/index.php?rest_route=%2Fwp%2Fv2%2Fmedia&parent=543726"}],"wp:term":[{"taxonomy":"category","embeddable":true,"href":"https:\/\/www.diarioimagen.net\/index.php?rest_route=%2Fwp%2Fv2%2Fcategories&post=543726"},{"taxonomy":"post_tag","embeddable":true,"href":"https:\/\/www.diarioimagen.net\/index.php?rest_route=%2Fwp%2Fv2%2Ftags&post=543726"}],"curies":[{"name":"wp","href":"https:\/\/api.w.org\/{rel}","templated":true}]}}