{"id":543740,"date":"2022-04-21T00:09:27","date_gmt":"2022-04-21T05:09:27","guid":{"rendered":"https:\/\/www.diarioimagen.net\/?p=543740"},"modified":"2022-04-21T04:15:27","modified_gmt":"2022-04-21T09:15:27","slug":"cuatro-golpes-al-ego-politico-y-electoral-de-la-4t","status":"publish","type":"post","link":"https:\/\/www.diarioimagen.net\/?p=543740","title":{"rendered":"Cuatro golpes al ego pol\u00edtico y electoral de la 4T"},"content":{"rendered":"<h2>Poder y dinero<\/h2>\n<h5>V\u00edctor S\u00e1nchez Ba\u00f1os<\/h5>\n<p>&nbsp;<\/p>\n<ul>\n<li><strong><em>SCJN: anticonstitucional a reforma energ\u00e9tica<\/em><\/strong><\/li>\n<li><strong><em>Suspenden obras del Tren Maya<\/em><\/strong><\/li>\n<li><strong><em>Congreso rechaza iniciativa el\u00e9ctrica<\/em><\/strong><\/li>\n<li><strong><em>Un fiasco la consulta de revocaci\u00f3n <\/em><em>de mandato<\/em><\/strong><\/li>\n<li><strong><em>Negro panorama electoral para 2023<\/em><\/strong><\/li>\n<li><strong><em>No salen las <\/em><em>cuentas a la Corte<\/em><\/strong><\/li>\n<li><strong><em>Cuauht\u00e9moc Banco, rumbo al pat\u00edbulo<\/em><\/strong><\/li>\n<\/ul>\n<p><em>\u00a0<\/em><\/p>\n<p style=\"text-align: right;\"><em>El odio del contrario es el amor del semejante: el amor de esto es el<br \/>\nodio de aquello. As\u00ed, pues, en sustancia, es una cosa misma odio y amor<br \/>\n<\/em><strong>Giordano Bruno<\/strong> (1548-1600), fil\u00f3sofo, astr\u00f3nomo y matem\u00e1tico italiano<\/p>\n<p>&nbsp;<\/p>\n<p>Un asunto ins\u00f3lito, pero grave, fue el conteo de los votos en la Suprema Corte de Justicia, donde se discuti\u00f3 la constitucionalidad de la reforma energ\u00e9tica impulsada por el presidente Andr\u00e9s Manuel L\u00f3pez Obrador.<\/p>\n<p>El presidente de la Corte, Arturo Zald\u00edvar, cont\u00f3 7 votos en contra de la constitucionalidad de esa reforma gobiernista y 4 en favor. Sin embargo, los datos hablan de errores en el conteo.<\/p>\n<p>En contra votaron los ministros Alberto P\u00e9rez Day\u00e1n, Javier Laynes, Margarita R\u00edos-Farjat, Norma Pi\u00f1a, Jorge Pardo, Luis Mar\u00eda Aguilar, Juan Luis Gonz\u00e1lez Alc\u00e1ntara y Alfredo Guti\u00e9rrez. En total ocho.<\/p>\n<p>En favor de la propuesta presidencial fueron el presidente Zald\u00edvar, as\u00ed como Loretta Ortiz, esposa de Jos\u00e9 Ortiz Pinchetti, funcionario de la 4T y hombre cercano a L\u00f3pez Obrador, as\u00ed como Jasm\u00edn Esquivel, esposa del constructor preferido de los tiempos de que AMLO fue jefe de Gobierno en el DF, Jos\u00e9 Mar\u00eda Rioboo. En total 3.<\/p>\n<p>Esto cambiar\u00eda el dictamen final de la reforma energ\u00e9tica de L\u00f3pez Obrador, con lo que se convertir\u00eda en anticonstitucional, y todo juez tendr\u00eda la obligaci\u00f3n de otorgar amparo de la justicia federal a los que la soliciten en torno a este tema.<\/p>\n<p>Se acabar\u00edan los abusos que pueda cometer tanto Manuel Bartlett, como director de CFE, como cualquier funcionario, que en materia de energ\u00eda pretenda acabar con los contratos sin indemnizaci\u00f3n.<\/p>\n<p>Al mismo tiempo, los juzgadores federales, los ministros pues, en el debate exhibieron todas las fallas de las leyes en materia de energ\u00eda, en donde no se respetan varias garant\u00edas constitucionales como el derecho a un juicio justo. Nadie puede ser privado de sus posesiones o su libertad, as\u00ed como de sus garant\u00edas constitucionales, sin un juicio ante tribunales leg\u00edtimamente establecidos.<\/p>\n<p style=\"text-align: center;\"><strong>4 GOLPES A AMLO 4<\/strong><\/p>\n<p>Con este caso, que no fue revisado en la sesi\u00f3n del martes por la Corte y no fue tocado por los ministros para evitar hacer olas pol\u00edticas o generar malestar del Presidente L\u00f3pez Obrador.<\/p>\n<p>Esto, a pesar que las evidencias del conteo de los votos fue err\u00f3neo.<\/p>\n<p>Pero, este es uno de los cuatro golpes pol\u00edtico y judiciales que sufri\u00f3 el Presidente de la Rep\u00fablica en las \u00faltimas fechas.<\/p>\n<p>El m\u00e1s fuerte fue la consulta para Revocaci\u00f3n de Mandato que no tuvo m\u00e1s del 18% del padr\u00f3n electoral que acudi\u00f3 al llamado de L\u00f3pez Obrador, a participar en su \u201cratificaci\u00f3n\u201d. Esto es considerado una derrota, ya que el 90% de los asistentes fueron llevados a las urnas. ante amenazas de quitarles los programas sociales para los m\u00e1s pobres.<\/p>\n<p>Esta sentencia no fue suficiente. Miles de bur\u00f3cratas fueron acarreados en camiones y otros veh\u00edculos. Muchos m\u00e1s, les obligaron a mostrar sus pulgares marcados con tinta indeleble para dejarlos trabajar,; en especial los empleados suplentes o sin planta.<\/p>\n<p>A pesar de ello, el n\u00famero de los asistentes fue m\u00ednimo y le resto credibilidad al 90% que gan\u00f3 la encuesta en favor de que AMLO se quede hasta terminar su sexenio. Pero, al final de cuentas, ese 90%, incluso los opositores, dejaron pasar esa revocaci\u00f3n y lo dejaron con una d\u00e9cima parte del espejito de Blancanieves.<\/p>\n<p style=\"text-align: center;\"><strong>OTRO TEMA<\/strong><\/p>\n<p>La votaci\u00f3n en la C\u00e1mara de Diputados que derrumb\u00f3 su reforma el\u00e9ctrica definitivamente, al no lograr la mayor\u00eda calificada y se qued\u00f3 s\u00f3lo el partido en el poder, Morena, con sus dos sat\u00e9lites: PVEM y PT.<\/p>\n<p style=\"text-align: center;\"><strong>EL 4\u00ba TEMA<\/strong><\/p>\n<p>Jueces suspendieron las obras del Tren Maya, debido a que provocan severos da\u00f1os a la econom\u00eda en Quintana Roo, tanto a cenotes, como a la flora y fauna de la regi\u00f3n. Hechos totalmente comprobados, en el llamado tramo 5 sur. Pero, nunca tiene la culpa el se\u00f1or Presidente. El culpable es el gobierno de Estados Unidos.<\/p>\n<p>Va en franca ca\u00edda el gobierno del patriarca morenista. Bueno, ese cuento es del siglo pasado y, aunque el gobierno de Joe Biden est\u00e9 atr\u00e1s, es una causa justa por el bien de la ecolog\u00eda del pa\u00eds.<\/p>\n<p style=\"text-align: center;\"><strong>PODEROSOS CABALLEROS<\/strong><\/p>\n<p><strong>CUAUHT\u00c9MOC, \u00c1GUILA QUE CAE, EN MORELOS:<\/strong> Por fin se le hizo a la Fiscal\u00eda General del Estado de Morelos llevar a juicio pol\u00edtico en el Congreso local, al gobernador morelense, Cuauht\u00e9moc Blanco. A trav\u00e9s de la Fiscal\u00eda Especializada en Combate a la Corrupci\u00f3n de Morelos present\u00f3 tres solicitudes de formaci\u00f3n de causa de procedencia en contra Cuauht\u00e9moc. Lo acusan desde 2014; es presunto responsable de los delitos de enriquecimiento il\u00edcito, fraude procesal y falsedad de declaraci\u00f3n ante la autoridad. Analizan legisladores el procedimiento.<\/p>\n<p>&nbsp;<\/p>\n<blockquote>\n<p style=\"text-align: right;\"><strong>Esc\u00fachame de lunes a viernes, de 21 a 22 horas,<br \/>\nen \u201cV\u00edctor S\u00e1nchez Ba\u00f1os en MVS\u201d<\/strong><\/p>\n<\/blockquote>\n<p>&nbsp;<\/p>\n<p><a href=\"https:\/\/mvsnoticias.com\/\" target=\"_blank\" rel=\"noopener noreferrer\"><em>MVSnoticias.com<\/em><\/a><br \/>\n<a href=\"http:\/\/poderydinero.mx\" target=\"_blank\" rel=\"noopener noreferrer\"><em>poderydinero.mx<\/em><\/a><em><b><br \/>\n<\/b><a href=\"mailto:vsb@poderydinero.mx\" target=\"_blank\" rel=\"noopener noreferrer\">vsb@poderydinero.mx<\/a><a href=\"mailto:vsanchezb@gmail.com\" target=\"_blank\" rel=\"noopener noreferrer\"><br \/>\n<\/a><strong>Twitter:<\/strong><a href=\"https:\/\/twitter.com\/vsanchezbanos\" target=\"_blank\" rel=\"noopener noreferrer\">@vsanchezbanos<br \/>\n<\/a><strong>Facebook: <\/strong><a href=\"https:\/\/www.facebook.com\/vsanchezbanos?fref=ts\" target=\"_blank\" rel=\"noopener noreferrer\">vsanchezbanos<\/a><\/em><\/p>\n","protected":false},"excerpt":{"rendered":"<p><span style=\"color: #005497;\"><strong>V\u00edctor S\u00e1nchez Ba\u00f1os<\/strong><\/span><\/p>\n","protected":false},"author":3,"featured_media":0,"comment_status":"open","ping_status":"open","sticky":false,"template":"","format":"standard","meta":{"_monsterinsights_skip_tracking":false,"_monsterinsights_sitenote_active":false,"_monsterinsights_sitenote_note":"","_monsterinsights_sitenote_category":0,"footnotes":""},"categories":[38844],"tags":[43674,38847,38848],"class_list":["post-543740","post","type-post","status-publish","format-standard","hentry","category-victor-sanchez-banos","tag-opinion","tag-poder-y-dinero","tag-victor-sanchez-banos"],"_links":{"self":[{"href":"https:\/\/www.diarioimagen.net\/index.php?rest_route=\/wp\/v2\/posts\/543740","targetHints":{"allow":["GET"]}}],"collection":[{"href":"https:\/\/www.diarioimagen.net\/index.php?rest_route=\/wp\/v2\/posts"}],"about":[{"href":"https:\/\/www.diarioimagen.net\/index.php?rest_route=\/wp\/v2\/types\/post"}],"author":[{"embeddable":true,"href":"https:\/\/www.diarioimagen.net\/index.php?rest_route=\/wp\/v2\/users\/3"}],"replies":[{"embeddable":true,"href":"https:\/\/www.diarioimagen.net\/index.php?rest_route=%2Fwp%2Fv2%2Fcomments&post=543740"}],"version-history":[{"count":0,"href":"https:\/\/www.diarioimagen.net\/index.php?rest_route=\/wp\/v2\/posts\/543740\/revisions"}],"wp:attachment":[{"href":"https:\/\/www.diarioimagen.net\/index.php?rest_route=%2Fwp%2Fv2%2Fmedia&parent=543740"}],"wp:term":[{"taxonomy":"category","embeddable":true,"href":"https:\/\/www.diarioimagen.net\/index.php?rest_route=%2Fwp%2Fv2%2Fcategories&post=543740"},{"taxonomy":"post_tag","embeddable":true,"href":"https:\/\/www.diarioimagen.net\/index.php?rest_route=%2Fwp%2Fv2%2Ftags&post=543740"}],"curies":[{"name":"wp","href":"https:\/\/api.w.org\/{rel}","templated":true}]}}