{"id":543833,"date":"2022-04-22T00:05:19","date_gmt":"2022-04-22T05:05:19","guid":{"rendered":"https:\/\/www.diarioimagen.net\/?p=543833"},"modified":"2022-04-24T21:53:13","modified_gmt":"2022-04-25T02:53:13","slug":"vicente-saquicoray-director-de-la-orquesta-de-camara-de-la-uaemex-el-amor-por-la-musica-llevado-a-la-excelencia","status":"publish","type":"post","link":"https:\/\/www.diarioimagen.net\/?p=543833","title":{"rendered":"Vicente Saquicoray, director de la Orquesta de C\u00e1mara de la UAEM\u00e9x, el amor por la m\u00fasica llevado a la excelencia"},"content":{"rendered":"<p><em>\u00a0<\/em><\/p>\n<ul>\n<li><em><strong>Desde que tengo conciencia, hacia la m\u00fasica siento un amor que nunca ha mermado, afirm\u00f3 el director de una de las agrupaciones art\u00edsticas m\u00e1s longevas de la Aut\u00f3noma mexiquense<\/strong> <\/em><\/li>\n<\/ul>\n<p>&nbsp;<\/p>\n<div id=\"attachment_543923\" style=\"width: 470px\" class=\"wp-caption aligncenter\"><a href=\"https:\/\/www.diarioimagen.net\/?attachment_id=543923\" rel=\"attachment wp-att-543923\"><img loading=\"lazy\" decoding=\"async\" aria-describedby=\"caption-attachment-543923\" class=\"size-full wp-image-543923\" src=\"https:\/\/www.diarioimagen.net\/wp-content\/uploads\/2022\/04\/uaem-12.jpg\" alt=\"\" width=\"460\" height=\"270\" \/><\/a><p id=\"caption-attachment-543923\" class=\"wp-caption-text\">La relaci\u00f3n de Vicente Saquicoray \u00c1vila con la Universidad Aut\u00f3noma del Estado de M\u00e9xico surgi\u00f3 los primeros a\u00f1os de la d\u00e9cada de los 80 del siglo pasado, cuando particip\u00f3 haciendo la m\u00fasica para algunas obras de teatro y con un quinteto con algunas intervenciones musicales.<\/p><\/div>\n<p>&nbsp;<\/p>\n<p><strong>Toluca, Estado de M\u00e9xico.\u2014<\/strong> \u201cDesde que tengo conciencia mi vida ha funcionado en torno a la m\u00fasica. Mi padre era m\u00fasico folkl\u00f3rico y a los 15 o 16 a\u00f1os me di cuenta que ya no hab\u00eda m\u00e1s opci\u00f3n para m\u00ed. No hab\u00eda posibilidad de sentir emoci\u00f3n m\u00e1s que con la m\u00fasica, hacia la cual siento un amor que nunca ha mermado\u201d.<\/p>\n<p>Con estas palabras, Vicente Saquicoray \u00c1vila, director de la Orquesta de C\u00e1mara de la Universidad Aut\u00f3noma del Estado de M\u00e9xico (UAEM\u00e9x), habla de una vida dedicada a la m\u00fasica, de una pasi\u00f3n que naci\u00f3 en su natal Per\u00fa.<\/p>\n<p>\u201cDe los 5 a los 12 a\u00f1os yo hac\u00eda lo mismo que mi padre. Ten\u00eda mi grupito que se llamaba Ladr\u00f3n de Corazones, con charango, una quena, una guitarra e \u00edbamos de fiesta en fiesta, a tocar para un santo o una virgen, y nos daban comida y bebida\u201d.<\/p>\n<p>Entonces conoci\u00f3 a Oscar Badillo, m\u00fasico que hizo casi toda su carrera hasta el final de su vida en Alemania, quien lo escuch\u00f3 tocar y le advirti\u00f3 que ten\u00eda elementos para ser m\u00fasico profesional.<\/p>\n<p>\u201cMe dio una peque\u00f1a beca para estudiar en la casa de cultura de la provincia de mi pueblo, que es Huancayo, donde tuve oportunidad de escuchar a mis maestros tocar el piano y viol\u00edn, por ejemplo, con sonidos m\u00e1s agradables, m\u00e1s cuidados, m\u00e1s afinados\u201d.<\/p>\n<p>Esta experiencia fue determinante en la vida de Vicente, quien decidi\u00f3 dedicarse a la m\u00fasica cl\u00e1sica, estudiar viola y tomar la oportunidad que se le brind\u00f3 de ingresar a la Orquesta Sinf\u00f3nica de Trujillo, una de las ciudades m\u00e1s culturales de Per\u00fa y la segunda en importancia de aquel pa\u00eds.<\/p>\n<p>\u201cEn Trujillo encontr\u00e9 un movimiento m\u00e1s organizado dentro de la m\u00fasica acad\u00e9mica y cambi\u00e9 la viola por el viol\u00edn, aunque tuve que regresar a aquella cuando nos visit\u00f3 el director de la Orquesta Sinf\u00f3nica Nacional del Per\u00fa, Leopoldo de la Rosa Urbani, y ante la falta de ejecutantes de este instrumento y luego de escucharme tocar, me ofreci\u00f3 un puesto en esta agrupaci\u00f3n con sede en Lima\u201d.<\/p>\n<p>En la Orquesta Sinf\u00f3nica Nacional del Per\u00fa Saquicoray \u00c1vila conoci\u00f3 a un m\u00fasico de apellido Santillana que estaba de visita, tocaba el fagot y quien le hizo la invitaci\u00f3n para venir a M\u00e9xico, a la Orquesta Sinf\u00f3nica de la Universidad Aut\u00f3noma de Guadalajara.<\/p>\n<p>\u201cVenir a M\u00e9xico era mi sue\u00f1o desde muy ni\u00f1o. M\u00e9xico representa para los sudamericanos un lugar a d\u00f3nde ir, por su cultura, su historia y su idiosincrasia. M\u00e9xico era algo que quer\u00eda hacer, pero no hab\u00eda forma porque mi econom\u00eda no alcanzaba para eso. Sorprendentemente, a los seis meses de aquella invitaci\u00f3n lleg\u00f3 mi contrato y mi pasaje, as\u00ed que me vine, dejando en Per\u00fa a mi esposa con mi primer hijo\u201d.<\/p>\n<p>Vicente Saquicoray estuvo un a\u00f1o en la Orquesta Sinf\u00f3nica de la Universidad Aut\u00f3noma de Guadalajara y una vez concluido su contrato, regres\u00f3 a Per\u00fa, donde lo invadi\u00f3 la a\u00f1oranza, al grado que tuvo que acudir al psic\u00f3logo y al final, tomar la determinaci\u00f3n de regresar a M\u00e9xico a como diera lugar.<\/p>\n<p>\u201cYa hab\u00eda apreciado todo el movimiento musical que ocurr\u00eda en M\u00e9xico y eso era algo que no pod\u00eda tener en Per\u00fa, as\u00ed que habl\u00e9 con Luis Xim\u00e9nez Caballero, un gran violinista, compositor y director de la Orquesta Sinf\u00f3nica de la Universidad Aut\u00f3noma de Guadalajara, quien me volvi\u00f3 a contratar y tuvo la deferencia de arreglar todo para que pudiera viajar con mi hijo y mi esposa, quien ya estaba embarazada de mi hija\u201d.<\/p>\n<p>Vicente viv\u00eda su sue\u00f1o. Xim\u00e9nez Caballero exig\u00eda a sus m\u00fasicos trabajar y estudiar, seguirse preparando; sin embargo, la paga no era suficiente, as\u00ed que \u201chab\u00eda que trabajar en huesitos para subsistir\u201d.<\/p>\n<p>Entonces, surgi\u00f3 la oportunidad de formar parte de la Orquesta Sinf\u00f3nica de Xalapa de la Universidad Veracruzana, bajo la direcci\u00f3n de Fernando \u00c1vila Navarro, donde ganaba un poco m\u00e1s y lo escuch\u00f3 tocar Enrique B\u00e1tiz Campbell, quien lo invit\u00f3 a la Orquesta Sinf\u00f3nica del Estado de M\u00e9xico, \u201cque naci\u00f3 rica, grande y poderosa\u201d.<\/p>\n<p>En Toluca empez\u00f3 una etapa diferente en muchos sentidos, de mayor exigencia musical, ya que la agrupaci\u00f3n ten\u00eda muchas presentaciones y ten\u00eda como invitados a solistas y directores de todo el mundo, as\u00ed que no hab\u00eda forma de no engancharse con el progreso.<\/p>\n<p>\u201cEn una primera etapa estuve en la Sinf\u00f3nica mexiquense hasta el 83, cuando B\u00e1tiz se fue a la Orquesta Filarm\u00f3nica de la Ciudad de M\u00e9xico y yo como parte de su equipo musical. Con \u00e9l regres\u00e9 en el 90 y estuve hasta 1992. Entonces me fui a la Orquesta Filarm\u00f3nica de la UNAM, donde estuve durante 12 a\u00f1os, hasta que la compatibilidad de mis horarios como Profesor de Tiempo Completo de la Escuela de Bellas Artes de Toluca me impidi\u00f3 continuar\u201d.<\/p>\n<p>La relaci\u00f3n de Vicente Saquicoray \u00c1vila con la Universidad Aut\u00f3noma del Estado de M\u00e9xico surgi\u00f3 los primeros a\u00f1os de la d\u00e9cada de los 80 del siglo pasado, cuando particip\u00f3 haciendo la m\u00fasica para algunas obras de teatro y con un quinteto con algunas intervenciones musicales.<\/p>\n<p>Sin embargo, el 28 de julio de 1983, al organizar un concierto conmemorativo a la independencia de Per\u00fa, al que asisti\u00f3 el embajador de la naci\u00f3n sudamericana y que presidi\u00f3 el entonces rector Agust\u00edn Gasca Pliego, marc\u00f3 el inicio de la historia de la Orquesta de C\u00e1mara de la Universidad Aut\u00f3noma del Estado de M\u00e9xico.<\/p>\n<p>\u201cTocamos m\u00fasica peruana y mexicana. Las autoridades universitarias me pidieron que el grupo se quedara en la instituci\u00f3n, as\u00ed que a partir de aquel octeto se conform\u00f3 la Orquesta de C\u00e1mara de la UAEM\u00e9x\u201d.<\/p>\n<p>Esta agrupaci\u00f3n musical tiene una trayectoria destacada en la M\u00e1xima Casa de Estudios mexiquense. Adem\u00e1s de su participaci\u00f3n en escenarios de importancia estatal y nacional, ofrece conciertos did\u00e1cticos en los planteles de la Escuela Preparatoria, facultades, centros universitarios y unidades acad\u00e9micas profesionales de la instituci\u00f3n en todo el Estado de M\u00e9xico, con solistas y directores invitados como Enrique Barrios, F\u00e9lix Carrasco y el mismo Enrique B\u00e1tiz.<\/p>\n<p>Con la Orquesta de C\u00e1mara de la UAEM\u00e9x tambi\u00e9n naci\u00f3 una nueva inquietud en Vicente Saquicoray: la direcci\u00f3n.<\/p>\n<p>\u201cGary Petrenko, director de la Orquesta de C\u00e1mara de Mosc\u00fa durante muchos a\u00f1os, me inici\u00f3 en este camino y empec\u00e9 a entender de una manera diferente el disfrute del arte de la m\u00fasica, que es mucho m\u00e1s completo desde la direcci\u00f3n que desde la ejecuci\u00f3n\u201d.<\/p>\n<p>La preparaci\u00f3n de Saquicoray \u00c1vila continu\u00f3 con los maestros Virgilio Valle y el propio Enrique B\u00e1tiz. Adem\u00e1s, se inscribi\u00f3 a los grupos juveniles del Consejo Nacional para la Cultura y las Artes y de la OFUNAM lo becaron para realizar estudios en Canad\u00e1.<\/p>\n<p>A sus 75 a\u00f1os de edad, Vicente Saquicoray \u00c1vila, director de la Orquesta de C\u00e1mara de la Universidad Aut\u00f3noma del Estado de M\u00e9xico, una de las agrupaciones art\u00edsticas m\u00e1s longevas de la instituci\u00f3n, considera que la direcci\u00f3n implica estudio constante.<\/p>\n<p>\u201cUn director de orquesta armoniza a los m\u00fasicos y les crea una idea de la obra musical, que, por supuesto, tiene que estudiar a profundidad. Hay que estudiarla a nivel t\u00e9cnico, de composici\u00f3n y emocional, investigar la vida de los compositores y llegar al escenario con una propuesta personal, original. El desgaste de un director es mucho mayor y por eso a veces terminan con grandes crisis de depresi\u00f3n\u201d.<\/p>\n","protected":false},"excerpt":{"rendered":"<p>\u201cDesde que tengo conciencia mi vida ha funcionado en torno a la m\u00fasica. Mi padre era m\u00fasico folkl\u00f3rico y a los 15 o 16 a\u00f1os me di cuenta que ya no hab\u00eda m\u00e1s opci\u00f3n para m\u00ed. No hab\u00eda posibilidad de sentir emoci\u00f3n m\u00e1s que con la m\u00fasica, hacia la cual siento un amor que nunca ha mermado\u201d.\u00a0<\/p>\n","protected":false},"author":3,"featured_media":543923,"comment_status":"open","ping_status":"open","sticky":false,"template":"","format":"standard","meta":{"_monsterinsights_skip_tracking":false,"_monsterinsights_sitenote_active":false,"_monsterinsights_sitenote_note":"","_monsterinsights_sitenote_category":0,"footnotes":""},"categories":[5],"tags":[43675,42192,95274,452,67878],"class_list":["post-543833","post","type-post","status-publish","format-standard","has-post-thumbnail","hentry","category-estado-de-mexico","tag-estado-de-mexico","tag-excelencia","tag-orquesta-de-camara","tag-toluca","tag-uaemex"],"_links":{"self":[{"href":"https:\/\/www.diarioimagen.net\/index.php?rest_route=\/wp\/v2\/posts\/543833","targetHints":{"allow":["GET"]}}],"collection":[{"href":"https:\/\/www.diarioimagen.net\/index.php?rest_route=\/wp\/v2\/posts"}],"about":[{"href":"https:\/\/www.diarioimagen.net\/index.php?rest_route=\/wp\/v2\/types\/post"}],"author":[{"embeddable":true,"href":"https:\/\/www.diarioimagen.net\/index.php?rest_route=\/wp\/v2\/users\/3"}],"replies":[{"embeddable":true,"href":"https:\/\/www.diarioimagen.net\/index.php?rest_route=%2Fwp%2Fv2%2Fcomments&post=543833"}],"version-history":[{"count":0,"href":"https:\/\/www.diarioimagen.net\/index.php?rest_route=\/wp\/v2\/posts\/543833\/revisions"}],"wp:featuredmedia":[{"embeddable":true,"href":"https:\/\/www.diarioimagen.net\/index.php?rest_route=\/wp\/v2\/media\/543923"}],"wp:attachment":[{"href":"https:\/\/www.diarioimagen.net\/index.php?rest_route=%2Fwp%2Fv2%2Fmedia&parent=543833"}],"wp:term":[{"taxonomy":"category","embeddable":true,"href":"https:\/\/www.diarioimagen.net\/index.php?rest_route=%2Fwp%2Fv2%2Fcategories&post=543833"},{"taxonomy":"post_tag","embeddable":true,"href":"https:\/\/www.diarioimagen.net\/index.php?rest_route=%2Fwp%2Fv2%2Ftags&post=543833"}],"curies":[{"name":"wp","href":"https:\/\/api.w.org\/{rel}","templated":true}]}}