{"id":543838,"date":"2022-04-22T00:01:31","date_gmt":"2022-04-22T05:01:31","guid":{"rendered":"https:\/\/www.diarioimagen.net\/?p=543838"},"modified":"2022-04-22T07:11:29","modified_gmt":"2022-04-22T12:11:29","slug":"enrique-vargas-del-villar-el-panista-mejor-calificado-para-contender-por-la-gubernatura-del-edomex-en-2023","status":"publish","type":"post","link":"https:\/\/www.diarioimagen.net\/?p=543838","title":{"rendered":"Enrique Vargas del Villar, el panista mejor calificado para contender por la gubernatura del Edomex en 2023"},"content":{"rendered":"<p>&nbsp;<\/p>\n<ul>\n<li><strong><em>Destacan militantes trayectoria<\/em><\/strong><\/li>\n<\/ul>\n<p>&nbsp;<\/p>\n<h6>Arturo Baena<\/h6>\n<p>&nbsp;<\/p>\n<div id=\"attachment_543971\" style=\"width: 470px\" class=\"wp-caption aligncenter\"><a href=\"https:\/\/www.diarioimagen.net\/?attachment_id=543971\" rel=\"attachment wp-att-543971\"><img loading=\"lazy\" decoding=\"async\" aria-describedby=\"caption-attachment-543971\" class=\"size-full wp-image-543971\" src=\"https:\/\/www.diarioimagen.net\/wp-content\/uploads\/2022\/04\/vargas.jpg\" alt=\"\" width=\"460\" height=\"270\" \/><\/a><p id=\"caption-attachment-543971\" class=\"wp-caption-text\">El diputado Enrique Vargas del Villar es uno de los liderazgos m\u00e1s importantes del PAN para contender por la gubernatura del Edomex.<\/p><\/div>\n<p>&nbsp;<\/p>\n<p><strong>Valle de Mexico.\u2014<\/strong> Sin duda alguna, el diputado Enrique Vargas del Villar es uno de los liderazgos m\u00e1s importantes del Partido Acci\u00f3n Nacional (PAN) no s\u00f3lo a nivel Estado de Mexico, sino a nivel nacional y vamos y estamos con \u00e9l.<\/p>\n<p>As\u00ed lo aseguraron militantes y simpatizantes de ese instituto pol\u00edtico de Naucalpan, Tlalnepantla, Atizap\u00e1n y de Huixquilucan, luego de asegurar que Acci\u00f3n Nacional es un partido que da resultados.<\/p>\n<p>A traves de los representantes populares Teresa Gsrfu\u00f1o y Agustin Belgodere, afirmaron que \u201cpor los resultados dados como presidente municipal de Huixquilucan de 2016 a 2021 y ahora como coordinador del Grupo Parlamentario de Acci\u00f3n Nacional en la LXI Legislatura, se ha convertido en la pieza clave de ese instituto pol\u00edtico\u201d.<\/p>\n<p>Como presidente municipal, diversas empresas encuestadoras de prestigio lo colocaron en las primeras posiciones de la lista de alcaldes -a nivel nacional- por un \u00f3ptimo desempe\u00f1o, tal fue el caso de C&amp;E Campaigns &amp; Elections M\u00e9xico, que en 2021 lo coloc\u00f3 en la tercera posici\u00f3n a nivel nacional y primera a nivel estatal en aprobaci\u00f3n por su desempe\u00f1o, por encima incluso de alcaldes de la Ciudad de M\u00e9xico, Guanajuato, Quer\u00e9taro y Chihuahua.<\/p>\n<p>Recientemente, la empresa C&amp;E Research realiz\u00f3 la encuesta denominada \u201cEdom\u00e9x Rumbo a la Elecci\u00f3n Estatal\u201d, en la cual, Vargas del Villar aparece entre los aspirantes del PAN, encontr\u00e1ndose a la cabeza con el 59% de la preferencia, seguido por Laura Rojas con un 18% y Edgar Olvera con un 12%.<\/p>\n<p>Aunado a lo anterior, el dirigente del PAN en el Estado de M\u00e9xico, Anuar Azar Figueroa, ha se\u00f1alado que m\u00e1s del 80% de la militancia respalda la posible candidatura de Enrique Vargas del Villar rumbo a la gubernatura del Estado.<\/p>\n<p>\u201cMe parece que los resultados que dio como presidente municipal, la forma de c\u00f3mo transform\u00f3 Huixquilucan es una extraordinaria carta de presentaci\u00f3n; independientemente de que ha manifestado su gran pasi\u00f3n por el servicio p\u00fablico, nosotros en el PAN vamos a defender estos m\u00e9ritos\u201d, se\u00f1al\u00f3 en su momento el dirigente estatal.<\/p>\n","protected":false},"excerpt":{"rendered":"<p>Sin duda alguna, el diputado Enrique Vargas del Villar es uno de los liderazgos m\u00e1s importantes del Partido Acci\u00f3n Nacional (PAN) no s\u00f3lo a nivel Estado de Mexico, sino a nivel nacional y vamos y estamos con \u00e9l.<\/p>\n","protected":false},"author":3,"featured_media":543971,"comment_status":"open","ping_status":"open","sticky":false,"template":"","format":"standard","meta":{"_monsterinsights_skip_tracking":false,"_monsterinsights_sitenote_active":false,"_monsterinsights_sitenote_note":"","_monsterinsights_sitenote_category":0,"footnotes":""},"categories":[5],"tags":[68,47218,57247],"class_list":["post-543838","post","type-post","status-publish","format-standard","has-post-thumbnail","hentry","category-estado-de-mexico","tag-edomex","tag-enrique-vargas-del-villar","tag-gubernatura"],"_links":{"self":[{"href":"https:\/\/www.diarioimagen.net\/index.php?rest_route=\/wp\/v2\/posts\/543838","targetHints":{"allow":["GET"]}}],"collection":[{"href":"https:\/\/www.diarioimagen.net\/index.php?rest_route=\/wp\/v2\/posts"}],"about":[{"href":"https:\/\/www.diarioimagen.net\/index.php?rest_route=\/wp\/v2\/types\/post"}],"author":[{"embeddable":true,"href":"https:\/\/www.diarioimagen.net\/index.php?rest_route=\/wp\/v2\/users\/3"}],"replies":[{"embeddable":true,"href":"https:\/\/www.diarioimagen.net\/index.php?rest_route=%2Fwp%2Fv2%2Fcomments&post=543838"}],"version-history":[{"count":0,"href":"https:\/\/www.diarioimagen.net\/index.php?rest_route=\/wp\/v2\/posts\/543838\/revisions"}],"wp:featuredmedia":[{"embeddable":true,"href":"https:\/\/www.diarioimagen.net\/index.php?rest_route=\/wp\/v2\/media\/543971"}],"wp:attachment":[{"href":"https:\/\/www.diarioimagen.net\/index.php?rest_route=%2Fwp%2Fv2%2Fmedia&parent=543838"}],"wp:term":[{"taxonomy":"category","embeddable":true,"href":"https:\/\/www.diarioimagen.net\/index.php?rest_route=%2Fwp%2Fv2%2Fcategories&post=543838"},{"taxonomy":"post_tag","embeddable":true,"href":"https:\/\/www.diarioimagen.net\/index.php?rest_route=%2Fwp%2Fv2%2Ftags&post=543838"}],"curies":[{"name":"wp","href":"https:\/\/api.w.org\/{rel}","templated":true}]}}