{"id":543839,"date":"2022-04-22T00:04:32","date_gmt":"2022-04-22T05:04:32","guid":{"rendered":"https:\/\/www.diarioimagen.net\/?p=543839"},"modified":"2022-04-22T07:13:44","modified_gmt":"2022-04-22T12:13:44","slug":"el-gobierno-mexiquense-le-invierte-al-desarrollo-social","status":"publish","type":"post","link":"https:\/\/www.diarioimagen.net\/?p=543839","title":{"rendered":"El gobierno mexiquense le invierte al desarrollo social"},"content":{"rendered":"<p>&nbsp;<\/p>\n<p><a href=\"https:\/\/www.diarioimagen.net\/?attachment_id=543975\" rel=\"attachment wp-att-543975\"><img loading=\"lazy\" decoding=\"async\" class=\"aligncenter size-full wp-image-543975\" src=\"https:\/\/www.diarioimagen.net\/wp-content\/uploads\/2022\/04\/toluca3.jpg\" alt=\"\" width=\"460\" height=\"270\" \/><\/a><\/p>\n<p>&nbsp;<\/p>\n<p><strong>Toluca, Estado de M\u00e9xico.\u2014<\/strong> Para dar a conocer los servicios que la Secretar\u00eda de Desarrollo Social ofrece a la poblaci\u00f3n vulnerable, su titular, Alejandra Del Moral Vela, inaugur\u00f3 la Jornada Multidisciplinaria para Instituciones de Asistencia Privada (IAP) y Asociaciones Civiles (AC).<\/p>\n<p>Del Moral Vela manifest\u00f3 que es trabajo de la Secretar\u00eda a su cargo organizar y coadyuvar con organizaciones, instituciones y asociaciones para mejorar la calidad de vida de los mexiquenses, por lo que llam\u00f3 a trabajar en conjunto con el Gobernador Alfredo Del Mazo y encontrar las soluciones a los principales problemas.<\/p>\n","protected":false},"excerpt":{"rendered":"<p>Para dar a conocer los servicios que la Secretar\u00eda de Desarrollo Social ofrece a la poblaci\u00f3n vulnerable, su titular, Alejandra Del Moral Vela, inaugur\u00f3 la Jornada Multidisciplinaria para Instituciones de Asistencia Privada (IAP) y Asociaciones Civiles (AC).<\/p>\n","protected":false},"author":3,"featured_media":543975,"comment_status":"open","ping_status":"open","sticky":false,"template":"","format":"standard","meta":{"_monsterinsights_skip_tracking":false,"_monsterinsights_sitenote_active":false,"_monsterinsights_sitenote_note":"","_monsterinsights_sitenote_category":0,"footnotes":""},"categories":[5],"tags":[1296,43675,277,452],"class_list":["post-543839","post","type-post","status-publish","format-standard","has-post-thumbnail","hentry","category-estado-de-mexico","tag-desarrollo-social","tag-estado-de-mexico","tag-mexiquense","tag-toluca"],"_links":{"self":[{"href":"https:\/\/www.diarioimagen.net\/index.php?rest_route=\/wp\/v2\/posts\/543839","targetHints":{"allow":["GET"]}}],"collection":[{"href":"https:\/\/www.diarioimagen.net\/index.php?rest_route=\/wp\/v2\/posts"}],"about":[{"href":"https:\/\/www.diarioimagen.net\/index.php?rest_route=\/wp\/v2\/types\/post"}],"author":[{"embeddable":true,"href":"https:\/\/www.diarioimagen.net\/index.php?rest_route=\/wp\/v2\/users\/3"}],"replies":[{"embeddable":true,"href":"https:\/\/www.diarioimagen.net\/index.php?rest_route=%2Fwp%2Fv2%2Fcomments&post=543839"}],"version-history":[{"count":0,"href":"https:\/\/www.diarioimagen.net\/index.php?rest_route=\/wp\/v2\/posts\/543839\/revisions"}],"wp:featuredmedia":[{"embeddable":true,"href":"https:\/\/www.diarioimagen.net\/index.php?rest_route=\/wp\/v2\/media\/543975"}],"wp:attachment":[{"href":"https:\/\/www.diarioimagen.net\/index.php?rest_route=%2Fwp%2Fv2%2Fmedia&parent=543839"}],"wp:term":[{"taxonomy":"category","embeddable":true,"href":"https:\/\/www.diarioimagen.net\/index.php?rest_route=%2Fwp%2Fv2%2Fcategories&post=543839"},{"taxonomy":"post_tag","embeddable":true,"href":"https:\/\/www.diarioimagen.net\/index.php?rest_route=%2Fwp%2Fv2%2Ftags&post=543839"}],"curies":[{"name":"wp","href":"https:\/\/api.w.org\/{rel}","templated":true}]}}