{"id":543841,"date":"2022-04-22T00:03:41","date_gmt":"2022-04-22T05:03:41","guid":{"rendered":"https:\/\/www.diarioimagen.net\/?p=543841"},"modified":"2022-04-22T07:15:37","modified_gmt":"2022-04-22T12:15:37","slug":"se-realizan-cambios-de-mandos-en-la-fiscalia-general-de-justicia-del-edomex","status":"publish","type":"post","link":"https:\/\/www.diarioimagen.net\/?p=543841","title":{"rendered":"Se realizan cambios de mandos en la Fiscal\u00eda General de Justicia del Edomex"},"content":{"rendered":"<p>&nbsp;<\/p>\n<ul>\n<li><strong><em>Rodrigo Archundia, nuevo vicefiscal general<\/em><\/strong><\/li>\n<\/ul>\n<p>&nbsp;<\/p>\n<h6>Arturo Baena<\/h6>\n<p>&nbsp;<\/p>\n<div id=\"attachment_543978\" style=\"width: 470px\" class=\"wp-caption aligncenter\"><a href=\"https:\/\/www.diarioimagen.net\/?attachment_id=543978\" rel=\"attachment wp-att-543978\"><img loading=\"lazy\" decoding=\"async\" aria-describedby=\"caption-attachment-543978\" class=\"size-full wp-image-543978\" src=\"https:\/\/www.diarioimagen.net\/wp-content\/uploads\/2022\/04\/fiscalia.jpg\" alt=\"\" width=\"460\" height=\"270\" \/><\/a><p id=\"caption-attachment-543978\" class=\"wp-caption-text\">El fiscal Jos\u00e9 Luis Cervantes confirm\u00f3 relevo de mandos en la FGJEM.<\/p><\/div>\n<p>&nbsp;<\/p>\n<p><strong>Toluca, Estado de M\u00e9xico.\u2014<\/strong> Tal y como lo hab\u00eda anunciado Jos\u00e9 Luis Cervantes, fiscal mexiquense,\u00a0 inici\u00f3 una serie de movimientos, luego de que se diera a conocer la destituci\u00f3n de servidores p\u00fablicos, algunos de mayor jerarqu\u00eda, en la Fiscal\u00eda General de Justicia del Estado de M\u00e9xico (FGJEM), se confirm\u00f3 movimientos.<\/p>\n<p>Es as\u00ed qu\u00e9 , Rodrigo Archundia Barrientos tom\u00f3 protesta como nuevo vicefiscal general. Archundia Barrientos se desempe\u00f1\u00f3 anteriormente como coordinador general de combate al secuestro, durante la gesti\u00f3n de Alejandro G\u00f3mez S\u00e1nchez, mientras que en esa administraci\u00f3n el vicefiscal fue Germ\u00e1n Garc\u00eda Beltr\u00e1n, el cual dimiti\u00f3 al mismo tiempo que G\u00f3mez S\u00e1nchez.<\/p>\n<p>Otros cambios fueron los de Rub\u00e9n Dur\u00e1n Miranda como Oficial Mayor; Javier Ocampo Garc\u00eda queda como fiscal Regional de Ecatepec; Anah\u00ed Andoreni Escudero Ayala, coordinadora General de Vinculaci\u00f3n; Carlos D\u00edaz de Le\u00f3n Mart\u00ednez, coordinador General de Servicios Periciales, mientras que Mart\u00edn Mar\u00edn Col\u00edn, fue designado como coordinador de Asesores.<\/p>\n<p>Adem\u00e1s, Rogelio Enrique Valdez Valdez tom\u00f3 el cargo como secretario particular del Fiscal General; \u00c1ngel Iv\u00e1n Lugo Col\u00edn es director General de Administraci\u00f3n; y Jos\u00e9 Emiliano Montiel Hern\u00e1ndez como director General de Comunicaci\u00f3n Social.<\/p>\n<p>Los servidores p\u00fablicos rindieron protesta ante Cervantes Mart\u00ednez y juraron respetar la Constituci\u00f3n Pol\u00edtica de los Estados Unidos Mexicanos, la Constituci\u00f3n Pol\u00edtica del Estado Libre y Soberano de M\u00e9xico y sus leyes. Como se inform\u00f3 el 31 de marzo, 60 servidores p\u00fablicos dejaron de prestar servicio en la Fiscal\u00eda mexiquense, lo cual es parte de la reestructuraci\u00f3n de la instituci\u00f3n que anunci\u00f3 el fiscal Jos\u00e9 Luis Cervantes Mart\u00ednez.<\/p>\n<p>Estos movimientos tuvieron como objetivo atacar los \u00edndices de corrupci\u00f3n al interior de la FGJEM. Entre las \u00e1reas donde hubo cambios destacaron Fiscal\u00edas Regionales, Fiscal\u00edas Especializadas, Jefes de Unidad regionales y Polic\u00edas de Investigaci\u00f3n; sin embargo, no se ha dado a conocer qui\u00e9nes habr\u00edan estado involucrados en dichas irregularidades y si es que recibieron alguna sanci\u00f3n o permanecen bajo investigaci\u00f3n.<\/p>\n","protected":false},"excerpt":{"rendered":"<p>Tal y como lo hab\u00eda anunciado Jos\u00e9 Luis Cervantes, fiscal mexiquense,\u00a0 inici\u00f3 una serie de movimientos, luego de que se diera a conocer la destituci\u00f3n de servidores p\u00fablicos, algunos de mayor jerarqu\u00eda, en la Fiscal\u00eda General de Justicia del Estado de M\u00e9xico (FGJEM), se confirm\u00f3 movimientos.<\/p>\n","protected":false},"author":3,"featured_media":543978,"comment_status":"open","ping_status":"open","sticky":false,"template":"","format":"standard","meta":{"_monsterinsights_skip_tracking":false,"_monsterinsights_sitenote_active":false,"_monsterinsights_sitenote_note":"","_monsterinsights_sitenote_category":0,"footnotes":""},"categories":[5],"tags":[43675,95275,452],"class_list":["post-543841","post","type-post","status-publish","format-standard","has-post-thumbnail","hentry","category-estado-de-mexico","tag-estado-de-mexico","tag-fiscalia-general-de-justicia-del-edomex","tag-toluca"],"_links":{"self":[{"href":"https:\/\/www.diarioimagen.net\/index.php?rest_route=\/wp\/v2\/posts\/543841","targetHints":{"allow":["GET"]}}],"collection":[{"href":"https:\/\/www.diarioimagen.net\/index.php?rest_route=\/wp\/v2\/posts"}],"about":[{"href":"https:\/\/www.diarioimagen.net\/index.php?rest_route=\/wp\/v2\/types\/post"}],"author":[{"embeddable":true,"href":"https:\/\/www.diarioimagen.net\/index.php?rest_route=\/wp\/v2\/users\/3"}],"replies":[{"embeddable":true,"href":"https:\/\/www.diarioimagen.net\/index.php?rest_route=%2Fwp%2Fv2%2Fcomments&post=543841"}],"version-history":[{"count":0,"href":"https:\/\/www.diarioimagen.net\/index.php?rest_route=\/wp\/v2\/posts\/543841\/revisions"}],"wp:featuredmedia":[{"embeddable":true,"href":"https:\/\/www.diarioimagen.net\/index.php?rest_route=\/wp\/v2\/media\/543978"}],"wp:attachment":[{"href":"https:\/\/www.diarioimagen.net\/index.php?rest_route=%2Fwp%2Fv2%2Fmedia&parent=543841"}],"wp:term":[{"taxonomy":"category","embeddable":true,"href":"https:\/\/www.diarioimagen.net\/index.php?rest_route=%2Fwp%2Fv2%2Fcategories&post=543841"},{"taxonomy":"post_tag","embeddable":true,"href":"https:\/\/www.diarioimagen.net\/index.php?rest_route=%2Fwp%2Fv2%2Ftags&post=543841"}],"curies":[{"name":"wp","href":"https:\/\/api.w.org\/{rel}","templated":true}]}}