{"id":543847,"date":"2022-04-22T00:01:57","date_gmt":"2022-04-22T05:01:57","guid":{"rendered":"https:\/\/www.diarioimagen.net\/?p=543847"},"modified":"2022-04-22T06:15:03","modified_gmt":"2022-04-22T11:15:03","slug":"hoy-los-viajeros-buscan-en-los-hoteles-servicios-personalizados-automaticos","status":"publish","type":"post","link":"https:\/\/www.diarioimagen.net\/?p=543847","title":{"rendered":"Hoy los viajeros buscan, en los hoteles, servicios personalizados autom\u00e1ticos"},"content":{"rendered":"<h2>De cinco estrellas<\/h2>\n<h5>Victoria Gonz\u00e1lez Prado<\/h5>\n<p><strong>\u00a0<\/strong><\/p>\n<ul>\n<li><em><strong>El Hotel La Compa\u00f1\u00eda, primer inmueble del portafolio de <\/strong><\/em><strong>The Unbound Collection by Hyatt<\/strong><em><strong> que abri\u00f3 en Panam\u00e1<\/strong><\/em><\/li>\n<\/ul>\n<p>&nbsp;<\/p>\n<div id=\"attachment_543928\" style=\"width: 470px\" class=\"wp-caption aligncenter\"><img loading=\"lazy\" decoding=\"async\" aria-describedby=\"caption-attachment-543928\" class=\"size-full wp-image-543928\" src=\"https:\/\/www.diarioimagen.net\/wp-content\/uploads\/2022\/04\/turismo-8.jpg\" alt=\"\" width=\"460\" height=\"304\" \/><p id=\"caption-attachment-543928\" class=\"wp-caption-text\">El nuevo hotel en Panam\u00e1.<\/p><\/div>\n<p>&nbsp;<\/p>\n<p>El sector tur\u00edstico en M\u00e9xico est\u00e1 en recuperaci\u00f3n y de acuerdo con informaci\u00f3n de la Secretar\u00eda de Turismo federal, este a\u00f1o habr\u00e1 28 por ciento m\u00e1s turistas y derrama econ\u00f3mica 67 por ciento superior en comparaci\u00f3n con cifras del 2020. Adem\u00e1s, se pronostica que la ocupaci\u00f3n hotelera para este a\u00f1o estar\u00e1, en promedio, alrededor de 45.9 por ciento, casi 20 por ciento m\u00e1s de lo que se registr\u00f3 al cierre del a\u00f1o antepasado.<\/p>\n<p>Ahora que los visitantes estar\u00e1n atentos a los protocolos de salud en los destinos tur\u00edsticos, mucho se ha hablado sobre la opci\u00f3n de ofrecer servicios y procesos automatizados. <em>LG Electronics<\/em>, tiene sistema de administraci\u00f3n de contenido dedicado al turismo, mediante el cual, los hoteles pueden ofrecer servicios personalizados a sus hu\u00e9spedes, en especial aquellas funciones de entretenimiento, men\u00fas, servicio a la habitaci\u00f3n e incluso <em>check-in<\/em> y <em>check-out<\/em> autom\u00e1ticos.<\/p>\n<p>Esta herramienta de administraci\u00f3n llamada <em>Pro:Centric Direct<\/em> es una interfaz de usuario que ofrece contenido informativo de manera m\u00e1s efectiva a trav\u00e9s del televisor de la habitaci\u00f3n, as\u00ed los hu\u00e9spedes se sentir\u00e1n m\u00e1s c\u00f3modos con la experiencia que vivir\u00e1n.<\/p>\n<p><strong>Daniel Aguilar<\/strong>, director de Comunicaci\u00f3n Corporativa de la marca dijo: \u201clos turistas buscan que el lugar donde van a pasar sus vacaciones ofrezca comodidad y tranquilidad. Muchas veces, tener servicios y procesos automatizados son factores determinantes para que los viajeros prefieran un lugar espec\u00edfico. Sistemas como <em>Pro Centric Direct<\/em> son f\u00e1ciles de usar para los administradores, logrando que el visitante se sienta como en casa\u201d.<\/p>\n<p>Con este sistema los clientes pueden solicitar con un <em>click<\/em> cualquier tipo de servicio en el hotel: limpieza de habitaciones, servicio de lavander\u00eda, alimentos y bebidas al seleccionarlo en el televisor de su habitaci\u00f3n. Todas estas solicitudes son monitoreadas y grabadas para dar respuesta inmediata. Adicionalmente, el personal del hotel puede dar anuncios, avisos y mensajes directo a la pantalla.<\/p>\n<p>Los administradores de <em>Pro Centric Direct<\/em>, pueden crear <em>banners<\/em> de publicidad, mediante los cuales se puede configurar la imagen, tipo de texto y programaci\u00f3n, para exponer anuncios de forma r\u00e1pida y eficaz.<\/p>\n<p>Una de las principales ventajas del sistema es que tiene herramientas sencillas de edici\u00f3n y soluciones para cubrir diferentes necesidades, como servicio a distancia y gesti\u00f3n remota basada en redes IP. As\u00ed, el personal del hotel puede dise\u00f1ar la interfaz de usuario f\u00e1cilmente y ofrecer servicio personalizado mientras administran la pantalla del hotel de manera eficiente.<\/p>\n<p>A trav\u00e9s de la funci\u00f3n <em>Ticker,<\/em> las empresas pueden informar a los hu\u00e9spedes sobre eventos del hotel, promociones e informaci\u00f3n de las instalaciones, programar horarios, anuncios, repeticiones y tiempos para enviar mensajes claros y oportunos, y tener impacto favorable en los hu\u00e9spedes.<\/p>\n<p>Tambi\u00e9n est\u00e1n disponibles funciones como el control de la habitaci\u00f3n \u2014basado en IoT (Internet of Things)\u2014 con reconocimiento de voz y editores de contenido avanzados, que muestran la evoluci\u00f3n de <em>Pro:Centric Direct<\/em> en los \u00faltimos a\u00f1os.<\/p>\n<p>\u2730\u2730\u2730\u2730\u2730 El Hotel La Compa\u00f1\u00eda, es el primer inmueble del portafolio de <em>The Unbound Collection by Hyatt<\/em> que abri\u00f3 en el hist\u00f3rico barrio del Casco Antiguo de Panam\u00e1. El hotel es pionero en nuevo nivel de hospitalidad de lujo para disfrutar de la vida nocturna y realizar recorridos culturales.<\/p>\n<p>Adem\u00e1s, es museo viviente donde se celebra la rica historia de Panam\u00e1 a trav\u00e9s del dise\u00f1o que invita a la reflexi\u00f3n, experiencias culinarias de inspiraci\u00f3n local y arte distintivo. Originalmente construido como convento jesuita en 1688, es obra maestra arquitect\u00f3nica centrada en tres per\u00edodos de la historia: Colonia Francesa, Colonia Espa\u00f1ola y Bellas Artes.<\/p>\n<p><strong>Fidel Reyes<\/strong>, gerente general del hotel dijo: \u201cla apertura de este primer hotel en Centrom\u00e9rica marca el final de un proyecto de restauraci\u00f3n de siete a\u00f1os donde expertos historiadores, artesanos y arquitectos de todo el mundo se unieron para ofrecer experiencia digna de historia a nuestra regi\u00f3n. Esperamos dar la bienvenida a los hu\u00e9spedes que visitan Panam\u00e1 tanto por negocios como por placer para disfrutar de nuestras habitaciones, restaurantes y programaci\u00f3n cultural\u201d.<\/p>\n<p>Est\u00e1 ubicado en el coraz\u00f3n del Casco Antiguo de Panam\u00e1, inspirado en las influencias culturales de su animado barrio y la construcci\u00f3n del Canal de Panam\u00e1. Es \u00fanico en su tipo, dise\u00f1ado como lugar donde el pasado se fusiona con la experiencia moderna del Casco Antiguo. Ocupa casi una calla con cuatro edificios, adem\u00e1s de las ruinas de iglesia de 300 a\u00f1os de antig\u00fcedad que envuelve el espacioso patio con exuberantes jardines, utilizado para cenas al aire libre y escenarios excepcionales para eventos de todo tipo.<\/p>\n<p>Son 88 habitaciones divididas en tres alas que se atribuyen a cada uno de los per\u00edodos culturales que influyen en la propiedad. El ala colonial francesa, construida como universidad jesuita en 1739, cuenta con la cl\u00e1sica sofisticaci\u00f3n de ese pa\u00eds mientras que el ala colonial espa\u00f1ola ofrece ambiente acogedor con paredes originales de calicanto, maderas oscuras y detalles en hierro forjado. El m\u00e1s joven de los edificios, de estilo arquitect\u00f3nico Bellas Artes en el ala americana, se inspira en principios del siglo XX con elegantes paneles de revestimiento de madera acentuados con una pared de fotogr\u00e1fica atemporal. Todas las habitaciones tienen balc\u00f3n con vistas al patio del hotel o al barrio del Casco Antiguo.<\/p>\n<p>Ofrece experiencias culinarias con men\u00fas creativos elaborados por chefs que se enfocan en ingredientes frescos de origen local. Alberga variedad de restaurantes, adem\u00e1s de bar en el vest\u00edbulo, <em>sky lounge<\/em> en la azotea, santuario de comida abierto todo el d\u00eda y cafeter\u00eda.<\/p>\n<p>Las opciones gastron\u00f3micas incluyen: 1739, restaurante franc\u00e9s contempor\u00e1neo con platillos cl\u00e1sicos con toque moderno y comedor privado ubicado dentro de bodega de 300 a\u00f1os. <em>Hari\u2019s<\/em>, experiencia teatral clandestina adornada con muebles ecl\u00e9ticos inspirados en el famoso dise\u00f1ador de la d\u00e9cada de 1980 <strong>Harry Segal<\/strong>, ofrece platos para compartir y cocteles artesanales. <em>Capella<\/em>, en el <em>sky lounge<\/em> y Exilio Bar en el vest\u00edbulo, invitan a disfrutar del men\u00fa de cocteles y carta de vinos cuidadosamente elaborados. El chef ejecutivo <strong>Dani Osorio<\/strong> lidera al equipo culinario con su amplio conocimiento y experiencia en la infusi\u00f3n de sabores latinoamericanos en platos creativos modernos.<\/p>\n<p>El inmueblel permite a los hu\u00e9spedes deleitarse con variedad de amenidades y servicios, desde un \u00edntimo spa en la terraza con cuatro salas de tratamiento, piscina en la azotea con vistas panor\u00e1micas de la ciudad y el Oc\u00e9ano Pac\u00edfico. Los hu\u00e9spedes tambi\u00e9n pueden conocer la cultura local aprendiendo sobre la hist\u00f3rica ciudad mediante recorridos culturales y programaci\u00f3n organizada por el servicio de conserjer\u00eda del hotel.<\/p>\n<p>&nbsp;<\/p>\n<blockquote>\n<p style=\"text-align: right;\">\u201c<strong>El<\/strong> <strong>\u00e1ngel de la fama tiene sus alas hechas de papel&#8230; peri\u00f3dico\u201d.<br \/>\n<\/strong><\/p>\n<\/blockquote>\n<p>&nbsp;<\/p>\n<p><em><span class=\"Apple-converted-space\"><a href=\"mailto:victoriagprado@gmail.com\" target=\"_blank\" rel=\"noopener noreferrer\">victoriagprado@gmail.com<\/a><br \/>\nTwitter: <a href=\"https:\/\/twitter.com\/victoriagprado\" target=\"_blank\" rel=\"noopener noreferrer\">@victoriagprado<\/a><\/span><\/em><\/p>\n","protected":false},"excerpt":{"rendered":"<p>El sector tur\u00edstico en M\u00e9xico est\u00e1 en recuperaci\u00f3n y de acuerdo con informaci\u00f3n de la Secretar\u00eda de Turismo federal, este a\u00f1o habr\u00e1 28 por ciento m\u00e1s turistas y derrama econ\u00f3mica 67 por ciento superior en comparaci\u00f3n con cifras del 2020.<\/p>\n","protected":false},"author":3,"featured_media":543929,"comment_status":"open","ping_status":"open","sticky":false,"template":"","format":"standard","meta":{"_monsterinsights_skip_tracking":false,"_monsterinsights_sitenote_active":false,"_monsterinsights_sitenote_note":"","_monsterinsights_sitenote_category":0,"footnotes":""},"categories":[11],"tags":[107,43674,43681,106],"class_list":["post-543847","post","type-post","status-publish","format-standard","has-post-thumbnail","hentry","category-turismo","tag-de-cinco-estrellas","tag-opinion","tag-turismo","tag-victoria-gonzalez-prado"],"_links":{"self":[{"href":"https:\/\/www.diarioimagen.net\/index.php?rest_route=\/wp\/v2\/posts\/543847","targetHints":{"allow":["GET"]}}],"collection":[{"href":"https:\/\/www.diarioimagen.net\/index.php?rest_route=\/wp\/v2\/posts"}],"about":[{"href":"https:\/\/www.diarioimagen.net\/index.php?rest_route=\/wp\/v2\/types\/post"}],"author":[{"embeddable":true,"href":"https:\/\/www.diarioimagen.net\/index.php?rest_route=\/wp\/v2\/users\/3"}],"replies":[{"embeddable":true,"href":"https:\/\/www.diarioimagen.net\/index.php?rest_route=%2Fwp%2Fv2%2Fcomments&post=543847"}],"version-history":[{"count":0,"href":"https:\/\/www.diarioimagen.net\/index.php?rest_route=\/wp\/v2\/posts\/543847\/revisions"}],"wp:featuredmedia":[{"embeddable":true,"href":"https:\/\/www.diarioimagen.net\/index.php?rest_route=\/wp\/v2\/media\/543929"}],"wp:attachment":[{"href":"https:\/\/www.diarioimagen.net\/index.php?rest_route=%2Fwp%2Fv2%2Fmedia&parent=543847"}],"wp:term":[{"taxonomy":"category","embeddable":true,"href":"https:\/\/www.diarioimagen.net\/index.php?rest_route=%2Fwp%2Fv2%2Fcategories&post=543847"},{"taxonomy":"post_tag","embeddable":true,"href":"https:\/\/www.diarioimagen.net\/index.php?rest_route=%2Fwp%2Fv2%2Ftags&post=543847"}],"curies":[{"name":"wp","href":"https:\/\/api.w.org\/{rel}","templated":true}]}}