{"id":543880,"date":"2022-04-22T00:02:21","date_gmt":"2022-04-22T05:02:21","guid":{"rendered":"https:\/\/www.diarioimagen.net\/?p=543880"},"modified":"2022-04-22T03:18:57","modified_gmt":"2022-04-22T08:18:57","slug":"amlo-se-mete-en-mas-problemas","status":"publish","type":"post","link":"https:\/\/www.diarioimagen.net\/?p=543880","title":{"rendered":"AMLO se mete en m\u00e1s problemas"},"content":{"rendered":"<h2>La Retaguardia<\/h2>\n<h5>Adriana Moreno Cordero<\/h5>\n<p><em>\u00a0<\/em><\/p>\n<ul>\n<li><strong><em>El diputado Sergio Guti\u00e9rrez Luna utiliza San L\u00e1zaro para campa\u00f1a personal<\/em><\/strong><\/li>\n<\/ul>\n<p>&nbsp;<\/p>\n<p>La semana cierra y el presidente <strong>Andr\u00e9s Manuel L\u00f3pez Obrador<\/strong> contin\u00faa en su tarea favorita, la de crear conflictos, pero una pregunta no sobra: \u00bfSabr\u00e1 el tama\u00f1o de problema en el que se est\u00e1 metiendo con Estados Unidos?, esto porque cada d\u00eda los desaf\u00eda m\u00e1s, pero se trata de un reto m\u00e1s bien hueco y ahora sali\u00f3 con que \u00e9l descubri\u00f3 que la DEA est\u00e1 infiltrada por el narcotr\u00e1fico por eso, hace un a\u00f1o disolvi\u00f3 un grupo nacional que cooperaba con esta agencia norteamericana, am\u00e9n de que los se\u00f1al\u00f3 por \u201cfabricar delitos\u201d y hacer en nuestro pa\u00eds, pr\u00e1cticamente lo que quer\u00edan.<\/p>\n<p>Integrantes y ex miembros de la DEA, de inmediato levantaron la ceja y sin negar que cualquier corporaci\u00f3n policiaca del mundo es susceptible a estar infiltrada por el \u201cnarco\u201d, calificaron al inquilino de Palacio Nacional de mentiroso. Sin duda, esa ligereza con la que habla el tabasque\u00f1o le acarrear\u00e1 a\u00fan m\u00e1s problemas.<\/p>\n<p>De lo que en realidad se trata, es que el Presidente est\u00e1 obsesionado por acabar de ra\u00edz todo lo que huela a <strong>Felipe Calder\u00f3n<\/strong>. Cuesti\u00f3n de reparar en el peque\u00f1o detalle de que en su gustad\u00edsimo \u201cstand-up\u201d ma\u00f1anero, reiter\u00f3 su respeto por el ex presidente <strong>Enrique Pe\u00f1a<\/strong> <strong>Nieto<\/strong>, volvi\u00f3 por en\u00e9sima vez a destilar su odio enfermizo por Calder\u00f3n, aunque no dej\u00f3 de mencionar a <strong>Vicente Fox<\/strong>, quien por las \u201cex benditas redes\u201d se dedica a atacar a L\u00f3pez Obrador.<\/p>\n<p>La distancia entre M\u00e9xico y el poderoso vecino del norte, se ahonda y eso va en detrimento de nuestro pa\u00eds porque tiene una condici\u00f3n m\u00e1s fr\u00e1gil.<\/p>\n<p>En otro frente, en el transcurso de la semana que concluye, el Presidente extern\u00f3 no estar de acuerdo con el lema de la UNAM creado por Jos\u00e9 Vasconcelos y que dice: \u201cPor mi raza hablar\u00e1 el esp\u00edritu\u201d y propuso cambiar la raza por cultura. Esto se viene a sumar a los ataques que desde hace cierto tiempo, el tabasque\u00f1o dirige a la m\u00e1xima casa de estudios.<\/p>\n<p>Pues bien, ahora tendr\u00e1 m\u00e1s motivos para estar enojado porque precisamente en la UNAM, se organiz\u00f3 un foro en el que participaron, entre otros, el anfitri\u00f3n, el rector <strong>Enrique Graue<\/strong>; el consejero presidente del INE, <strong>Lorenzo C\u00f3rdova<\/strong>; el ingeniero <strong>Cuauht\u00e9moc C\u00e1rdenas<\/strong>, <strong>Ciro Murayama<\/strong>; el ex presidente del IFE, <strong>Jos\u00e9 Woldenberg<\/strong> y la ex consejera electoral, <strong>Jaqueline Peschard<\/strong> y la coincidencia fue una sola: que la democracia mexicana atraviesa por un momento bastante cr\u00edtico, peligroso, preocupante y desalentador por las propuestas y acciones gubernamentales.<\/p>\n<p>Esto \u00faltimo bien puede leerse como las ocurrencias del inquilino de Palacio Nacional, que por cierto, no cesa en sus ataques al INE, pero como el bloque opositor en la C\u00e1mara de Diputados ya le advirti\u00f3 que no pasar\u00e1n sus reformas que requieran mayor\u00eda calificada y la electoral es una de ellas, pues el tabasque\u00f1o \u201cest\u00e1 que trina\u201d.<\/p>\n<p>Otra de las coincidencias de dicho foro es que tanto el Presidente como su partido, Morena tienen toda la intenci\u00f3n de borrar 45 a\u00f1os de avances democr\u00e1ticos, al proponer una reforma que atenta contra las minor\u00edas, somete al \u00e1rbitro electoral y permite la injerencia de funcionarios.<\/p>\n<p>No puede ser m\u00e1s claro que esta errada y llamada Cuarta Transformaci\u00f3n quiere un Instituto Morenista Electoral, (IME), que tenga consejeros a modo, totalmente sumisos a la voluntad de L\u00f3pez Obrador, igualitos que la ministra de la SCJN, <strong>Yasm\u00edn Esquivel<\/strong>, que en la semana que concluye, de plano concedi\u00f3 una suspensi\u00f3n a la Fiscal\u00eda General de la Rep\u00fablica par que no entregue, como lo orden\u00f3 el Tribunal Electoral del Poder Judicial de la Federaci\u00f3n, (TEPJF), las carpetas de investigaci\u00f3n de <strong>P\u00edo L\u00f3pez Obrador<\/strong>, para dejarlo impune como delincuente electoral.<\/p>\n<p style=\"text-align: center;\"><strong>Municiones<\/strong><\/p>\n<p>*** No cabe duda que como se consign\u00f3 en anterior entrega en este espacio, una vez muerta la ya de por s\u00ed muerta, -v\u00e1lgase la redundancia-, reforma el\u00e9ctrica, aquel recordado Domingo de Resurrecci\u00f3n, el presidente de la Mesa Directiva de la C\u00e1mara de Diputados, <strong>Sergio Guti\u00e9rrez Luna,<\/strong> perdi\u00f3 casi todas las probabilidades de ser el pr\u00f3ximo candidato de Morena al gobierno de Veracruz. Y se reitera, casi, porque sabedor de eso, quien es conocido tambi\u00e9n como \u201cGutierritos\u201d, organiz\u00f3 todo un \u201cshow\u201d en el Palacio Legislativo de San L\u00e1zaro para promover a su estado, pero m\u00e1s bien fue para promoverse \u00e9l. Y el problema es que rebas\u00f3 todos los l\u00edmites porque en pleno Sal\u00f3n de Sesiones de la C\u00e1mara baja, el morenista se avent\u00f3 la \u201cpuntada\u201d de jugar una \u201ccascarita\u201d de futbol con <strong>Luis Hern\u00e1ndez<\/strong>, \u201cEl matador\u201d, conocido ex futbolista y m\u00e1s recientemente, por cierto, rey del TikTok. Medio a rega\u00f1adientes, Guti\u00e9rrez Luna se disculp\u00f3 diciendo, por las \u201cex benditas redes\u201d, que como la C\u00e1mara de Diputados \u201ces la casa de tod@s\u201d y debe estar abierta e ingenuamente supuso que como no hab\u00eda sesi\u00f3n, se pod\u00eda grabar un video de ese tipo. Esto le baj\u00f3 m\u00e1s puntos para sus aspiraciones, independientemente de que el presidente de la C\u00e1mara baja, tiene frente a s\u00ed, dos grandes obst\u00e1culos que se ve muy dif\u00edcil que pueda pasar y tienen nombre y apellido: la secretaria de Energ\u00eda, <strong>Roc\u00edo Nahle<\/strong> y el actual gobernador <strong>Cuitl\u00e1huac Garc\u00eda<\/strong>. Por lo pronto, el pr\u00f3ximo martes, diputados de la oposici\u00f3n le har\u00e1n un extra\u00f1amiento a \u201cGutierr\u00edtos\u201d por su imprudencia (por decirlo de manera suave) de utilizar el Palacio Legislativo de San L\u00e1zaro para su promoci\u00f3n personal.<\/p>\n<p>*** En ciernes est\u00e1 la reuni\u00f3n que tendr\u00e1n quienes integran la campa\u00f1a \u201cS\u00e9lvame del Tren\u201d, entre los que est\u00e1n el ambientalista <strong>Arturo Islas; <\/strong>el bi\u00f3logo <strong>Roberto Rojo<\/strong> y el actor <strong>Eugenio Derbez<\/strong>, con el presidente L\u00f3pez Obrador, quien se resisti\u00f3 a ir a la Pen\u00ednsula de Yucat\u00e1n, al tramo 5 sur del \u201celefante blanco\u201d denominado Tren Maya, prefiere recibirlos en Palacio Nacional, pero \u201csolo a los famosos\u201d, acot\u00f3 el tabasque\u00f1o que habl\u00f3 de los pobladores del ejido Jacinto Pat, que recientemente se han declarado a favor del Tren Maya porque, seg\u00fan se sabe, esta errada y llamada Cuarta Transformaci\u00f3n, los aline\u00f3 con recursos y los utiliz\u00f3 para la contracampa\u00f1a #S\u00fabeteAlTren. Finalmente un grupo del colectivo \u201cS\u00e9lvame del Tren\u201d se apersonar\u00e1n en Palacio Nacional para tratar de hacerle entender al Presidente que no est\u00e1n en contra del Tren Maya, sino de que no se cuide la naturaleza.<\/p>\n<p>*** Y resulta que en su comparecencia en el Senado de la Rep\u00fablica, la gobernadora del Banco de M\u00e9xico, <strong>Victoria Rodr\u00edguez Ceja<\/strong>, estaba tose y tose, y con eso de que ya se viene una nueva ola de Covid, en otra de sus m\u00faltiples variantes, la funcionaria se disculp\u00f3 diciendo que su tos no era producto del coronavirus, c\u00f3mo si se acaba de aliviar.<\/p>\n<p><u><a href=\"mailto:morcora@gmail.com\" target=\"_blank\" rel=\"noopener noreferrer\"><em>morcora@gmail.com<\/em><\/a><\/u><\/p>\n","protected":false},"excerpt":{"rendered":"<p><span style=\"color: #005497;\"><strong>Adriana Moreno Cordero<\/strong><\/span><\/p>\n","protected":false},"author":3,"featured_media":0,"comment_status":"open","ping_status":"open","sticky":false,"template":"","format":"standard","meta":{"_monsterinsights_skip_tracking":false,"_monsterinsights_sitenote_active":false,"_monsterinsights_sitenote_note":"","_monsterinsights_sitenote_category":0,"footnotes":""},"categories":[69370],"tags":[69369,69368,43674],"class_list":["post-543880","post","type-post","status-publish","format-standard","hentry","category-adriana-moreno-cordero","tag-adriana-moreno-cordero","tag-la-retaguardia","tag-opinion"],"_links":{"self":[{"href":"https:\/\/www.diarioimagen.net\/index.php?rest_route=\/wp\/v2\/posts\/543880","targetHints":{"allow":["GET"]}}],"collection":[{"href":"https:\/\/www.diarioimagen.net\/index.php?rest_route=\/wp\/v2\/posts"}],"about":[{"href":"https:\/\/www.diarioimagen.net\/index.php?rest_route=\/wp\/v2\/types\/post"}],"author":[{"embeddable":true,"href":"https:\/\/www.diarioimagen.net\/index.php?rest_route=\/wp\/v2\/users\/3"}],"replies":[{"embeddable":true,"href":"https:\/\/www.diarioimagen.net\/index.php?rest_route=%2Fwp%2Fv2%2Fcomments&post=543880"}],"version-history":[{"count":0,"href":"https:\/\/www.diarioimagen.net\/index.php?rest_route=\/wp\/v2\/posts\/543880\/revisions"}],"wp:attachment":[{"href":"https:\/\/www.diarioimagen.net\/index.php?rest_route=%2Fwp%2Fv2%2Fmedia&parent=543880"}],"wp:term":[{"taxonomy":"category","embeddable":true,"href":"https:\/\/www.diarioimagen.net\/index.php?rest_route=%2Fwp%2Fv2%2Fcategories&post=543880"},{"taxonomy":"post_tag","embeddable":true,"href":"https:\/\/www.diarioimagen.net\/index.php?rest_route=%2Fwp%2Fv2%2Ftags&post=543880"}],"curies":[{"name":"wp","href":"https:\/\/api.w.org\/{rel}","templated":true}]}}