{"id":543881,"date":"2022-04-22T00:04:58","date_gmt":"2022-04-22T05:04:58","guid":{"rendered":"https:\/\/www.diarioimagen.net\/?p=543881"},"modified":"2022-04-25T01:02:37","modified_gmt":"2022-04-25T06:02:37","slug":"salvame-del-tren","status":"publish","type":"post","link":"https:\/\/www.diarioimagen.net\/?p=543881","title":{"rendered":"S\u00e1lvame del tren"},"content":{"rendered":"<h2>Desde el portal<\/h2>\n<h5>\u00c1ngel Soriano<\/h5>\n<p>&nbsp;<\/p>\n<p>Todo parece indicar que habr\u00e1 di\u00e1logo entre los ambientalistas opositores a la obra del Tren Maya y el presidente Andr\u00e9s Manuel L\u00f3pez Obrador para aclarar dudas respecto al proyecto, bajo la premisa de que hay coincidencia en la necesidad de impulsar el desarrollo de la regi\u00f3n y la conservaci\u00f3n de la naturaleza.<\/p>\n<p>De esa manera podr\u00eda resolverse el problema del Tren Maya, lo mismo que otros asuntos que han encontrado trabas en cierta oposici\u00f3n que ni es financiada por los Estados Unidos ni son adversarios, simple y sencillamente no tienen la informaci\u00f3n suficiente de los prop\u00f3sitos de la actual administraci\u00f3n.<\/p>\n<p>Porque la imposici\u00f3n de proyectos genera controversias, oposici\u00f3n y obst\u00e1culos para la realizaci\u00f3n de obras de gran envergadura en donde necesariamente hay m\u00faltiples intereses de los afectados o beneficiados con las mismas y, desde luego, todos desean sacar raja de las mismas. Por ello la aceptaci\u00f3n de los ambientalistas y famosos opositores al Tren Maya recibieron con simpat\u00eda la disposici\u00f3n del presidente L\u00f3pez Obrador de reunirse en la zona afectada para supervisar la obra y ver que, efectivamente, \u00e9sta no afecta los recursos naturales de tan importante regi\u00f3n.<\/p>\n<p style=\"text-align: center;\"><strong>Turbulencias<br \/>\n<\/strong><strong>Avala la corte constitucionalidad<\/strong><\/p>\n<p>La SCJN\u00a0 avala la constitucionalidad de la Ley de la Industria El\u00e9ctrica y las facultades que se otorgan a la CFE para recobrar la soberan\u00eda nacional, lo cual, hasta ahora, no ha sido entendido plenamente por amplios sectores de la poblaci\u00f3n que aplauden el rechazo que sufri\u00f3 en la C\u00e1mara de Diputados, pues de otra manera no puede entenderse c\u00f3mo presuntos legisladores que dicen representar al pueblo de M\u00e9xico se ponen del lado de los explotadores de siempre, las poderosas empresas transnacionales que cabildearon reacio para dar marcha atr\u00e1s a la reforma constitucional para consolidar la rector\u00eda estatal en la materia. Lo mismo ocurre con el litio, cuya primera concesi\u00f3n se entreg\u00f3 de manera extra\u00f1a a una empresa china y por un organismo (Cofece) no facultado para ello. Esto necesariamente tendr\u00e1 que ser aclarado, pues la concesi\u00f3n se entreg\u00f3 aparentemente dentro de la normatividad que establece la Ley Minera, sin considerar el alto valor estrat\u00e9gico del \u201coro blanco\u201d. De ah\u00ed la importancia de realizar reformas constitucionales que consoliden la soberan\u00eda nacional en rubros estrat\u00e9gicos que ahora son aprovechados por funcionarios y empresarios coaligados en favor de intereses particulares\u2026 Exhiben en redes sociales documentos que aseguran que el candidato de la coalici\u00f3n PRI-PAN-PRD a la gubernatura de Oaxaca, Alejandro Avil\u00e9s \u00c1lvarez, autodenominado el \u201cTriple A\u201d, es originario de Tezonapa, Veracruz, y que est\u00e1 ligado a grupos delincuenciales que azotan la regi\u00f3n lim\u00edtrofe con Veracruz y que el gobernador morenista Cuitl\u00e1huac Garc\u00eda combate con denuedo. Incluso hay en prisi\u00f3n un diputado local priista capturado por los mismos delitos y que desde un reclusorio de Michoac\u00e1n promueve a su correligionario. Ya los oaxaque\u00f1os est\u00e1n cansados de tener funcionarios ajenos a su terru\u00f1o y que sin ning\u00fan rubor exhiben en las redes sociales sus \u201cdescubrimientos\u201d tur\u00edsticos para ellos y sus familiares a quienes invitan a pasear. Seguramente el \u201cTriple A\u201d aclarar\u00e1 los testimonios que circulan v\u00eda electr\u00f3nica sobre su origen veracruzano y sus ligas con la delincuencia\u2026 Del otro lado de la moneda, el morenista Salom\u00f3n Jara tampoco escapa de los se\u00f1alamientos de sus adversarios, la ex contralora de Gabino Cu\u00e9 afirma contar con testimonios de la malversaci\u00f3n de recursos p\u00fablicos a su depredador paso por la secretar\u00eda de Agricultura estatal\u2026 En tanto, crece la demanda de espacios p\u00fablicos por nativos y visitantes para el consumo del cannabis, otro frente que abri\u00f3 el alcalde Francisco Mart\u00ednez Neri en la ciudad de Oaxaca.<\/p>\n<p><u><a href=\"mailto:asorianocarrasco@yahoo.com\" target=\"_blank\" rel=\"noopener noreferrer\"><em>asorianocarrasco@yahoo.com<\/em><\/a><br \/>\n<em><a href=\"https:\/\/revistabrecha.com\" target=\"_blank\" rel=\"noopener noreferrer\">www.revistabrecha.com<\/a><br \/>\n<a href=\"https:\/\/twitter.com\/brecharevista\" target=\"_blank\" rel=\"noopener noreferrer\">@BrechaRevista<\/a><\/em><\/u><\/p>\n","protected":false},"excerpt":{"rendered":"<p><span style=\"color: #005497;\"><strong>\u00c1ngel Soriano<\/strong><\/span><\/p>\n","protected":false},"author":3,"featured_media":0,"comment_status":"open","ping_status":"open","sticky":false,"template":"","format":"standard","meta":{"_monsterinsights_skip_tracking":false,"_monsterinsights_sitenote_active":false,"_monsterinsights_sitenote_note":"","_monsterinsights_sitenote_category":0,"footnotes":""},"categories":[135],"tags":[85,86,43674],"class_list":["post-543881","post","type-post","status-publish","format-standard","hentry","category-angel-soriano-opinion","tag-angel-soriano","tag-desde-el-portal","tag-opinion"],"_links":{"self":[{"href":"https:\/\/www.diarioimagen.net\/index.php?rest_route=\/wp\/v2\/posts\/543881","targetHints":{"allow":["GET"]}}],"collection":[{"href":"https:\/\/www.diarioimagen.net\/index.php?rest_route=\/wp\/v2\/posts"}],"about":[{"href":"https:\/\/www.diarioimagen.net\/index.php?rest_route=\/wp\/v2\/types\/post"}],"author":[{"embeddable":true,"href":"https:\/\/www.diarioimagen.net\/index.php?rest_route=\/wp\/v2\/users\/3"}],"replies":[{"embeddable":true,"href":"https:\/\/www.diarioimagen.net\/index.php?rest_route=%2Fwp%2Fv2%2Fcomments&post=543881"}],"version-history":[{"count":0,"href":"https:\/\/www.diarioimagen.net\/index.php?rest_route=\/wp\/v2\/posts\/543881\/revisions"}],"wp:attachment":[{"href":"https:\/\/www.diarioimagen.net\/index.php?rest_route=%2Fwp%2Fv2%2Fmedia&parent=543881"}],"wp:term":[{"taxonomy":"category","embeddable":true,"href":"https:\/\/www.diarioimagen.net\/index.php?rest_route=%2Fwp%2Fv2%2Fcategories&post=543881"},{"taxonomy":"post_tag","embeddable":true,"href":"https:\/\/www.diarioimagen.net\/index.php?rest_route=%2Fwp%2Fv2%2Ftags&post=543881"}],"curies":[{"name":"wp","href":"https:\/\/api.w.org\/{rel}","templated":true}]}}