{"id":544001,"date":"2022-04-25T00:01:30","date_gmt":"2022-04-25T05:01:30","guid":{"rendered":"https:\/\/www.diarioimagen.net\/?p=544001"},"modified":"2022-04-26T01:07:54","modified_gmt":"2022-04-26T06:07:54","slug":"crucial-reforma-constitucional-que-garantice-recursos-presupuestales-a-poderes-judiciales-mag-guerra-alvarez","status":"publish","type":"post","link":"https:\/\/www.diarioimagen.net\/?p=544001","title":{"rendered":"Crucial, reforma constitucional que garantice recursos presupuestales a poderes judiciales: mag. Guerra \u00c1lvarez"},"content":{"rendered":"<p>&nbsp;<\/p>\n<ul>\n<li><strong><em>El presidente de la Conatrib as\u00ed lo expres\u00f3 en el foro virtual Digitalizaci\u00f3n y autonom\u00eda judicial para la pacificaci\u00f3n social<\/em><\/strong><\/li>\n<\/ul>\n<p>&nbsp;<\/p>\n<div id=\"attachment_544101\" style=\"width: 470px\" class=\"wp-caption aligncenter\"><a href=\"https:\/\/www.diarioimagen.net\/?attachment_id=544101\" rel=\"attachment wp-att-544101\"><img loading=\"lazy\" decoding=\"async\" aria-describedby=\"caption-attachment-544101\" class=\"size-full wp-image-544101\" src=\"https:\/\/www.diarioimagen.net\/wp-content\/uploads\/2022\/04\/tribunal-3.jpg\" alt=\"\" width=\"460\" height=\"364\" \/><\/a><p id=\"caption-attachment-544101\" class=\"wp-caption-text\">El presidente de la Conatrib, magistrado Rafael Guerra \u00c1lvarez, precis\u00f3 que se requieren, recursos presupuestales y financieros m\u00ednimos que les permitan continuar el desarrollo de sistemas de administraci\u00f3n e impartici\u00f3n de justicia en condiciones dignas y de calidad.<\/p><\/div>\n<p>&nbsp;<\/p>\n<p>Resulta crucial la aprobaci\u00f3n de una reforma constitucional que garantice a los poderes judiciales recursos presupuestales y financieros m\u00ednimos que les permita continuar con su funci\u00f3n de desarrollar un sistema de administraci\u00f3n e impartici\u00f3n de justicia en condiciones dignas y de calidad y apoyados en las tecnolog\u00edas de la informaci\u00f3n, asegur\u00f3 el presidente de la Comisi\u00f3n Nacional de Tribunales Superiores de Justicia de los Estados Unidos Mexicanos (Conatrib), magistrado Rafael Guerra \u00c1lvarez.<\/p>\n<p>Al participar en el foro virtual <em>Digitalizaci\u00f3n y autonom\u00eda judicial para la pacificaci\u00f3n social<\/em>, organizado por la Mesa Directiva del Senado, tambi\u00e9n enfatiz\u00f3 que es indispensable que el nuevo C\u00f3digo Nacional de Procedimientos Civiles y Familiares, y reformas futuras al C\u00f3digo de Comercio, incluyan disposiciones que permitan el uso de tecnolog\u00edas de la informaci\u00f3n en el tr\u00e1mite de procedimientos judiciales.<\/p>\n<p>Se requieren, puntualiz\u00f3, poderes judiciales s\u00f3lidos, capaces de implementar sistemas de gesti\u00f3n que incluso rompan los paradigmas tradicionales en la administraci\u00f3n de justicia.<\/p>\n<p>\u201cDe tal suerte que, a trav\u00e9s de estos nuevos sistemas de organizaci\u00f3n y planificaci\u00f3n del trabajo judicial en general, o en el caso de los juicios orales, de gesti\u00f3n de casos, de audiencias o de salas, se garanticen mayores y mejores condiciones de accesibilidad a la justicia, as\u00ed como una tutela jurisdiccional efectiva que garantice la soluci\u00f3n sustancial del problema en forma pronta y expedita\u201d, precis\u00f3.<\/p>\n<p>Con la presencia de la presidenta de la Mesa Directiva del Senado, Olga S\u00e1nchez Cordero, el magistrado abund\u00f3 que esos nuevos sistemas de gesti\u00f3n deben superar los derechos m\u00ednimos establecidos en el sistema jur\u00eddico, a fin de que el ejercicio del derecho humano de acceso a la justicia pueda llevarse a cabo no s\u00f3lo de manera tradicional y dentro del horario laboral, sino en casi cualquier caso las 24 horas del d\u00eda y los 365 d\u00edas del a\u00f1o.<\/p>\n<p>Con ello, agreg\u00f3, se contribuir\u00eda a una mejor administraci\u00f3n del tiempo, de los recursos y del trabajo, en beneficio de los justiciables, pero tambi\u00e9n de los propios poderes judiciales.<\/p>\n<p>El tambi\u00e9n presidente del Poder Judicial de la Ciudad de M\u00e9xico reconoci\u00f3 que los poderes judiciales del pa\u00eds tienen el deber de garantizar un sistema de administraci\u00f3n e impartici\u00f3n de justicia que, en forma h\u00edbrida o total, permita que las tecnolog\u00edas de la informaci\u00f3n contribuyan a la celeridad de los procedimientos judiciales y sus tr\u00e1mites procesales en condiciones de seguridad e igualdad para todas las personas.<\/p>\n<p>Se refiri\u00f3, incluso, al desarrollo de la inteligencia y justicia digital artificial para ciertos tr\u00e1mites o procedimientos, como la identificaci\u00f3n de personas en video, tr\u00e1mite de medidas cautelares o de protecci\u00f3n, entre otros.<\/p>\n<p>Guerra \u00c1lvarez, quien plante\u00f3 siete puntos como est\u00e1ndar definido por diversos \u00f3rganos internacionales para la consolidaci\u00f3n e independencia de los poderes judiciales, enfatiz\u00f3 que la autonom\u00eda de \u00e9stos es pilar fundamental para que los justiciables accedan a los servicios de impartici\u00f3n de justicia y disfruten de la tutela jurisdiccional efectiva, con el fin de lograr la soluci\u00f3n de un conflicto con lo que se restituyan sus derechos violentados, se le repare el da\u00f1o ocasionado o se le reconozcan sus derechos vitales.<\/p>\n<p>En la inauguraci\u00f3n del acto virtual estuvieron los senadores Eduardo Ram\u00edrez Aguilar y Rafael Espino de la Pe\u00f1a; la senadora Alejandra Lagunes Soto, as\u00ed como el secretario ejecutivo de la Asociaci\u00f3n Mexicana de Impartidores de Justicia, Armando Maitret Hern\u00e1ndez, entre otros.<\/p>\n","protected":false},"excerpt":{"rendered":"<p>Resulta crucial la aprobaci\u00f3n de una reforma constitucional que garantice a los poderes judiciales recursos presupuestales y financieros m\u00ednimos que les permita continuar con su funci\u00f3n de desarrollar un sistema de administraci\u00f3n e impartici\u00f3n de justicia en condiciones dignas y de calidad y apoyados en las tecnolog\u00edas de la informaci\u00f3n, asegur\u00f3 el presidente de la Comisi\u00f3n Nacional de Tribunales Superiores de Justicia de los Estados Unidos Mexicanos (Conatrib), magistrado Rafael Guerra \u00c1lvarez.<\/p>\n","protected":false},"author":3,"featured_media":544102,"comment_status":"open","ping_status":"open","sticky":false,"template":"","format":"standard","meta":{"_monsterinsights_skip_tracking":false,"_monsterinsights_sitenote_active":false,"_monsterinsights_sitenote_note":"","_monsterinsights_sitenote_category":0,"footnotes":""},"categories":[6],"tags":[31311,4103,79994],"class_list":["post-544001","post","type-post","status-publish","format-standard","has-post-thumbnail","hentry","category-cd-de-mexico","tag-comision-nacional-de-tribunales-superiores-de-justicia-de-los-estados-unidos-mexicanos","tag-conatrib","tag-rafael-guerra-alvarez"],"_links":{"self":[{"href":"https:\/\/www.diarioimagen.net\/index.php?rest_route=\/wp\/v2\/posts\/544001","targetHints":{"allow":["GET"]}}],"collection":[{"href":"https:\/\/www.diarioimagen.net\/index.php?rest_route=\/wp\/v2\/posts"}],"about":[{"href":"https:\/\/www.diarioimagen.net\/index.php?rest_route=\/wp\/v2\/types\/post"}],"author":[{"embeddable":true,"href":"https:\/\/www.diarioimagen.net\/index.php?rest_route=\/wp\/v2\/users\/3"}],"replies":[{"embeddable":true,"href":"https:\/\/www.diarioimagen.net\/index.php?rest_route=%2Fwp%2Fv2%2Fcomments&post=544001"}],"version-history":[{"count":0,"href":"https:\/\/www.diarioimagen.net\/index.php?rest_route=\/wp\/v2\/posts\/544001\/revisions"}],"wp:featuredmedia":[{"embeddable":true,"href":"https:\/\/www.diarioimagen.net\/index.php?rest_route=\/wp\/v2\/media\/544102"}],"wp:attachment":[{"href":"https:\/\/www.diarioimagen.net\/index.php?rest_route=%2Fwp%2Fv2%2Fmedia&parent=544001"}],"wp:term":[{"taxonomy":"category","embeddable":true,"href":"https:\/\/www.diarioimagen.net\/index.php?rest_route=%2Fwp%2Fv2%2Fcategories&post=544001"},{"taxonomy":"post_tag","embeddable":true,"href":"https:\/\/www.diarioimagen.net\/index.php?rest_route=%2Fwp%2Fv2%2Ftags&post=544001"}],"curies":[{"name":"wp","href":"https:\/\/api.w.org\/{rel}","templated":true}]}}