{"id":544014,"date":"2022-04-25T00:03:16","date_gmt":"2022-04-25T05:03:16","guid":{"rendered":"https:\/\/www.diarioimagen.net\/?p=544014"},"modified":"2022-04-25T03:11:45","modified_gmt":"2022-04-25T08:11:45","slug":"vamos-a-tapar-el-boquete-que-dejaron-en-naucalpan-regidora-ursula-cortes","status":"publish","type":"post","link":"https:\/\/www.diarioimagen.net\/?p=544014","title":{"rendered":"Vamos a tapar \u201cel boquete\u201d que dejaron en Naucalpan: regidora \u00darsula Cort\u00e9s"},"content":{"rendered":"<p>&nbsp;<\/p>\n<ul>\n<li><strong><em>Apoyo a la alcaldesa Ang\u00e9lica Moya<\/em><\/strong><\/li>\n<\/ul>\n<p>&nbsp;<\/p>\n<h6>Arturo Baena<\/h6>\n<p>&nbsp;<\/p>\n<div id=\"attachment_544131\" style=\"width: 470px\" class=\"wp-caption aligncenter\"><a href=\"https:\/\/www.diarioimagen.net\/?attachment_id=544131\" rel=\"attachment wp-att-544131\"><img loading=\"lazy\" decoding=\"async\" aria-describedby=\"caption-attachment-544131\" class=\"size-full wp-image-544131\" src=\"https:\/\/www.diarioimagen.net\/wp-content\/uploads\/2022\/04\/naucalpan-1-3.jpg\" alt=\"\" width=\"460\" height=\"270\" \/><\/a><p id=\"caption-attachment-544131\" class=\"wp-caption-text\">La regidora \u00darsula Cort\u00e9s afirm\u00f3 \u00a0que pese a las dificultades financieras en\u00a0 las que recibi\u00f3 la administraci\u00f3n, Ang\u00e9lica Moya sabr\u00e1 cumplirle a las familias naucalpenses.<\/p><\/div>\n<p>&nbsp;<\/p>\n<p><strong>Naucalpan, Estado de M\u00e9xico.\u2014<\/strong> Sin lugar a dudas, la presidenta municipal Ang\u00e9lica Moya tiene un reto muy importante para sacar adelante a nuestro municipio. Pese a las dificultades financieras en las que recibi\u00f3 la administraci\u00f3n, sabr\u00e1 cumplirle a las familias naucalpenses y, desde luego, cuenta con nuestro total apoyo.<\/p>\n<p>Afirm\u00f3 lo anterior la regidora \u00darsula Cort\u00e9s, luego de reconocer que \u201centramos a un gobierno en crisis, sin recursos, con mucha necesidad de poner orden en la casa, en procesos administrativos, jur\u00eddicos, en el personal, de ah\u00ed parte todo. Hay que ver de qu\u00e9 tama\u00f1o es el da\u00f1o que dejaron\u201d, dijo.<\/p>\n<p>\u00darsula Cort\u00e9s puntualiz\u00f3 que \u201c hay que ver de qu\u00e9 tama\u00f1o es el boquete que dejaron e ir resolviendo poco a poco est\u00e1 situaci\u00f3n en favor, de los naucalpenses. Hoy es un tiempo de diagn\u00f3stico y luego entregar un gobierno eficiente a los ciudadanos\u201d.<\/p>\n<p>La joven regidora, destac\u00f3 qu\u00e9\u00a0 mientras se discut\u00eda el Plan de Desarrollo, la presidenta Moya Mar\u00edn, tuvo una intervenci\u00f3n importante en el sentido de que \u201cel\u00a0 escuchar a la gente\u00a0 y el sentir de los ciudadanos es y ser\u00e1 una prioridad durante su gesti\u00f3n\u201d.<\/p>\n<p>Y reiter\u00f3 que \u201calgo qu\u00e9 est\u00e1 marcando esta administraci\u00f3n es la voluntad y la actitud del servidor p\u00fablico hacia sus gobernador. Sin duda alguna, entender que la gobernanza se construye de la mano de la ciudadan\u00eda\u201d, asegur\u00f3.<\/p>\n<p>Finalmente, la representante popular del PAN, destac\u00f3 qu\u00e9 \u201c si bien no hay un recurso para un programa de obras como el que quisi\u00e9ramos, vamos a trabajar junto con los habitantes y devolver el brillo a la joya de la corona\u201d.<\/p>\n","protected":false},"excerpt":{"rendered":"<p>Sin lugar a dudas, la presidenta municipal Ang\u00e9lica Moya tiene un reto muy importante para sacar adelante a nuestro municipio. Pese a las dificultades financieras en las que recibi\u00f3 la administraci\u00f3n, sabr\u00e1 cumplirle a las familias naucalpenses y, desde luego, cuenta con nuestro total apoyo.<\/p>\n","protected":false},"author":3,"featured_media":544131,"comment_status":"open","ping_status":"open","sticky":false,"template":"","format":"standard","meta":{"_monsterinsights_skip_tracking":false,"_monsterinsights_sitenote_active":false,"_monsterinsights_sitenote_note":"","_monsterinsights_sitenote_category":0,"footnotes":""},"categories":[5],"tags":[92865,95293,43675,970],"class_list":["post-544014","post","type-post","status-publish","format-standard","has-post-thumbnail","hentry","category-estado-de-mexico","tag-angelica-moya","tag-boquete","tag-estado-de-mexico","tag-naucalpan"],"_links":{"self":[{"href":"https:\/\/www.diarioimagen.net\/index.php?rest_route=\/wp\/v2\/posts\/544014","targetHints":{"allow":["GET"]}}],"collection":[{"href":"https:\/\/www.diarioimagen.net\/index.php?rest_route=\/wp\/v2\/posts"}],"about":[{"href":"https:\/\/www.diarioimagen.net\/index.php?rest_route=\/wp\/v2\/types\/post"}],"author":[{"embeddable":true,"href":"https:\/\/www.diarioimagen.net\/index.php?rest_route=\/wp\/v2\/users\/3"}],"replies":[{"embeddable":true,"href":"https:\/\/www.diarioimagen.net\/index.php?rest_route=%2Fwp%2Fv2%2Fcomments&post=544014"}],"version-history":[{"count":0,"href":"https:\/\/www.diarioimagen.net\/index.php?rest_route=\/wp\/v2\/posts\/544014\/revisions"}],"wp:featuredmedia":[{"embeddable":true,"href":"https:\/\/www.diarioimagen.net\/index.php?rest_route=\/wp\/v2\/media\/544131"}],"wp:attachment":[{"href":"https:\/\/www.diarioimagen.net\/index.php?rest_route=%2Fwp%2Fv2%2Fmedia&parent=544014"}],"wp:term":[{"taxonomy":"category","embeddable":true,"href":"https:\/\/www.diarioimagen.net\/index.php?rest_route=%2Fwp%2Fv2%2Fcategories&post=544014"},{"taxonomy":"post_tag","embeddable":true,"href":"https:\/\/www.diarioimagen.net\/index.php?rest_route=%2Fwp%2Fv2%2Ftags&post=544014"}],"curies":[{"name":"wp","href":"https:\/\/api.w.org\/{rel}","templated":true}]}}