{"id":544015,"date":"2022-04-25T00:02:25","date_gmt":"2022-04-25T05:02:25","guid":{"rendered":"https:\/\/www.diarioimagen.net\/?p=544015"},"modified":"2022-04-25T02:31:11","modified_gmt":"2022-04-25T07:31:11","slug":"alrededor-de-chinches-y-ratones-laboran-sindicos-y-regidores-en-ecatepec-denuncian","status":"publish","type":"post","link":"https:\/\/www.diarioimagen.net\/?p=544015","title":{"rendered":"Alrededor de chinches y ratones, laboran s\u00edndicos y regidores en Ecatepec, denuncian"},"content":{"rendered":"<p>&nbsp;<\/p>\n<ul>\n<li><strong><em>Acusa representante popular a alcalde<\/em><\/strong><\/li>\n<\/ul>\n<p>&nbsp;<\/p>\n<h6>Arturo Baena<\/h6>\n<p>&nbsp;<\/p>\n<div id=\"attachment_544121\" style=\"width: 470px\" class=\"wp-caption aligncenter\"><a href=\"https:\/\/www.diarioimagen.net\/?attachment_id=544121\" rel=\"attachment wp-att-544121\"><img loading=\"lazy\" decoding=\"async\" aria-describedby=\"caption-attachment-544121\" class=\"size-full wp-image-544121\" src=\"https:\/\/www.diarioimagen.net\/wp-content\/uploads\/2022\/04\/ecatepec.jpg\" alt=\"\" width=\"460\" height=\"270\" \/><\/a><p id=\"caption-attachment-544121\" class=\"wp-caption-text\">El 12\u00ba regidor, Fernando Mart\u00ednez Vargas, denunci\u00f3 que s\u00edndicos y regidores fueron hacinados lejos de Palacio Municipal.<\/p><\/div>\n<p>&nbsp;<\/p>\n<p><strong>Ecatepec, Estado de M\u00e9xico.\u2014<\/strong>\u00a0 Representantes populares denunciaron que cuentan con oficinas estrechas, sin tel\u00e9fono, con mobiliario deteriorado e infestado de chinches y ratones. \u201cLaboramos en p\u00e9simas condiciones. Los\u00a0 s\u00edndicos y regidores fu\u00edmos hacinados lejos de Palacio Municipal por el presidente de esta demarcaci\u00f3n, Fernando Vilchis Contreras\u201d.<\/p>\n<p>As\u00ed lo inform\u00f3 el 12\u00ba regidor, Fernando Mart\u00ednez Vargas, quien\u00a0 explic\u00f3, que \u201ccon el pretexto de que se iban a remodelar las oficinas la actual administraci\u00f3n\u00a0 nos pidi\u00f3 a los ediles nos instal\u00e1ramos\u00a0 en el inmueble ubicado en Calle del Sol s\/n en San Crist\u00f3bal Centro, infestado de animales\u201d, dijo.<\/p>\n<p>\u201cSupuestamente la remodelaci\u00f3n iba a tardar tres meses, ya llevamos cuatro y hasta donde tengo entendido, no les han hecho nada, esas oficinas siguen igual que antes y es mejor trabajar en ellas, as\u00ed como est\u00e1n y no en las que actualmente estamos tan amontonados y con plagas\u201d,<\/p>\n<p>El\u00a0 regidor del PRD,\u00a0Mart\u00ednez Vargas,\u00a0se\u00f1al\u00f3 que, el d\u00eda jueves 21 de abril de 2022 les dieron la indicaci\u00f3n de sacar sus cosas personales, documentos, computadoras y que dejaran las oficinas solo con los muebles ya que los iban a desechar porque hab\u00eda una plaga de chinches, ratas y ratones.<\/p>\n<p>Asever\u00f3 que\u00a0 \u201cno vamos a regresar a este inmueble hasta no tener la certeza de que ya no existe este problema, que se cambiaron plafones, muebles, etc., y vamos a solicitar el retomar las instalaciones que se encuentran a un costado de Palacio Municipal en el edificio de Seguridad P\u00fablica, las que est\u00e1n destinadas para los s\u00edndicos y regidores\u201d.<\/p>\n<p>Por \u00faltimo, expres\u00f3 que, al principio carec\u00edan de internet para realizar las actividades de la oficina, despu\u00e9s de dos meses les dieron internet, pero hasta el momento no tienen tel\u00e9fono para comunicase con las \u00e1reas municipales para dar puntual respuesta a las demandas de la ciudadan\u00eda.<\/p>\n","protected":false},"excerpt":{"rendered":"<p>Representantes populares denunciaron que cuentan con oficinas estrechas, sin tel\u00e9fono, con mobiliario deteriorado e infestado de chinches y ratones. \u201cLaboramos en p\u00e9simas condiciones. Los\u00a0 s\u00edndicos y regidores fu\u00edmos hacinados lejos de Palacio Municipal por el presidente de esta demarcaci\u00f3n, Fernando Vilchis Contreras\u201d.<\/p>\n","protected":false},"author":3,"featured_media":544121,"comment_status":"open","ping_status":"open","sticky":false,"template":"","format":"standard","meta":{"_monsterinsights_skip_tracking":false,"_monsterinsights_sitenote_active":false,"_monsterinsights_sitenote_note":"","_monsterinsights_sitenote_category":0,"footnotes":""},"categories":[5],"tags":[95294,454,43675,95295],"class_list":["post-544015","post","type-post","status-publish","format-standard","has-post-thumbnail","hentry","category-estado-de-mexico","tag-chinches","tag-ecatepec","tag-estado-de-mexico","tag-ratones"],"_links":{"self":[{"href":"https:\/\/www.diarioimagen.net\/index.php?rest_route=\/wp\/v2\/posts\/544015","targetHints":{"allow":["GET"]}}],"collection":[{"href":"https:\/\/www.diarioimagen.net\/index.php?rest_route=\/wp\/v2\/posts"}],"about":[{"href":"https:\/\/www.diarioimagen.net\/index.php?rest_route=\/wp\/v2\/types\/post"}],"author":[{"embeddable":true,"href":"https:\/\/www.diarioimagen.net\/index.php?rest_route=\/wp\/v2\/users\/3"}],"replies":[{"embeddable":true,"href":"https:\/\/www.diarioimagen.net\/index.php?rest_route=%2Fwp%2Fv2%2Fcomments&post=544015"}],"version-history":[{"count":0,"href":"https:\/\/www.diarioimagen.net\/index.php?rest_route=\/wp\/v2\/posts\/544015\/revisions"}],"wp:featuredmedia":[{"embeddable":true,"href":"https:\/\/www.diarioimagen.net\/index.php?rest_route=\/wp\/v2\/media\/544121"}],"wp:attachment":[{"href":"https:\/\/www.diarioimagen.net\/index.php?rest_route=%2Fwp%2Fv2%2Fmedia&parent=544015"}],"wp:term":[{"taxonomy":"category","embeddable":true,"href":"https:\/\/www.diarioimagen.net\/index.php?rest_route=%2Fwp%2Fv2%2Fcategories&post=544015"},{"taxonomy":"post_tag","embeddable":true,"href":"https:\/\/www.diarioimagen.net\/index.php?rest_route=%2Fwp%2Fv2%2Ftags&post=544015"}],"curies":[{"name":"wp","href":"https:\/\/api.w.org\/{rel}","templated":true}]}}