{"id":544020,"date":"2022-04-25T00:01:52","date_gmt":"2022-04-25T05:01:52","guid":{"rendered":"https:\/\/www.diarioimagen.net\/?p=544020"},"modified":"2022-04-25T03:06:47","modified_gmt":"2022-04-25T08:06:47","slug":"mario-delgado-carrillo-con-un-pie-fuera-de-la-dirigencia-nacional-de-morena-dicen-consejeros","status":"publish","type":"post","link":"https:\/\/www.diarioimagen.net\/?p=544020","title":{"rendered":"Mario Delgado Carrillo, con un pie fuera de la dirigencia nacional de\u00a0Morena, dicen consejeros"},"content":{"rendered":"<p>&nbsp;<\/p>\n<ul>\n<li><strong><em>Que no cumple las expectativas<\/em><\/strong><\/li>\n<\/ul>\n<p>&nbsp;<\/p>\n<h6>Arturo Baena<\/h6>\n<p>&nbsp;<\/p>\n<div id=\"attachment_544127\" style=\"width: 470px\" class=\"wp-caption aligncenter\"><a href=\"https:\/\/www.diarioimagen.net\/?attachment_id=544127\" rel=\"attachment wp-att-544127\"><img loading=\"lazy\" decoding=\"async\" aria-describedby=\"caption-attachment-544127\" class=\"size-full wp-image-544127\" src=\"https:\/\/www.diarioimagen.net\/wp-content\/uploads\/2022\/04\/tlalnepantla-4.jpg\" alt=\"\" width=\"460\" height=\"270\" \/><\/a><p id=\"caption-attachment-544127\" class=\"wp-caption-text\">Mario Delgado no cumpli\u00f3 con las expectativas en juicio a ex presidentes, Revocaci\u00f3n de Mandato y la reforma el\u00e9ctrica.<\/p><\/div>\n<p>&nbsp;<\/p>\n<p><strong>Tlalnepantla, Estado de M\u00e9xico.\u2014<\/strong> Mario Delgado Carrillo, dirigente nacional de Morena,\u00a0 se siente intocable y sigue entorpeciendo el avance de la 4T. Ya demostr\u00f3 su ineptitud, para encabezar a nuestro partido, ah\u00ed est\u00e1n las pruebas: Juicio a ex presidentes, Revocaci\u00f3n de Mandato y la reforma el\u00e9ctrica, que evidencian su incapacidad.<\/p>\n<p>Afirmaron consejeros estatales de ese instituto pol\u00edtico, en voz de la ex s\u00edndica municipal,\u00a0 Abigail Cruz, al tiempo de insistir en que se llamar\u00e1 a qu\u00e9 se convoque al Consejo Pol\u00edtico Nacional\u00a0 para pedir su destituci\u00f3n por no cumplir las expectativas de Morena.<\/p>\n<p>Por otra parte, consejeros mexiquenses, como Daniel Su\u00e1rez,\u00a0afirmaron que lo descrito,\u00a0 es un ejemplo de c\u00f3mo Mario Delgado, toma decisiones de grupo, y le recordaron c\u00f3mo favoreci\u00f3 \u201ca sus amigos\u201d con candidaturas y posiciones pol\u00edticas como son los casos de Ignacio Mier y Sergio Guti\u00e9rrez, quienes \u201cpor la nefasta recomendaci\u00f3n de su padrino pol\u00edtico, la 4T no da una en el Congreso Federal y menos a\u00fan con la pasible actitud de Ignacio Mier\u201d, dijeron.<\/p>\n<p>\u201cEl partido ha sido utilizado para legalizar candidaturas, para darle formalidad a decisiones que se toman en otros lugares\u201d, afirm\u00f3 Carlos Figueroa, secretario de Derechos Humanos\u201d.<\/p>\n<p>Los consejeros criticaron al dirigente nacional por haber \u00a0iniciado \u00a0una \u201ccacer\u00eda de brujas\u201d contra aquellos diputados que votaron seg\u00fan su criterio violando el art\u00edculo 61 constitucional. \u201cUn diputado federal se debe al pueblo , no al Presidente en turno y por lo mismo debe votar por aquellas iniciativas que benefician a la ciudadan\u00eda y esto Mario Delgado,\u00a0 lo convirti\u00f3 en un vulgar pleito y persecuci\u00f3n personal que puede provocar una desbancada de los legisladores de Morena a otros partidos,\u00a0donde no los acosen\u201d , finalizaron.<\/p>\n","protected":false},"excerpt":{"rendered":"<p>Mario Delgado Carrillo, dirigente nacional de Morena,\u00a0 se siente intocable y sigue entorpeciendo el avance de la 4T. Ya demostr\u00f3 su ineptitud, para encabezar a nuestro partido, ah\u00ed est\u00e1n las pruebas: Juicio a ex presidentes, Revocaci\u00f3n de Mandato y la reforma el\u00e9ctrica, que evidencian su incapacidad.<\/p>\n","protected":false},"author":3,"featured_media":544127,"comment_status":"open","ping_status":"open","sticky":false,"template":"","format":"standard","meta":{"_monsterinsights_skip_tracking":false,"_monsterinsights_sitenote_active":false,"_monsterinsights_sitenote_note":"","_monsterinsights_sitenote_category":0,"footnotes":""},"categories":[5],"tags":[15094,43675,66398,6995,169],"class_list":["post-544020","post","type-post","status-publish","format-standard","has-post-thumbnail","hentry","category-estado-de-mexico","tag-dirigencia","tag-estado-de-mexico","tag-fuera","tag-mario-delgado-carrillo","tag-tlalnepantla"],"_links":{"self":[{"href":"https:\/\/www.diarioimagen.net\/index.php?rest_route=\/wp\/v2\/posts\/544020","targetHints":{"allow":["GET"]}}],"collection":[{"href":"https:\/\/www.diarioimagen.net\/index.php?rest_route=\/wp\/v2\/posts"}],"about":[{"href":"https:\/\/www.diarioimagen.net\/index.php?rest_route=\/wp\/v2\/types\/post"}],"author":[{"embeddable":true,"href":"https:\/\/www.diarioimagen.net\/index.php?rest_route=\/wp\/v2\/users\/3"}],"replies":[{"embeddable":true,"href":"https:\/\/www.diarioimagen.net\/index.php?rest_route=%2Fwp%2Fv2%2Fcomments&post=544020"}],"version-history":[{"count":0,"href":"https:\/\/www.diarioimagen.net\/index.php?rest_route=\/wp\/v2\/posts\/544020\/revisions"}],"wp:featuredmedia":[{"embeddable":true,"href":"https:\/\/www.diarioimagen.net\/index.php?rest_route=\/wp\/v2\/media\/544127"}],"wp:attachment":[{"href":"https:\/\/www.diarioimagen.net\/index.php?rest_route=%2Fwp%2Fv2%2Fmedia&parent=544020"}],"wp:term":[{"taxonomy":"category","embeddable":true,"href":"https:\/\/www.diarioimagen.net\/index.php?rest_route=%2Fwp%2Fv2%2Fcategories&post=544020"},{"taxonomy":"post_tag","embeddable":true,"href":"https:\/\/www.diarioimagen.net\/index.php?rest_route=%2Fwp%2Fv2%2Ftags&post=544020"}],"curies":[{"name":"wp","href":"https:\/\/api.w.org\/{rel}","templated":true}]}}