{"id":544051,"date":"2022-04-25T00:05:28","date_gmt":"2022-04-25T05:05:28","guid":{"rendered":"https:\/\/www.diarioimagen.net\/?p=544051"},"modified":"2022-04-25T01:02:50","modified_gmt":"2022-04-25T06:02:50","slug":"litio-y-los-traidores","status":"publish","type":"post","link":"https:\/\/www.diarioimagen.net\/?p=544051","title":{"rendered":"Litio y los traidores"},"content":{"rendered":"<h2>Desde el portal<\/h2>\n<h5>\u00c1ngel Soriano<\/h5>\n<p>&nbsp;<\/p>\n<p>La jefa de gobierno de la CDMX y aspirante presidencial, Claudia Sheinbaum Pardo, ratific\u00f3 en Xochimilco la l\u00ednea oficial de la IV-T, de llamar traidores a los legisladores y legisladoras que votaron en contra de la Reforma El\u00e9ctrica y llamar nacionalizaci\u00f3n del litio a la creaci\u00f3n de una empresa similar a la CFE para su manejo en el campo de la exploraci\u00f3n y comercializaci\u00f3n.<\/p>\n<p>Asimismo, destac\u00f3 la audacia del presidente Andr\u00e9s Manuel L\u00f3pez Obrador que evadi\u00f3 el cerco de los diputados opositores a la Ley de la Industria El\u00e9ctrica al decretar la SCJN su Constitucionalidad lo cual permitir\u00e1 a la CFE asumir todo el control en producci\u00f3n y distribuci\u00f3n de la energ\u00eda consumando la preponderancia del Estado en materia el\u00e9ctrica.<\/p>\n<p>Sheinbaum, al igual que los funcionarios y partidarios de la IV Transformaci\u00f3n, tienen la encomienda de dar m\u00e1xima publicidad a tales lineamientos y cacarear que con lo del litio se consuma la nacionalizaci\u00f3n de la \u00e9poca moderna, de la misma manera de c\u00f3mo lo hizo L\u00e1zaro C\u00e1rdenas con el petr\u00f3leo y el presidente L\u00f3pez Mateos en la electricidad. De tal manera que los diputados (as) que votaron en San L\u00e1zaro en contra de las reformas constitucionales en materia el\u00e9ctrica, tendr\u00e1n que apechugar una nueva andanada de fuertes cr\u00edticas \u201cpor su actitud entreguista a las empresas trasnacionales y en contra de los intereses del pueblo de M\u00e9xico para consolidar la soberan\u00eda nacional en rubros estrat\u00e9gicos\u201d.<\/p>\n<p style=\"text-align: center;\"><strong>Turbulencias<br \/>\nOaxaca se conecta al mundo<\/strong><\/p>\n<p>En San Juan de Ul\u00faa, en el puerto de Veracruz, el presidente Andr\u00e9s Manuel L\u00f3pez Obrador presidi\u00f3 una magna reuni\u00f3n con los gobernadores de Oaxaca, Veracruz y Chiapas para abordar lo relacionado con el Corredor Interoce\u00e1nico el cual iniciar\u00e1 operaciones este mismo a\u00f1o y que, de acuerdo a la informado por el gobernador Alejandro Murat, \u201ctodo est\u00e1 listo\u201d para la puesta en marcha cuando menos del ferrocarril para la transportaci\u00f3n de mercanc\u00edas del Oce\u00e1nico Pac\u00edfico al Atl\u00e1ntico. El mandatario destac\u00f3 la nueva recomposici\u00f3n geopol\u00edtica mundial por la guerra y la pandemia que ha elevado costos en la transportaci\u00f3n de suministros para la industria y que representa una gran oportunidad para el magno proyecto que, dijo, es diferente al Canal de Panam\u00e1, pues \u00e9ste es una obra con proyecci\u00f3n social para detonar la regi\u00f3n que incluye 44 municipios de la regi\u00f3n del Istmo de Tehuantepec\u2026 El director del proyecto, Rafael Mar\u00edn Mollinedo, dijo que adem\u00e1s de los atractivos fiscales y facilitaci\u00f3n de tr\u00e1mites y permisos para los inversionistas, se ofrecen aeropuertos, puertos y carreteras que comunicar\u00e1n con el sureste y Centroam\u00e9rica, donde tambi\u00e9n hay un vasto mercado no aprovechado debido a la falta de infraestructura. La conectividad ser\u00e1 con Am\u00e9rica del Norte, Asia, Europa y Sudam\u00e9rica para consolidar un amplio bloque comercial. En Salina Cruz pr\u00e1cticamente se har\u00e1 un nuevo puerto para recibir buques de gran calado y reducir costos de transportaci\u00f3n de contenedores cuyos precios se han elevado debido a la situaci\u00f3n mundial\u2026 Todo parece indicar que el proyecto regional -con proyecci\u00f3n internacional-, ser\u00e1 una realidad este mismo a\u00f1o. \u201cEstamos muy emocionados\u201d expuso el gobernador Murat en San Juan de Ul\u00faa, donde el mismo embajador estadunidense Ken Salazar se comprometi\u00f3 a promover inversiones para el pa\u00eds\u2026 Y al respecto, el presidente L\u00f3pez Obrador se\u00f1ala que la constitucionalidad de la Ley de la Industria El\u00e9ctrica decretada por el Poder Judicial no admitir\u00e1 amparos por lo que las empresas, cuyos contratos ventajosos ser\u00e1n desconocidos, tendr\u00e1n que asumir su responsabilidad ya que los mismos ser\u00e1n revisados y conciliados, para evitar acciones desventajosas para esos inversionistas\u2026 Una buena y una mala: la oposici\u00f3n ech\u00f3 abajo la refroma el\u00e9ctrica pero la SCJN les enmend\u00f3 la plana.<\/p>\n<p><u><a href=\"mailto:asorianocarrasco@yahoo.com\" target=\"_blank\" rel=\"noopener noreferrer\"><em>asorianocarrasco@yahoo.com<\/em><\/a><br \/>\n<em><a href=\"https:\/\/revistabrecha.com\" target=\"_blank\" rel=\"noopener noreferrer\">www.revistabrecha.com<\/a><br \/>\n<a href=\"https:\/\/twitter.com\/brecharevista\" target=\"_blank\" rel=\"noopener noreferrer\">@BrechaRevista<\/a><\/em><\/u><\/p>\n","protected":false},"excerpt":{"rendered":"<p><span style=\"color: #005497;\"><strong>\u00c1ngel Soriano<\/strong><\/span><\/p>\n","protected":false},"author":3,"featured_media":0,"comment_status":"open","ping_status":"open","sticky":false,"template":"","format":"standard","meta":{"_monsterinsights_skip_tracking":false,"_monsterinsights_sitenote_active":false,"_monsterinsights_sitenote_note":"","_monsterinsights_sitenote_category":0,"footnotes":""},"categories":[135],"tags":[85,86,43674],"class_list":["post-544051","post","type-post","status-publish","format-standard","hentry","category-angel-soriano-opinion","tag-angel-soriano","tag-desde-el-portal","tag-opinion"],"_links":{"self":[{"href":"https:\/\/www.diarioimagen.net\/index.php?rest_route=\/wp\/v2\/posts\/544051","targetHints":{"allow":["GET"]}}],"collection":[{"href":"https:\/\/www.diarioimagen.net\/index.php?rest_route=\/wp\/v2\/posts"}],"about":[{"href":"https:\/\/www.diarioimagen.net\/index.php?rest_route=\/wp\/v2\/types\/post"}],"author":[{"embeddable":true,"href":"https:\/\/www.diarioimagen.net\/index.php?rest_route=\/wp\/v2\/users\/3"}],"replies":[{"embeddable":true,"href":"https:\/\/www.diarioimagen.net\/index.php?rest_route=%2Fwp%2Fv2%2Fcomments&post=544051"}],"version-history":[{"count":0,"href":"https:\/\/www.diarioimagen.net\/index.php?rest_route=\/wp\/v2\/posts\/544051\/revisions"}],"wp:attachment":[{"href":"https:\/\/www.diarioimagen.net\/index.php?rest_route=%2Fwp%2Fv2%2Fmedia&parent=544051"}],"wp:term":[{"taxonomy":"category","embeddable":true,"href":"https:\/\/www.diarioimagen.net\/index.php?rest_route=%2Fwp%2Fv2%2Fcategories&post=544051"},{"taxonomy":"post_tag","embeddable":true,"href":"https:\/\/www.diarioimagen.net\/index.php?rest_route=%2Fwp%2Fv2%2Ftags&post=544051"}],"curies":[{"name":"wp","href":"https:\/\/api.w.org\/{rel}","templated":true}]}}