{"id":544057,"date":"2022-04-25T00:08:57","date_gmt":"2022-04-25T05:08:57","guid":{"rendered":"https:\/\/www.diarioimagen.net\/?p=544057"},"modified":"2022-04-25T01:06:39","modified_gmt":"2022-04-25T06:06:39","slug":"feminicidios-3","status":"publish","type":"post","link":"https:\/\/www.diarioimagen.net\/?p=544057","title":{"rendered":"Feminicidios"},"content":{"rendered":"<h2>Punto por punto<\/h2>\n<h5>Augusto Corro<\/h5>\n<p>&nbsp;<\/p>\n<p>En diferentes partes del pa\u00eds los femicidios se multiplican y las autoridades poco o nada hacen para evitarlos.<\/p>\n<p>Una vez registrado el hecho delictivo, los representantes de la ley se concretan a mal informar a los parientes de las v\u00edctimas.<\/p>\n<p>El punto central de los gobiernos municipal, estatal y federal es justificar sus errores.<\/p>\n<p>Tambi\u00e9n es importante se\u00f1alar que la sociedad mexicana no cuenta con medidas preventivas contra las desapariciones y los feminicidios.<\/p>\n<p>Los presupuestos para la investigaci\u00f3n de secuestros o asesinatos son raqu\u00edticos. No se le da importancia a los hechos delictivos.<\/p>\n<p>Y si no se cuenta con recursos econ\u00f3micos suficientes para prevenir los asesinatos, los pol\u00edticos se escudan en sus discursos que se lleva el viento.<\/p>\n<p>Si los investigadores no tienen los recursos econ\u00f3micos necesarios para cumplir su tarea y tampoco la preparaci\u00f3n suficiente para llevarla a cabo, los resultados son verdaderas cat\u00e1strofes.<\/p>\n<p>En diferentes sitios de M\u00e9xico se exige justicia para castigar a los feminicidas, que sin mucho esfuerzo libran la acci\u00f3n de la justicia.<\/p>\n<p>Los asesinatos de mujeres son m\u00e1s que preocupantes. Acent\u00faan m\u00e1s la inseguridad que priva en nuestro pa\u00eds.<\/p>\n<p>La espiral de violencia e inseguridad son temas que se tratan diariamente en los diferentes medios de comunicaci\u00f3n.<\/p>\n<p>Cada d\u00eda nos enteramos de las acciones criminales que padecen las j\u00f3venes, adolescentes y ni\u00f1as.<\/p>\n<p>Seguimos consternados por el asesinato de Debanhi Escobar, 18 a\u00f1os, universitaria, que desapareci\u00f3 desde el 9 de abril.<\/p>\n<p>El cuerpo sin vida de la joven fue encontrado 13 d\u00edas despu\u00e9s en una cisterna ubicada al lado de un motel. El hallazgo provoc\u00f3 indignaci\u00f3n.<\/p>\n<p>Debanhi fue atacada y asesinada de un golpe en la cabeza, seg\u00fan informaci\u00f3n de la Fiscal\u00eda de Nuevo Le\u00f3n.<\/p>\n<p>En la madrugada de su desaparici\u00f3n, la universitaria estaba abandonada en una carretera cerca del mencionado hotel.<\/p>\n<p>Cerca se encuentra una empresa de transportes de carga a la que supuestamente fue la joven a pedir ayuda.<\/p>\n<p>La Fiscal\u00eda de Nuevo Le\u00f3n y sus investigadores actuaron con lentitud e ineptitud. El cuerpo sin vida de la universitaria estaba en un espacio que fue rastreado varias veces.<\/p>\n<p>Los protocolos de prevenci\u00f3n contra los secuestros dif\u00edcilmente funcionan. De ah\u00ed la importancia de buscar medidas m\u00e1s pr\u00e1cticas para enfrentar un delito que no parece tener fin.<\/p>\n<p>Precisamente, Mario Escobar, el padre de Debanhi declar\u00f3 lo siguiente:<\/p>\n<p>\u201cCre\u00edamos con el coraz\u00f3n que la \u00edbamos a encontrar viva, de que la \u00edbamos a encontrar la \u00edbamos a encontrar; pero pasaban los d\u00edas y la Fiscal\u00eda hizo mal su trabajo, no me han entregado lo que por ley me pertenece, todas las carpetas (del caso)\u201d.<\/p>\n<p>Las autoridades tienen, pues, la obligaci\u00f3n de prevenir las desapariciones y los feminicidios. Ser\u00e1 dif\u00edcil lograrlo si no se destinan m\u00e1s recursos y personal m\u00e1s capaz que atienda las alertas de desaparici\u00f3n sin perder tiempo.<\/p>\n<p>Ante la amenaza de los feminicidios es urgente que las autoridades revisen sus estrategias para prevenirlos e investigarlos.<\/p>\n<p>Especialistas declararon que los recursos destinados en el Presupuesto de Egresos de la Federaci\u00f3n (PEF) a programas para atajar la violencia contra las mujeres s\u00f3lo \u201cson migajas que evidencian el inter\u00e9s de este gobierno para atender este flagelo multifac\u00e9tico.<\/p>\n<p>Cabe se\u00f1alar que el feminicidio, que en 2021 registr\u00f3 cifras mensuales hist\u00f3ricas, se increment\u00f3 4 por ciento en febrero pasado.<\/p>\n<p>Ocuparon los primeros lugares en asesinatos de mujeres los siguientes estados: Aguascalientes, Campeche, Tabasco y Oaxaca.<\/p>\n<p>Ayer a las 12 horas se efectu\u00f3 una marcha feminista para exigir justicia por la muerte de Debanhi Escobar y visibilizar la desaparici\u00f3n y muerte de mujeres en M\u00e9xico.<\/p>\n<p>\u00bfUsted qu\u00e9 opina amable lector?<\/p>\n<p><a href=\"mailto:aco2742@hotmail.com\" target=\"_blank\" rel=\"noopener noreferrer\"><em>aco2742@hotmail.com<\/em><\/a><\/p>\n","protected":false},"excerpt":{"rendered":"<p><span style=\"color: #005497;\"><strong>Augusto Corro<\/strong><\/span><\/p>\n","protected":false},"author":3,"featured_media":0,"comment_status":"open","ping_status":"open","sticky":false,"template":"","format":"standard","meta":{"_monsterinsights_skip_tracking":false,"_monsterinsights_sitenote_active":false,"_monsterinsights_sitenote_note":"","_monsterinsights_sitenote_category":0,"footnotes":""},"categories":[157],"tags":[43686,43674,11515],"class_list":["post-544057","post","type-post","status-publish","format-standard","hentry","category-augusto-corro","tag-augusto-corro","tag-opinion","tag-punto-por-punto"],"_links":{"self":[{"href":"https:\/\/www.diarioimagen.net\/index.php?rest_route=\/wp\/v2\/posts\/544057","targetHints":{"allow":["GET"]}}],"collection":[{"href":"https:\/\/www.diarioimagen.net\/index.php?rest_route=\/wp\/v2\/posts"}],"about":[{"href":"https:\/\/www.diarioimagen.net\/index.php?rest_route=\/wp\/v2\/types\/post"}],"author":[{"embeddable":true,"href":"https:\/\/www.diarioimagen.net\/index.php?rest_route=\/wp\/v2\/users\/3"}],"replies":[{"embeddable":true,"href":"https:\/\/www.diarioimagen.net\/index.php?rest_route=%2Fwp%2Fv2%2Fcomments&post=544057"}],"version-history":[{"count":0,"href":"https:\/\/www.diarioimagen.net\/index.php?rest_route=\/wp\/v2\/posts\/544057\/revisions"}],"wp:attachment":[{"href":"https:\/\/www.diarioimagen.net\/index.php?rest_route=%2Fwp%2Fv2%2Fmedia&parent=544057"}],"wp:term":[{"taxonomy":"category","embeddable":true,"href":"https:\/\/www.diarioimagen.net\/index.php?rest_route=%2Fwp%2Fv2%2Fcategories&post=544057"},{"taxonomy":"post_tag","embeddable":true,"href":"https:\/\/www.diarioimagen.net\/index.php?rest_route=%2Fwp%2Fv2%2Ftags&post=544057"}],"curies":[{"name":"wp","href":"https:\/\/api.w.org\/{rel}","templated":true}]}}