{"id":544078,"date":"2022-04-25T00:12:32","date_gmt":"2022-04-25T05:12:32","guid":{"rendered":"https:\/\/www.diarioimagen.net\/?p=544078"},"modified":"2022-04-26T03:31:02","modified_gmt":"2022-04-26T08:31:02","slug":"no-el-pleito-scherer-gertz-no-es-un-simple-pleito","status":"publish","type":"post","link":"https:\/\/www.diarioimagen.net\/?p=544078","title":{"rendered":"No, el pleito Scherer-Gertz no es un simple pleito"},"content":{"rendered":"<h2>Tras la puerta del poder<\/h2>\n<h5>Roberto Vizca\u00edno<\/h5>\n<p>&nbsp;<\/p>\n<p>El viernes anterior, apenas un mes despu\u00e9s de la denuncia p\u00fablica, vino la denuncia judicial-penal formal de <strong>Julio Scherer Jr<\/strong>., ex asesor jur\u00eddico del presidente\u00a0<strong>Andr\u00e9s Manuel L\u00f3pez Obrador<\/strong>\u00a0ante\u00a0<strong>Mar\u00eda de la Luz Mijangos (esposa del abogado Jaime C\u00e1rdenas),<\/strong>\u00a0Fiscal Especializada de Combate a la Corrupci\u00f3n, contra el Fiscal General de la Rep\u00fablica\u00a0<strong>Alejandro Gertz Manero<\/strong>.<\/p>\n<p>El denunciante acusa a\u00a0<strong>Gertz<\/strong>\u00a0y a 4 de sus colaboradores -al subprocurador<strong>\u00a0Juan Ramos L\u00f3pez<\/strong>; al fiscal\u00a0<strong>Manuel Granados<\/strong>;\u00a0<strong>Adriana Campos<\/strong>, de la Fiscal\u00eda Especializada en Asuntos Internos, y a la agente del Ministerio Publico,\u00a0<strong>Eugenia Casta\u00f1\u00f3n-,\u00a0<\/strong>de tr\u00e1fico de influencias, coalici\u00f3n de servidores p\u00fablicos y asociaci\u00f3n delictuosa.<\/p>\n<p>\u00bfPor qu\u00e9 los denuncia?<\/p>\n<p>\u201c(Porque) La ley me impone el deber de denunciar\u00a0<strong>al constarme hechos probablemente constitutivos de delit<\/strong>o. Tal como lo expuse en la carta publicada el\u00a0<strong>20 de marzo en el semanario <em>Proceso<\/em><\/strong>.<\/p>\n<p>\u201cEn algunos casos\u00a0<strong>he sido testigo y en otros v\u00edctima<\/strong>\u00a0de hechos que involucran, de manera directa, principalmente al hoy Fiscal <strong>Alejandro Gertz Manero<\/strong>\u00a0y otros servidores p\u00fablicos&#8230;<\/p>\n<p>\u201cUtilizaron su poder y sus cargos\u00a0<strong>para convertir a la Fiscal\u00eda General de la Rep\u00fablica en un aparato p\u00fablico que \u00fanicamente ha funcionado y funciona para ejecutar las venganzas personales<\/strong>\u00a0de su titular,\u00a0<strong>vali\u00e9ndose de lo m\u00e1s fuerte que puede tener el Estado\u00a0<\/strong>que es\u00a0<strong>el poder punitivo de dicha instituci\u00f3n<\/strong>\u00a0para poder saciar dichas vendettas&#8230;<\/p>\n<p>\u201cHoy, los \u2018<em>enemigos<\/em>\u2019 del titular de la Fiscal\u00eda General de la Rep\u00fablica son el \u00fanico blanco de la justicia, su justicia. Prueba de ello son las diversas investigaciones (fabricaciones), persecuciones y pesquisas que ha iniciado en contra de su familia pol\u00edtica, de cient\u00edficos, de personajes relacionados con la UDLAP, de mujeres, empresas, empresarios y otras personas que son ajenas a su visi\u00f3n o a sus intereses\u201d, enumera.<\/p>\n<p>La obviedad nos dice que\u00a0<strong>Scherer<\/strong>\u00a0hizo p\u00fablica el 20 de marzo pasado, a trav\u00e9s de <strong><em>Proceso<\/em><\/strong>, la actuaci\u00f3n delictuosa de\u00a0<strong>Gertz Manero<\/strong>\u00a0con la intenci\u00f3n de que el presidente\u00a0<strong>Andr\u00e9s Manuel L\u00f3pez Obrador<\/strong>\u00a0iniciara su remoci\u00f3n-sustituci\u00f3n.<\/p>\n<p>Al ver que eso no oper\u00f3, ahora inicia el proceso judicial-penal formal en contra del Fiscal. Ahora ni\u00a0<strong>AMLO<\/strong>, ni\u00a0<strong>Gertz\u00a0<\/strong>podr\u00e1n eludir una respuesta.<\/p>\n<p>El paso advierte que\u00a0<strong>Scherer Jr.<\/strong>\u00a0va a fondo. No es pose. Su camino ya no tiene retorno. No hay espacio para \u201cdisculpe, me equivoqu\u00e9, me retracto&#8230;\u201d No, su denuncia ya no es negociable.<\/p>\n<p>En su denuncia \u201cse cura en salud\u201d al advertir que sabe que\u00a0<strong>Gertz<\/strong>\u00a0le abri\u00f3 ya carpetas de investigaci\u00f3n casi por los mismos delitos que \u00e9l lo acusa:<strong>\u00a0tr\u00e1fico de influencias y extorsi\u00f3n.<\/strong><\/p>\n<p>Sin duda, este no es s\u00f3lo un pleito judicial m\u00e1s, no. Este juicio puede embarrar y meter al proceso penal al presidente<strong> L\u00f3pez Obrador. <\/strong>Que ya lo marc\u00f3 hist\u00f3rica y pol\u00edticamente, sin duda.<\/p>\n<p style=\"text-align: center;\"><strong>Monreal insiste en arar en el mar<\/strong><\/p>\n<p>El pasado fin de semana, desde San Luis Potos\u00ed,\u00a0<strong>Ricardo Monreal<\/strong>\u00a0llam\u00f3 a la dirigencia de Morena a bajarle a la rijosidad e ir a la reconciliaci\u00f3n de todos los sectores de la poblaci\u00f3n.<\/p>\n<p>\u201cNo me parece correcto profundizar la polarizaci\u00f3n y tampoco me parece afortunado que sea el insulto o el linchamiento lo que nos distinga\u201d, subray\u00f3.<\/p>\n<p>El presidente de la Junta de Coordinaci\u00f3n Pol\u00edtica y l\u00edder de Morena en el Senado, precandidato presidencial,\u00a0<strong>Monreal,<\/strong>\u00a0le dijo a los dirigentes de su partido que se\u00f1alar como \u201ctraidores a la patria\u201d a los diputados de la oposici\u00f3n por votar contra la reforma el\u00e9ctrica, implica imputarles un delito grave de acuerdo con la Constituci\u00f3n.<\/p>\n<p>Lo que M\u00e9xico necesita en este momento de polarizaci\u00f3n, dijo, es entendimiento, asumir acuerdos&#8230; conciliaci\u00f3n y no una confrontaci\u00f3n permanente.<\/p>\n<p>Y aclar\u00f3 que \u00e9l no los estigmatizar\u00e1 en el Senado, sino que por el contrario llamar\u00e1 a no entrar en esa vor\u00e1gine que es da\u00f1ina.<\/p>\n<p>Y record\u00f3 a su dirigencia nacional que, de acuerdo con la Constituci\u00f3n, las y los diputados no pueden ser reconvenidos en sus opiniones ni en su labor.<\/p>\n<p>Como en otros llamados del zacatecano, la dirigencia de Morena call\u00f3.<\/p>\n<p style=\"text-align: center;\"><strong>Castigo a asesinos de Debanhi<\/strong><\/p>\n<p>Dentro de enorme ola de indignaci\u00f3n social por la muerte de la joven\u00a0<strong>Debanhi Escobar<\/strong>, el zacatecano exigi\u00f3 desde su posici\u00f3n dentro del Senado una investigaci\u00f3n a fondo del caso y castigo a culpables.<\/p>\n<p>Que ni esta ni las otras v\u00edctimas de la violencia queden impunes; que se castigue de inmediato a quienes resulten responsables, exigi\u00f3 a nombre del Senado.<\/p>\n<p><strong>Monreal<\/strong>\u00a0consider\u00f3 que \u201cla impunidad genera desaliento y frustraci\u00f3n\u201d, por lo que el Estado debe garantizar seguridad a la sociedad y castigar a los delincuentes.<\/p>\n<p>\u201cJusticia para\u00a0<strong>Debanhi Escobar<\/strong>\u00a0y toda mujer v\u00edctima de violencias e indiferencia\u201d, expres\u00f3.<\/p>\n<p>Es necesario atender el reclamo social para detener los feminicidios, que no s\u00f3lo ocurren en Nuevo Le\u00f3n o Guanajuato, sino en diferentes estados del pa\u00eds, precis\u00f3.<\/p>\n<p>Subray\u00f3 que una evidente asignatura pendiente del Presidente es respecto de la seguridad en general, pero con las mujeres en lo particular&#8230;<\/p>\n<p>\u201cHay que atender este reclamo que est\u00e1 sucediendo en Nuevo Le\u00f3n, en Guanajuato, incluso en Zacatecas y en distintas partes, con las mujeres, con los feminicidios\u201d, indic\u00f3.<\/p>\n<p><em><a href=\"mailto:rvizcainoa@gmail.com\" target=\"_blank\" rel=\"noopener noreferrer\">vizcainoa@gmail.com<\/a><a href=\"mailto:rvizcainoa@gmail.com\" target=\"_blank\" rel=\"noopener noreferrer\"><br \/>\n<\/a><a href=\"http:\/\/endirecto.mx\" target=\"_blank\" rel=\"noopener noreferrer\">www.endirecto.mx<\/a><a href=\"mailto:rvizcainoa@gmail.com\" target=\"_blank\" rel=\"noopener noreferrer\"><br \/>\n<\/a><a href=\"https:\/\/twitter.com\/_rvizcaino\" target=\"_blank\" rel=\"noopener noreferrer\">@_RVizcaino<\/a><a href=\"mailto:rvizcainoa@gmail.com\" target=\"_blank\" rel=\"noopener noreferrer\"><br \/>\n<\/a><a href=\"https:\/\/www.facebook.com\/rvizcainoa\" target=\"_blank\" rel=\"noopener noreferrer\">facebook.com\/rvizcainoa<\/a><\/em><\/p>\n","protected":false},"excerpt":{"rendered":"<p><span style=\"color: #005497;\"><strong>Roberto Vizca\u00edno<\/strong><\/span><br \/>\n<br \/>\nEl viernes anterior, apenas un mes despu\u00e9s de la denuncia p\u00fablica, vino la denuncia judicial-penal formal de <strong>Julio Scherer Jr<\/strong>., ex asesor jur\u00eddico del presidente <strong>Andr\u00e9s Manuel L\u00f3pez Obrador<\/strong> ante <strong>Mar\u00eda de la Luz Mijangos (esposa del abogado Jaime C\u00e1rdenas),<\/strong> Fiscal Especializada de Combate a la Corrupci\u00f3n, contra el Fiscal General de la Rep\u00fablica <strong>Alejandro Gertz Manero<\/strong>.<\/p>\n","protected":false},"author":3,"featured_media":0,"comment_status":"open","ping_status":"open","sticky":false,"template":"","format":"standard","meta":{"_monsterinsights_skip_tracking":false,"_monsterinsights_sitenote_active":false,"_monsterinsights_sitenote_note":"","_monsterinsights_sitenote_category":0,"footnotes":""},"categories":[136],"tags":[43674,93,94],"class_list":["post-544078","post","type-post","status-publish","format-standard","hentry","category-roberto-vizcaino-opinion","tag-opinion","tag-roberto-vizcaino","tag-tras-la-puerta-del-poder"],"_links":{"self":[{"href":"https:\/\/www.diarioimagen.net\/index.php?rest_route=\/wp\/v2\/posts\/544078","targetHints":{"allow":["GET"]}}],"collection":[{"href":"https:\/\/www.diarioimagen.net\/index.php?rest_route=\/wp\/v2\/posts"}],"about":[{"href":"https:\/\/www.diarioimagen.net\/index.php?rest_route=\/wp\/v2\/types\/post"}],"author":[{"embeddable":true,"href":"https:\/\/www.diarioimagen.net\/index.php?rest_route=\/wp\/v2\/users\/3"}],"replies":[{"embeddable":true,"href":"https:\/\/www.diarioimagen.net\/index.php?rest_route=%2Fwp%2Fv2%2Fcomments&post=544078"}],"version-history":[{"count":0,"href":"https:\/\/www.diarioimagen.net\/index.php?rest_route=\/wp\/v2\/posts\/544078\/revisions"}],"wp:attachment":[{"href":"https:\/\/www.diarioimagen.net\/index.php?rest_route=%2Fwp%2Fv2%2Fmedia&parent=544078"}],"wp:term":[{"taxonomy":"category","embeddable":true,"href":"https:\/\/www.diarioimagen.net\/index.php?rest_route=%2Fwp%2Fv2%2Fcategories&post=544078"},{"taxonomy":"post_tag","embeddable":true,"href":"https:\/\/www.diarioimagen.net\/index.php?rest_route=%2Fwp%2Fv2%2Ftags&post=544078"}],"curies":[{"name":"wp","href":"https:\/\/api.w.org\/{rel}","templated":true}]}}