{"id":544172,"date":"2022-04-26T00:05:23","date_gmt":"2022-04-26T05:05:23","guid":{"rendered":"https:\/\/www.diarioimagen.net\/?p=544172"},"modified":"2022-04-26T22:24:24","modified_gmt":"2022-04-27T03:24:24","slug":"comunidad-de-la-facultad-de-quimica-uaemex-formada-con-altos-estandares-cebd","status":"publish","type":"post","link":"https:\/\/www.diarioimagen.net\/?p=544172","title":{"rendered":"Comunidad de la Facultad de Qu\u00edmica UAEM\u00e9x, formada con altos est\u00e1ndares: CEBD"},"content":{"rendered":"<p><em>\u00a0<\/em><\/p>\n<ul>\n<li><strong><em>El rector de la Aut\u00f3noma mexiquense, Carlos Eduardo Barrera D\u00edaz, entreg\u00f3 infraestructura acad\u00e9mica y rehabilitaci\u00f3n de instalaciones en el Campus \u201cEl Cerrillo\u201d<\/em><\/strong><\/li>\n<\/ul>\n<p>&nbsp;<\/p>\n<div id=\"attachment_544272\" style=\"width: 470px\" class=\"wp-caption aligncenter\"><a href=\"https:\/\/www.diarioimagen.net\/?attachment_id=544272\" rel=\"attachment wp-att-544272\"><img loading=\"lazy\" decoding=\"async\" aria-describedby=\"caption-attachment-544272\" class=\"size-full wp-image-544272\" src=\"https:\/\/www.diarioimagen.net\/wp-content\/uploads\/2022\/04\/uaem-14.jpg\" alt=\"\" width=\"460\" height=\"270\" \/><\/a><p id=\"caption-attachment-544272\" class=\"wp-caption-text\">El rector de la Aut\u00f3noma mexiquense, Carlos Eduardo Barrera D\u00edaz, hizo entrega del Edificio Anexo de dos niveles, conformado por dos laboratorios, sala de c\u00f3mputo, tres aulas, espacio de cub\u00edculos y sanitarios, as\u00ed como la rehabilitaci\u00f3n de la cancha de b\u00e1squetbol.<\/p><\/div>\n<p>&nbsp;<\/p>\n<p><strong>Toluca, Estado de M\u00e9xico.\u2014<\/strong> En beneficio de la comunidad estudiantil, el rector de la Universidad Aut\u00f3noma del Estado de M\u00e9xico (UAEM\u00e9x), Carlos Eduardo Barrera D\u00edaz, entreg\u00f3 en el Campus \u201cEl Cerrillo\u201d de la Facultad de Qu\u00edmica, infraestructura y rehabilitaci\u00f3n de instalaciones; asimismo, dio el banderazo de salida a la nueva ruta del Potrob\u00fas: Qu\u00edmica Cerrillo-Qu\u00edmica Col\u00f3n.<\/p>\n<p>En el marco del segundo informe anual de actividades del director de la Facultad de Qu\u00edmica, V\u00edctor Varela Guerrero, el rector de la Aut\u00f3noma mexiquense hizo entrega del Edificio Anexo de dos niveles, conformado por dos laboratorios, sala de c\u00f3mputo, tres aulas, espacio de cub\u00edculos y sanitarios, as\u00ed como la rehabilitaci\u00f3n de la cancha de b\u00e1squetbol.<\/p>\n<p>Barrera D\u00edaz recorri\u00f3 las instalaciones del campus y cort\u00f3 el list\u00f3n inaugural de la Planta Piloto de Gel y Jab\u00f3n Antibacterial, donde se producen estos insumos para dotar a todos los espacios universitarios. De igual manera, reconoci\u00f3 el trabajo de la comunidad universitaria de este espacio, cuya propuesta acad\u00e9mica est\u00e1 comprometida con la sustentabilidad y cuenta con reconocimiento a nivel nacional e internacional.<\/p>\n<p>\u201cEs gratificante observar la energ\u00eda y creatividad de las nuevas generaciones de qu\u00edmicas y qu\u00edmicos, que adem\u00e1s de formarse en un ambiente de enorme exigencia, mostraron su creatividad y sensibilidad social, al organizar la producci\u00f3n de gel antibacterial y jab\u00f3n l\u00edquido que se consume en toda la Universidad\u201d, afirm\u00f3.<\/p>\n<p>Tambi\u00e9n visit\u00f3 la Planta Piloto de Pintura, donde en breve se prev\u00e9 producir este l\u00edquido para pintar los distintos espacios que conforman la UAEM\u00e9x. Dio a conocer que, entre otras acciones, se inici\u00f3 la impermeabilizaci\u00f3n de los espacios universitarios, entre los que se encuentra el Centro Conjunto de Investigaci\u00f3n en Qu\u00edmica Sustentable UAEM-UNAM, el cual fue renovado recientemente, junto con el banco de bater\u00edas para que cuente con energ\u00eda el\u00e9ctrica regulada, lo que permitir\u00e1 el funcionamiento adecuado de todos los equipos.<\/p>\n<p>Devel\u00f3 la c\u00e9dula de identificaci\u00f3n del mural art\u00edstico \u201cTrait\u00e9 El\u00e9mentaire de Chimie\u201d, que se ubica en el Edificio de Petroqu\u00edmica, autor\u00eda de la alumna de Qu\u00edmica Farmac\u00e9utica Biol\u00f3gica, X\u00f3chitl Montoya Gonz\u00e1lez, quien gan\u00f3 el primer lugar con esta propuesta en el Concurso Nacional de Arte Qu\u00edmico, convocado por la Sociedad Qu\u00edmica de M\u00e9xico.<\/p>\n<p>En su oportunidad, V\u00edctor Varela Guerrero inform\u00f3 que este organismo acad\u00e9mico cuenta con una matr\u00edcula de mil 250 alumnos, as\u00ed como 84 Profesores de Tiempo Completo (PTC), de los cuales, 46 son miembros del Sistema Nacional de Investigadores (SNI).<\/p>\n<p>Indic\u00f3 que la calidad cient\u00edfica de la Facultad ha dado como resultado el registro de siete tr\u00e1mites de patente y ocho en proceso de obtenerlo.<\/p>\n<p>Refiri\u00f3 que resultado de la Convocatoria para Financiamiento de Mujeres Cient\u00edficas que emiti\u00f3 el Consejo Mexiquense de Ciencia y Tecnolog\u00eda (COMECyT), de las 31 propuestas ganadoras que representan a la UAEM\u00e9x, 10 son lideradas por investigadoras con grado de doctorado de la Facultad de Qu\u00edmica.<\/p>\n<p>A este acto de rendici\u00f3n de cuentas acudieron el director del Instituto de Qu\u00edmica de la UNAM, Jorge Pe\u00f3n Peralta, integrantes del gabinete universitario, ex directores de la Facultad, as\u00ed como comunidad que integra este espacio acad\u00e9mico.<\/p>\n","protected":false},"excerpt":{"rendered":"<p>En beneficio de la comunidad estudiantil, el rector de la Universidad Aut\u00f3noma del Estado de M\u00e9xico (UAEM\u00e9x), Carlos Eduardo Barrera D\u00edaz, entreg\u00f3 en el Campus \u201cEl Cerrillo\u201d de la Facultad de Qu\u00edmica, infraestructura y rehabilitaci\u00f3n de instalaciones; asimismo, dio el banderazo de salida a la nueva ruta del Potrob\u00fas: Qu\u00edmica Cerrillo-Qu\u00edmica Col\u00f3n.<\/p>\n","protected":false},"author":3,"featured_media":544272,"comment_status":"open","ping_status":"open","sticky":false,"template":"","format":"standard","meta":{"_monsterinsights_skip_tracking":false,"_monsterinsights_sitenote_active":false,"_monsterinsights_sitenote_note":"","_monsterinsights_sitenote_category":0,"footnotes":""},"categories":[5],"tags":[94121,95300,67878],"class_list":["post-544172","post","type-post","status-publish","format-standard","has-post-thumbnail","hentry","category-estado-de-mexico","tag-cebd","tag-formada","tag-uaemex"],"_links":{"self":[{"href":"https:\/\/www.diarioimagen.net\/index.php?rest_route=\/wp\/v2\/posts\/544172","targetHints":{"allow":["GET"]}}],"collection":[{"href":"https:\/\/www.diarioimagen.net\/index.php?rest_route=\/wp\/v2\/posts"}],"about":[{"href":"https:\/\/www.diarioimagen.net\/index.php?rest_route=\/wp\/v2\/types\/post"}],"author":[{"embeddable":true,"href":"https:\/\/www.diarioimagen.net\/index.php?rest_route=\/wp\/v2\/users\/3"}],"replies":[{"embeddable":true,"href":"https:\/\/www.diarioimagen.net\/index.php?rest_route=%2Fwp%2Fv2%2Fcomments&post=544172"}],"version-history":[{"count":0,"href":"https:\/\/www.diarioimagen.net\/index.php?rest_route=\/wp\/v2\/posts\/544172\/revisions"}],"wp:featuredmedia":[{"embeddable":true,"href":"https:\/\/www.diarioimagen.net\/index.php?rest_route=\/wp\/v2\/media\/544272"}],"wp:attachment":[{"href":"https:\/\/www.diarioimagen.net\/index.php?rest_route=%2Fwp%2Fv2%2Fmedia&parent=544172"}],"wp:term":[{"taxonomy":"category","embeddable":true,"href":"https:\/\/www.diarioimagen.net\/index.php?rest_route=%2Fwp%2Fv2%2Fcategories&post=544172"},{"taxonomy":"post_tag","embeddable":true,"href":"https:\/\/www.diarioimagen.net\/index.php?rest_route=%2Fwp%2Fv2%2Ftags&post=544172"}],"curies":[{"name":"wp","href":"https:\/\/api.w.org\/{rel}","templated":true}]}}