{"id":544179,"date":"2022-04-26T00:02:38","date_gmt":"2022-04-26T05:02:38","guid":{"rendered":"https:\/\/www.diarioimagen.net\/?p=544179"},"modified":"2022-04-26T07:16:06","modified_gmt":"2022-04-26T12:16:06","slug":"se-realizo-primera-cumbre-de-gobiernos-verdes-en-el-teatro-morelos-en-toluca","status":"publish","type":"post","link":"https:\/\/www.diarioimagen.net\/?p=544179","title":{"rendered":"Se realiz\u00f3 Primera Cumbre de Gobiernos Verdes en el Teatro Morelos, en Toluca"},"content":{"rendered":"<p>&nbsp;<\/p>\n<ul>\n<li><strong><em>Urge una agenda\u00a0medioambiental: PVEM<\/em><\/strong><\/li>\n<\/ul>\n<p>&nbsp;<\/p>\n<div id=\"attachment_544335\" style=\"width: 470px\" class=\"wp-caption aligncenter\"><a href=\"https:\/\/www.diarioimagen.net\/?attachment_id=544335\" rel=\"attachment wp-att-544335\"><img loading=\"lazy\" decoding=\"async\" aria-describedby=\"caption-attachment-544335\" class=\"size-full wp-image-544335\" src=\"https:\/\/www.diarioimagen.net\/wp-content\/uploads\/2022\/04\/toluca-3-1.jpg\" alt=\"\" width=\"460\" height=\"270\" \/><\/a><p id=\"caption-attachment-544335\" class=\"wp-caption-text\">Para contribuir al logro de los objetivos de la Agenda 2030, se realiz\u00f3 la Primera Cumbre de Gobiernos Verdes, en el Teatro Morelos, en Toluca.<\/p><\/div>\n<p>&nbsp;<\/p>\n<p><strong>Toluca, Estado de M\u00e9xico.\u2014<\/strong> Con el objetivo de escuchar y analizar necesidades y preocupaciones de los servidores p\u00fablicos del Partido Verde Ecologista de M\u00e9xico (PVEM) en el Estado de M\u00e9xico y establecer lineamientos generales de trabajo desde cada trinchera, para contribuir al logro de los objetivos de la Agenda 2030, se realiz\u00f3 la Primera Cumbre de Gobiernos Verdes, cuya sede fue el Teatro Morelos, en Toluca.<\/p>\n<p>\u201cHoy m\u00e1s que nunca se requiere de una agenda medioambiental en el Estado de M\u00e9xico porque impacta directamente en la ciudad y a su vez en el pa\u00eds, este ejercicio es un sue\u00f1o que ten\u00edamos de hace muchos a\u00f1os que esperamos se replique en los dem\u00e1s estados de la Rep\u00fablica y en un futuro hacer una nacional\u201d, destac\u00f3 Jos\u00e9 Alberto Couttolenc.<\/p>\n<p>Record\u00f3 que este partido pol\u00edtico tiene como fundamento el medio ambiente y se garantice la sustentabilidad de la humanidad en nuestro pa\u00eds. \u201cLas acciones que hoy hagamos en esta Primera Cumbre, ser\u00e1n la semilla que sembremos para un gran futuro Verde\u201d, dijo.<\/p>\n<p>Frente a Presidentes Municipales,\u00a0 S\u00edndicos, Regidores, Jefes de departamento, diputados locales y federales, as\u00ed como la estructura primaria de todos los rincones del Estado de M\u00e9xico, Castrej\u00f3n Trujillo\u00a0 precis\u00f3 que \u201clo hemos retomado no solo con el tema de las inundaciones y todos los riesgos ambientales que se dan, as\u00ed como una gran sequ\u00eda que hay en gran parte de los Estados de la Rep\u00fablica\u201d.<\/p>\n<p>Asimismo, destac\u00f3 que esta Cumbre es fundamental\u00a0 para que los Gobiernos Verdes tengan la suficiente informaci\u00f3n y est\u00e9n capacitados ya que es un tema que como Partido Verde se defender\u00e1 de forma permanente.<\/p>\n<p>Finalmente, \u201cPepe\u201d Couttolenc dijo que \u201ceste evento es un parteaguas, un antes y un despu\u00e9s, de que si nos organizamos podemos lograr much\u00edsimo, de que podemos no solo aspirar a gobernar municipios peque\u00f1os o grandes, si nos organizamos y le echamos para adelante podemos seguir conquistando voluntades\u201d.<\/p>\n","protected":false},"excerpt":{"rendered":"<p>Con el objetivo de escuchar y analizar necesidades y preocupaciones de los servidores p\u00fablicos del Partido Verde Ecologista de M\u00e9xico (PVEM) en el Estado de M\u00e9xico y establecer lineamientos generales de trabajo desde cada trinchera, para contribuir al logro de los objetivos de la Agenda 2030, se realiz\u00f3 la Primera Cumbre de Gobiernos Verdes, cuya sede fue el Teatro Morelos, en Toluca.<\/p>\n","protected":false},"author":3,"featured_media":544335,"comment_status":"open","ping_status":"open","sticky":false,"template":"","format":"standard","meta":{"_monsterinsights_skip_tracking":false,"_monsterinsights_sitenote_active":false,"_monsterinsights_sitenote_note":"","_monsterinsights_sitenote_category":0,"footnotes":""},"categories":[5],"tags":[43675,1416,452],"class_list":["post-544179","post","type-post","status-publish","format-standard","has-post-thumbnail","hentry","category-estado-de-mexico","tag-estado-de-mexico","tag-pvem","tag-toluca"],"_links":{"self":[{"href":"https:\/\/www.diarioimagen.net\/index.php?rest_route=\/wp\/v2\/posts\/544179","targetHints":{"allow":["GET"]}}],"collection":[{"href":"https:\/\/www.diarioimagen.net\/index.php?rest_route=\/wp\/v2\/posts"}],"about":[{"href":"https:\/\/www.diarioimagen.net\/index.php?rest_route=\/wp\/v2\/types\/post"}],"author":[{"embeddable":true,"href":"https:\/\/www.diarioimagen.net\/index.php?rest_route=\/wp\/v2\/users\/3"}],"replies":[{"embeddable":true,"href":"https:\/\/www.diarioimagen.net\/index.php?rest_route=%2Fwp%2Fv2%2Fcomments&post=544179"}],"version-history":[{"count":0,"href":"https:\/\/www.diarioimagen.net\/index.php?rest_route=\/wp\/v2\/posts\/544179\/revisions"}],"wp:featuredmedia":[{"embeddable":true,"href":"https:\/\/www.diarioimagen.net\/index.php?rest_route=\/wp\/v2\/media\/544335"}],"wp:attachment":[{"href":"https:\/\/www.diarioimagen.net\/index.php?rest_route=%2Fwp%2Fv2%2Fmedia&parent=544179"}],"wp:term":[{"taxonomy":"category","embeddable":true,"href":"https:\/\/www.diarioimagen.net\/index.php?rest_route=%2Fwp%2Fv2%2Fcategories&post=544179"},{"taxonomy":"post_tag","embeddable":true,"href":"https:\/\/www.diarioimagen.net\/index.php?rest_route=%2Fwp%2Fv2%2Ftags&post=544179"}],"curies":[{"name":"wp","href":"https:\/\/api.w.org\/{rel}","templated":true}]}}