{"id":544206,"date":"2022-04-26T00:03:44","date_gmt":"2022-04-26T05:03:44","guid":{"rendered":"https:\/\/www.diarioimagen.net\/?p=544206"},"modified":"2022-04-26T22:26:29","modified_gmt":"2022-04-27T03:26:29","slug":"a-clases-mas-de-35-millones-de-alumnos-de-todos-los-niveles","status":"publish","type":"post","link":"https:\/\/www.diarioimagen.net\/?p=544206","title":{"rendered":"A clases, m\u00e1s de 35 millones de alumnos de todos los niveles"},"content":{"rendered":"<p>&nbsp;<\/p>\n<h3 style=\"text-align: center;\">Tras vacaciones de Semana Santa<\/h3>\n<p>&nbsp;<\/p>\n<ul>\n<li><strong><em>Existen las condiciones sanitarias necesarias para retorno a las aulas: SEP<\/em><\/strong><\/li>\n<\/ul>\n<p>&nbsp;<\/p>\n<div id=\"attachment_544308\" style=\"width: 470px\" class=\"wp-caption aligncenter\"><a href=\"https:\/\/www.diarioimagen.net\/?attachment_id=544308\" rel=\"attachment wp-att-544308\"><img loading=\"lazy\" decoding=\"async\" aria-describedby=\"caption-attachment-544308\" class=\"size-full wp-image-544308\" src=\"https:\/\/www.diarioimagen.net\/wp-content\/uploads\/2022\/04\/REGRESO-A-CLASES.jpg\" alt=\"\" width=\"460\" height=\"270\" \/><\/a><p id=\"caption-attachment-544308\" class=\"wp-caption-text\">Este lunes regresaron a clases m\u00e1s de 35 millones de estudiantes al concluir el periodo vacacional de Semana Santa.<\/p><\/div>\n<p>&nbsp;<\/p>\n<p>Este lunes, m\u00e1s de 35 millones de estudiantes y m\u00e1s de dos millones de maestras y maestros de 261 mil escuelas p\u00fablicas y particulares retomaron las actividades escolares, al concluir el periodo vacacional de Semana Santa.<\/p>\n<p>La Secretar\u00eda de Educaci\u00f3n P\u00fablica (SEP) invit\u00f3 a los integrantes del Sistema Educativo Nacional a acudir en su totalidad a clases presenciales, toda vez que existen las condiciones sanitarias necesarias para ello.<\/p>\n<p>De esta manera, los casi 24.6 millones de alumnos y m\u00e1s de 1.2 millones de docentes de Educaci\u00f3n B\u00e1sica, as\u00ed como la matr\u00edcula de Educaci\u00f3n Media Superior, de m\u00e1s de 4.9 millones de alumnos y 408 mil docentes en todos los subsistemas, reiniciaron actividades de manera presencial.<\/p>\n<p>Asimismo, retomaron clases los m\u00e1s de 104 mil alumnos de Educaci\u00f3n Normal p\u00fablica, y los casi dos millones de j\u00f3venes que cursan estudios de capacitaci\u00f3n para el trabajo.<\/p>\n<p>Estudiantes del Servicio Nacional de Bachillerato Prepa en L\u00ednea-SEP reiniciaron sus actividades desde el pasado 18 de abril.<\/p>\n<p>Los alumnos de Educaci\u00f3n Superior y docentes retomaron sus actividades con base en los calendarios establecidos por las instituciones p\u00fablicas y privadas de ese nivel educativo, en el que alrededor de 401 mil 300 docentes en cinco mil 794 planteles atienden a casi cuatro millones 30 mil estudiantes.<\/p>\n<p>Los estudiantes tendr\u00e1n un nuevo \u201cpuente\u201d este fin de mes, debido a que los Consejos T\u00e9cnicos Escolares tendr\u00e1n sesi\u00f3n el viernes 29 de abril, d\u00eda que se junta con el s\u00e1bado 30 de abril y el domingo 1 de mayo, fecha que conmemora el D\u00eda del Trabajo.<\/p>\n<p>Cabe mencionar que, el 1 de mayo cae en domingo por lo que no habr\u00e1 \u201cmegapuente\u201d, ya que el lunes 2 de mayo los estudiantes s\u00ed tendr\u00e1n clases.<\/p>\n","protected":false},"excerpt":{"rendered":"<p>Este lunes, m\u00e1s de 35 millones de estudiantes y m\u00e1s de dos millones de maestras y maestros de 261 mil escuelas p\u00fablicas y particulares retomaron las actividades escolares, al concluir el periodo vacacional de Semana Santa.<\/p>\n","protected":false},"author":3,"featured_media":544308,"comment_status":"open","ping_status":"open","sticky":false,"template":"","format":"standard","meta":{"_monsterinsights_skip_tracking":false,"_monsterinsights_sitenote_active":false,"_monsterinsights_sitenote_note":"","_monsterinsights_sitenote_category":0,"footnotes":""},"categories":[3],"tags":[19577,43673,393,459],"class_list":["post-544206","post","type-post","status-publish","format-standard","has-post-thumbnail","hentry","category-nacional","tag-alumnos","tag-nacional","tag-regreso-a-clases","tag-sep"],"_links":{"self":[{"href":"https:\/\/www.diarioimagen.net\/index.php?rest_route=\/wp\/v2\/posts\/544206","targetHints":{"allow":["GET"]}}],"collection":[{"href":"https:\/\/www.diarioimagen.net\/index.php?rest_route=\/wp\/v2\/posts"}],"about":[{"href":"https:\/\/www.diarioimagen.net\/index.php?rest_route=\/wp\/v2\/types\/post"}],"author":[{"embeddable":true,"href":"https:\/\/www.diarioimagen.net\/index.php?rest_route=\/wp\/v2\/users\/3"}],"replies":[{"embeddable":true,"href":"https:\/\/www.diarioimagen.net\/index.php?rest_route=%2Fwp%2Fv2%2Fcomments&post=544206"}],"version-history":[{"count":0,"href":"https:\/\/www.diarioimagen.net\/index.php?rest_route=\/wp\/v2\/posts\/544206\/revisions"}],"wp:featuredmedia":[{"embeddable":true,"href":"https:\/\/www.diarioimagen.net\/index.php?rest_route=\/wp\/v2\/media\/544308"}],"wp:attachment":[{"href":"https:\/\/www.diarioimagen.net\/index.php?rest_route=%2Fwp%2Fv2%2Fmedia&parent=544206"}],"wp:term":[{"taxonomy":"category","embeddable":true,"href":"https:\/\/www.diarioimagen.net\/index.php?rest_route=%2Fwp%2Fv2%2Fcategories&post=544206"},{"taxonomy":"post_tag","embeddable":true,"href":"https:\/\/www.diarioimagen.net\/index.php?rest_route=%2Fwp%2Fv2%2Ftags&post=544206"}],"curies":[{"name":"wp","href":"https:\/\/api.w.org\/{rel}","templated":true}]}}