{"id":544212,"date":"2022-04-27T00:01:37","date_gmt":"2022-04-27T05:01:37","guid":{"rendered":"https:\/\/www.diarioimagen.net\/?p=544212"},"modified":"2022-04-27T23:48:25","modified_gmt":"2022-04-28T04:48:25","slug":"pjcdmx-asumira-liderazgo-en-politicas-judiciales-contra-la-discriminacion-y-a-favor-de-la-perspectiva-de-genero","status":"publish","type":"post","link":"https:\/\/www.diarioimagen.net\/?p=544212","title":{"rendered":"PJCDMX asumir\u00e1 liderazgo en pol\u00edticas judiciales contra la discriminaci\u00f3n y a favor de la perspectiva de g\u00e9nero"},"content":{"rendered":"<p>&nbsp;<\/p>\n<ul>\n<li><em><strong>El presidente del \u00f3rgano judicial capitalino, mag. Rafael Guerra \u00c1lvarez, as\u00ed lo enfatiz\u00f3 al poner en marcha el ciclo de conferencias <\/strong><\/em><strong>G\u00e9nero-Igualdad, su relevancia en la impartici\u00f3n de justicia<\/strong><\/li>\n<\/ul>\n<p>&nbsp;<\/p>\n<div id=\"attachment_544276\" style=\"width: 470px\" class=\"wp-caption aligncenter\"><a href=\"https:\/\/www.diarioimagen.net\/?attachment_id=544276\" rel=\"attachment wp-att-544276\"><img loading=\"lazy\" decoding=\"async\" aria-describedby=\"caption-attachment-544276\" class=\"size-full wp-image-544276\" src=\"https:\/\/www.diarioimagen.net\/wp-content\/uploads\/2022\/04\/tribunal-4.jpg\" alt=\"\" width=\"460\" height=\"232\" \/><\/a><p id=\"caption-attachment-544276\" class=\"wp-caption-text\">El magistrado Rafael Guerra \u00c1lvarez destac\u00f3 que en la instituci\u00f3n se suman voluntad, fuerza y recursos para liberar a las mujeres del yugo de la violencia.<\/p><\/div>\n<p>&nbsp;<\/p>\n<p>El Poder Judicial de la Ciudad de M\u00e9xico (PJCDMX) se propone asumir un liderazgo congruente y consciente de la necesidad de pol\u00edticas judiciales y pr\u00e1cticas que impulsen la no discriminaci\u00f3n y la institucionalizaci\u00f3n de la perspectiva de g\u00e9nero como garant\u00edas de la defensa de los derechos humanos de todas las personas, afirm\u00f3 el presidente de la instituci\u00f3n, magistrado Rafael Guerra \u00c1lvarez.<\/p>\n<p>Al inaugurar el ciclo de conferencias<em> G\u00e9nero-Igualdad, su relevancia en la impartici\u00f3n de justicia<\/em>, organizado por el Comit\u00e9 para Incluir la Perspectiva de G\u00e9nero (CIPG) en el PJCDMX, enfatiz\u00f3 que, para responder con estos compromisos, incluso se reform\u00f3 la misi\u00f3n institucional, a fin de establecer que el Poder Judicial capitalino del Siglo XXI se identifica como una organizaci\u00f3n destinada a la impartici\u00f3n de justicia pronta, imparcial, gratuita, confiable y transparente que garantiza el respeto a los derechos humanos y a la equidad de g\u00e9nero.<\/p>\n<p>En el auditorio <em>Benito Ju\u00e1rez<\/em> del PJCDMX, y con la presencia de los consejeros de la Judicatura de la Ciudad de M\u00e9xico, Irma Guadalupe Garc\u00eda Mendoza y Andr\u00e9s Linares Carranza, enfatiz\u00f3 que en el \u00f3rgano judicial capitalino se suman la voluntad, fuerza y recursos para liberar a las mujeres del yugo de la violencia.<\/p>\n<p>Tambi\u00e9n, agreg\u00f3, para abrir el cauce de la independencia econ\u00f3mica para todas las mujeres y ni\u00f1as.<\/p>\n<p>\u201cNos suma la responsabilidad y nos inspira el compromiso. Y hoy nos unimos para nivelar asimetr\u00edas del pasado y reivindicar a la humanidad desde adentro, como integrantes de una misma especie\u201d, plante\u00f3.<\/p>\n<p>Esto significa, abund\u00f3, que el Poder Judicial tiene los ojos, la mente y el coraz\u00f3n abiertos para esta causa; ojos abiertos, para ver el mundo con una perspectiva de g\u00e9nero funcional y productiva; mente abierta, para escuchar a todas las voces, sumar visiones y generar soluciones; y coraz\u00f3n abierto, para sentir el dolor sin ser ajenos y ser emp\u00e1ticos con la vida de las v\u00edctimas.<\/p>\n<p>El tambi\u00e9n presidente del Consejo de la Judicatura de la Ciudad de M\u00e9xico plante\u00f3 la necesidad de seguir surcando el camino para movilizar las voluntades y frenar la violencia contra las mujeres, as\u00ed como para que la aplicaci\u00f3n de la ley se materialice, los esfuerzos se refuercen y \u201casumamos nuestra responsabilidad hist\u00f3rica\u201d.<\/p>\n<p>En el acto tambi\u00e9n participaron el magistrado Yaopol P\u00e9rez Amaya Jim\u00e9nez, y la directora ejecutiva de Orientaci\u00f3n Ciudadana y Derechos Humanos, Yolanda Rangel Balmaceda, ambos integrantes del CIPG en el PJCDMX, as\u00ed como el especialista y miembro del Sistema Nacional de Investigadores, Abelardo Hern\u00e1ndez Franco, quien ofreci\u00f3 una conferencia sobre Octavio Paz.<\/p>\n","protected":false},"excerpt":{"rendered":"<p>El Poder Judicial de la Ciudad de M\u00e9xico (PJCDMX) se propone asumir un liderazgo congruente y consciente de la necesidad de pol\u00edticas judiciales y pr\u00e1cticas que impulsen la no discriminaci\u00f3n y la institucionalizaci\u00f3n de la perspectiva de g\u00e9nero como garant\u00edas de la defensa de los derechos humanos de todas las personas, afirm\u00f3 el presidente de la instituci\u00f3n, magistrado Rafael Guerra \u00c1lvarez.<\/p>\n","protected":false},"author":3,"featured_media":544277,"comment_status":"open","ping_status":"open","sticky":false,"template":"","format":"standard","meta":{"_monsterinsights_skip_tracking":false,"_monsterinsights_sitenote_active":false,"_monsterinsights_sitenote_note":"","_monsterinsights_sitenote_category":0,"footnotes":""},"categories":[6],"tags":[25269,95307,79710,87379],"class_list":["post-544212","post","type-post","status-publish","format-standard","has-post-thumbnail","hentry","category-cd-de-mexico","tag-genero","tag-liderazo","tag-perspectiva","tag-pjcdmx"],"_links":{"self":[{"href":"https:\/\/www.diarioimagen.net\/index.php?rest_route=\/wp\/v2\/posts\/544212","targetHints":{"allow":["GET"]}}],"collection":[{"href":"https:\/\/www.diarioimagen.net\/index.php?rest_route=\/wp\/v2\/posts"}],"about":[{"href":"https:\/\/www.diarioimagen.net\/index.php?rest_route=\/wp\/v2\/types\/post"}],"author":[{"embeddable":true,"href":"https:\/\/www.diarioimagen.net\/index.php?rest_route=\/wp\/v2\/users\/3"}],"replies":[{"embeddable":true,"href":"https:\/\/www.diarioimagen.net\/index.php?rest_route=%2Fwp%2Fv2%2Fcomments&post=544212"}],"version-history":[{"count":0,"href":"https:\/\/www.diarioimagen.net\/index.php?rest_route=\/wp\/v2\/posts\/544212\/revisions"}],"wp:featuredmedia":[{"embeddable":true,"href":"https:\/\/www.diarioimagen.net\/index.php?rest_route=\/wp\/v2\/media\/544277"}],"wp:attachment":[{"href":"https:\/\/www.diarioimagen.net\/index.php?rest_route=%2Fwp%2Fv2%2Fmedia&parent=544212"}],"wp:term":[{"taxonomy":"category","embeddable":true,"href":"https:\/\/www.diarioimagen.net\/index.php?rest_route=%2Fwp%2Fv2%2Fcategories&post=544212"},{"taxonomy":"post_tag","embeddable":true,"href":"https:\/\/www.diarioimagen.net\/index.php?rest_route=%2Fwp%2Fv2%2Ftags&post=544212"}],"curies":[{"name":"wp","href":"https:\/\/api.w.org\/{rel}","templated":true}]}}