{"id":544350,"date":"2022-04-27T00:05:44","date_gmt":"2022-04-27T05:05:44","guid":{"rendered":"https:\/\/www.diarioimagen.net\/?p=544350"},"modified":"2022-04-28T05:16:31","modified_gmt":"2022-04-28T10:16:31","slug":"la-uaemex-se-convertira-en-una-universidad-verde-y-sustentable","status":"publish","type":"post","link":"https:\/\/www.diarioimagen.net\/?p=544350","title":{"rendered":"La UAEM\u00e9x se convertir\u00e1 en una universidad verde y sustentable"},"content":{"rendered":"<p><em>\u00a0<\/em><\/p>\n<ul>\n<li><em><strong>Reducir\u00e1 el consumo de agua con mingitorios secos y sistemas de captaci\u00f3n de agua de lluvia<\/strong> <\/em><\/li>\n<\/ul>\n<p>&nbsp;<\/p>\n<div id=\"attachment_544453\" style=\"width: 470px\" class=\"wp-caption aligncenter\"><a href=\"https:\/\/www.diarioimagen.net\/?attachment_id=544453\" rel=\"attachment wp-att-544453\"><img loading=\"lazy\" decoding=\"async\" aria-describedby=\"caption-attachment-544453\" class=\"size-full wp-image-544453\" src=\"https:\/\/www.diarioimagen.net\/wp-content\/uploads\/2022\/04\/uaem-15.jpg\" alt=\"\" width=\"460\" height=\"270\" \/><\/a><p id=\"caption-attachment-544453\" class=\"wp-caption-text\">Las acciones buscan garantizar la disponibilidad de agua y su gesti\u00f3n sostenible, as\u00ed como atender los Objetivos de Desarrollo Sostenible de la Agenda 2030 de la Organizaci\u00f3n de las Naciones Unidas (ONU).<\/p><\/div>\n<p>&nbsp;<\/p>\n<p><strong>Toluca, Estado de M\u00e9xico.\u2014 <\/strong>Como parte de las acciones para seguir construyendo una universidad verde y sustentable, la Administraci\u00f3n Universitaria 2021-2025 implementar\u00e1 en las pr\u00f3ximas semanas las siguientes acciones para reducir su consumo de agua:<\/p>\n<p>1) Puesta en marcha de un sistema de captaci\u00f3n de agua de lluvia en la Facultad de Geograf\u00eda, el cual estar\u00e1 conectado a la red sanitaria del espacio acad\u00e9mico. Este sistema tambi\u00e9n abastecer\u00e1 al Centro de Ense\u00f1anza de Lenguas (CELe).<\/p>\n<p>2) Puesta en marcha de un sistema de captaci\u00f3n de agua de lluvia en las Facultades de Ciencias de la Conducta, as\u00ed como Planeaci\u00f3n Urbana y Regional, los cuales estar\u00e1n conectados a la red sanitaria del espacio acad\u00e9mico.<\/p>\n<p>3) Puesta en marcha de un sistema de captaci\u00f3n de agua de lluvia en la Unidad Acad\u00e9mica Profesional de Huehuetoca, el cual estar\u00e1 conectado a la red sanitaria del espacio acad\u00e9mico.<\/p>\n<p>4) Instalaci\u00f3n de mingitorios secos en los sanitarios de las facultades de Ciudad Universitaria como Econom\u00eda, Ingenier\u00eda, Arquitectura y Dise\u00f1o, Humanidades, Derecho, Ciencias Pol\u00edticas y Sociales, Artes y Geograf\u00eda.\u00a0A trav\u00e9s de estas acciones la UAEM\u00e9x estima poder reducir su consumo de agua.<\/p>\n","protected":false},"excerpt":{"rendered":"<p>Como parte de las acciones para seguir construyendo una universidad verde y sustentable, la Administraci\u00f3n Universitaria 2021-2025 implementar\u00e1 en las pr\u00f3ximas semanas las siguientes acciones para reducir su consumo de agua:\u00a0<\/p>\n","protected":false},"author":3,"featured_media":544453,"comment_status":"open","ping_status":"open","sticky":false,"template":"","format":"standard","meta":{"_monsterinsights_skip_tracking":false,"_monsterinsights_sitenote_active":false,"_monsterinsights_sitenote_note":"","_monsterinsights_sitenote_category":0,"footnotes":""},"categories":[5],"tags":[43675,452,67878,75132],"class_list":["post-544350","post","type-post","status-publish","format-standard","has-post-thumbnail","hentry","category-estado-de-mexico","tag-estado-de-mexico","tag-toluca","tag-uaemex","tag-verde"],"_links":{"self":[{"href":"https:\/\/www.diarioimagen.net\/index.php?rest_route=\/wp\/v2\/posts\/544350","targetHints":{"allow":["GET"]}}],"collection":[{"href":"https:\/\/www.diarioimagen.net\/index.php?rest_route=\/wp\/v2\/posts"}],"about":[{"href":"https:\/\/www.diarioimagen.net\/index.php?rest_route=\/wp\/v2\/types\/post"}],"author":[{"embeddable":true,"href":"https:\/\/www.diarioimagen.net\/index.php?rest_route=\/wp\/v2\/users\/3"}],"replies":[{"embeddable":true,"href":"https:\/\/www.diarioimagen.net\/index.php?rest_route=%2Fwp%2Fv2%2Fcomments&post=544350"}],"version-history":[{"count":0,"href":"https:\/\/www.diarioimagen.net\/index.php?rest_route=\/wp\/v2\/posts\/544350\/revisions"}],"wp:featuredmedia":[{"embeddable":true,"href":"https:\/\/www.diarioimagen.net\/index.php?rest_route=\/wp\/v2\/media\/544453"}],"wp:attachment":[{"href":"https:\/\/www.diarioimagen.net\/index.php?rest_route=%2Fwp%2Fv2%2Fmedia&parent=544350"}],"wp:term":[{"taxonomy":"category","embeddable":true,"href":"https:\/\/www.diarioimagen.net\/index.php?rest_route=%2Fwp%2Fv2%2Fcategories&post=544350"},{"taxonomy":"post_tag","embeddable":true,"href":"https:\/\/www.diarioimagen.net\/index.php?rest_route=%2Fwp%2Fv2%2Ftags&post=544350"}],"curies":[{"name":"wp","href":"https:\/\/api.w.org\/{rel}","templated":true}]}}