{"id":544375,"date":"2022-04-27T00:01:48","date_gmt":"2022-04-27T05:01:48","guid":{"rendered":"https:\/\/www.diarioimagen.net\/?p=544375"},"modified":"2022-04-27T04:42:18","modified_gmt":"2022-04-27T09:42:18","slug":"reconoce-asociacion-de-empresarios-y-ciudadanos-avances-en-materia-de-seguridad","status":"publish","type":"post","link":"https:\/\/www.diarioimagen.net\/?p=544375","title":{"rendered":"Reconoce asociaci\u00f3n de empresarios y ciudadanos avances\u00a0en materia de seguridad"},"content":{"rendered":"<p>&nbsp;<\/p>\n<ul>\n<li><strong><em>En corredor industrial del Valle de M\u00e9xico<\/em><\/strong><\/li>\n<\/ul>\n<p>&nbsp;<\/p>\n<div id=\"attachment_544496\" style=\"width: 470px\" class=\"wp-caption aligncenter\"><a href=\"https:\/\/www.diarioimagen.net\/?attachment_id=544496\" rel=\"attachment wp-att-544496\"><img loading=\"lazy\" decoding=\"async\" aria-describedby=\"caption-attachment-544496\" class=\"wp-image-544496 size-full\" src=\"https:\/\/www.diarioimagen.net\/wp-content\/uploads\/2022\/04\/atizapan.jpg\" alt=\"\" width=\"460\" height=\"270\" \/><\/a><p id=\"caption-attachment-544496\" class=\"wp-caption-text\">El capit\u00e1n Marcos Ortiz, presidente nacional de la Comisi\u00f3n de Seguridad de la ASECEM, reiter\u00f3 su inter\u00e9s en coadyuvar en los proyectos en materia de seguridad p\u00fablica.<\/p><\/div>\n<p>&nbsp;<\/p>\n<p><strong>Atizap\u00e1n, Estado de M\u00e9xico.\u2014<\/strong>\u00a0 Marcos Ortiz D\u00edaz, presidente nacional de la Comisi\u00f3n de Seguridad de la Asociaci\u00f3n de Empresarios y Ciudadanos de M\u00e9xico (ASECEM), reiter\u00f3 su compromiso e inter\u00e9s en coadyuvar en los proyectos y pol\u00edticas p\u00fablicas en materia de seguridad p\u00fablica de los municipios del corredor industrial del Valle de M\u00e9xico.<\/p>\n<p>Entrevistado en relaci\u00f3n a los resultados de la Encuesta Nacional de Percepci\u00f3n de Seguridad, en el Primer Trimestre de 2022,\u00a0 reconoci\u00f3 a municipios como Atizap\u00e1n de Zaragoza y Naucalpan por el logro de resultados favorables.<\/p>\n<p>\u201cAtizap\u00e1n que mejor\u00f3 en casi 15% y Naucalpan en m\u00e1s del 8%, basados en la sensaci\u00f3n de inseguridad, y por supuesto, en el desempe\u00f1o de sus corporaciones, y Tlalnepantla que obtiene una calificaci\u00f3n estable sin que la percepci\u00f3n social de la inseguridad se haya incrementado\u201d, detall\u00f3<\/p>\n<p>Respecto a Cuautitl\u00e1n Izcalli, Marcos Ortiz, pidi\u00f3 a la poblaci\u00f3n que apoyen a la presidenta municipal Karla Fiesco, \u201chabr\u00e1 que darle el respaldo necesario y confiar en ella,\u00a0 porque es una mujer preparada y con mucha visi\u00f3n de cambiar el rumbo de este municipio para el bien com\u00fan de sus habitantes\u201d.<\/p>\n<p>El capit\u00e1n tambi\u00e9n dijo que la percepci\u00f3n es una de las variables que componen los resultados de la seguridad, se debe evaluar de la misma manera los rubros de la incidencia delictiva y las puestas a disposici\u00f3n de la autoridad ministerial, que son otros rubros de la estad\u00edstica.<\/p>\n<p>Por otra parte, reiter\u00f3 que \u201cnadie en su sano juicio debe alegrarse cuando los resultados en materia de seguridad son adversos, para ning\u00fan gobierno en ninguno de los tres \u00f3rdenes, al contrario, debemos sumarnos y respaldar a nuestras autoridades .Vamos a trabajar juntos por M\u00e9xico\u201d, puntualiz\u00f3.<\/p>\n","protected":false},"excerpt":{"rendered":"<p>Marcos Ortiz D\u00edaz, presidente nacional de la Comisi\u00f3n de Seguridad de la Asociaci\u00f3n de Empresarios y Ciudadanos de M\u00e9xico (ASECEM), reiter\u00f3 su compromiso e inter\u00e9s en coadyuvar en los proyectos y pol\u00edticas p\u00fablicas en materia de seguridad p\u00fablica de los municipios del corredor industrial del Valle de M\u00e9xico.<\/p>\n","protected":false},"author":3,"featured_media":544496,"comment_status":"open","ping_status":"open","sticky":false,"template":"","format":"standard","meta":{"_monsterinsights_skip_tracking":false,"_monsterinsights_sitenote_active":false,"_monsterinsights_sitenote_note":"","_monsterinsights_sitenote_category":0,"footnotes":""},"categories":[5],"tags":[95215,969,10071,43675,43677],"class_list":["post-544375","post","type-post","status-publish","format-standard","has-post-thumbnail","hentry","category-estado-de-mexico","tag-asociacion","tag-atizapan","tag-empresarios","tag-estado-de-mexico","tag-seguridad"],"_links":{"self":[{"href":"https:\/\/www.diarioimagen.net\/index.php?rest_route=\/wp\/v2\/posts\/544375","targetHints":{"allow":["GET"]}}],"collection":[{"href":"https:\/\/www.diarioimagen.net\/index.php?rest_route=\/wp\/v2\/posts"}],"about":[{"href":"https:\/\/www.diarioimagen.net\/index.php?rest_route=\/wp\/v2\/types\/post"}],"author":[{"embeddable":true,"href":"https:\/\/www.diarioimagen.net\/index.php?rest_route=\/wp\/v2\/users\/3"}],"replies":[{"embeddable":true,"href":"https:\/\/www.diarioimagen.net\/index.php?rest_route=%2Fwp%2Fv2%2Fcomments&post=544375"}],"version-history":[{"count":0,"href":"https:\/\/www.diarioimagen.net\/index.php?rest_route=\/wp\/v2\/posts\/544375\/revisions"}],"wp:featuredmedia":[{"embeddable":true,"href":"https:\/\/www.diarioimagen.net\/index.php?rest_route=\/wp\/v2\/media\/544496"}],"wp:attachment":[{"href":"https:\/\/www.diarioimagen.net\/index.php?rest_route=%2Fwp%2Fv2%2Fmedia&parent=544375"}],"wp:term":[{"taxonomy":"category","embeddable":true,"href":"https:\/\/www.diarioimagen.net\/index.php?rest_route=%2Fwp%2Fv2%2Fcategories&post=544375"},{"taxonomy":"post_tag","embeddable":true,"href":"https:\/\/www.diarioimagen.net\/index.php?rest_route=%2Fwp%2Fv2%2Ftags&post=544375"}],"curies":[{"name":"wp","href":"https:\/\/api.w.org\/{rel}","templated":true}]}}