{"id":544408,"date":"2022-04-27T00:04:48","date_gmt":"2022-04-27T05:04:48","guid":{"rendered":"https:\/\/www.diarioimagen.net\/?p=544408"},"modified":"2022-04-27T01:57:17","modified_gmt":"2022-04-27T06:57:17","slug":"mexico-bandera-politica-en-eu","status":"publish","type":"post","link":"https:\/\/www.diarioimagen.net\/?p=544408","title":{"rendered":"M\u00e9xico, bandera pol\u00edtica en EU"},"content":{"rendered":"<h2>Desde el portal<\/h2>\n<h5>\u00c1ngel Soriano<\/h5>\n<p>&nbsp;<\/p>\n<p>La ultraderecha estadounidense se identifica plenamente con los arranques belicosos de su m\u00e1ximo representante, el ex presidente Donald Trump, que vuelve a las andadas para recuperar la Casa Blanca y para ello recurre a t\u00e1cticas exitosas en el pasado, como es una campa\u00f1a en contra de nuestro pa\u00eds.<\/p>\n<p>Es aplaudido por sus partidarios que desean el cierre de la frontera con M\u00e9xico para evitar el acceso de trabajadores ilegales, la enorme corriente de ciudadanos centroamericanos que no s\u00f3lo huyen de las condiciones de atraso de sus respectivos pa\u00edses, sino se van por el espejismo de encontrar mejores condiciones de vida en la Uni\u00f3n Americana.<\/p>\n<p>Las ofertas de empleo y de apoyo social a sus necesidades son rechazadas sucesivamente por los centroamericanos que no desean quedarse en M\u00e9xico, sino estar s\u00f3lo de paso para ir al sur de los Estados Unidos para reunirse con sus familiares o buscar formas de sobrevivencia para alcanzar mejores estatus de vida.<\/p>\n<p>Esto es atractivo pol\u00edtico para los Estados Unidos, que culpan a nuestro pa\u00eds de expulsar o dar facilidades a las corrientes migratorias hacia los EU y Trump los ha capitalizado, pese a que presuma de su amistad y buen entendimiento con el presidente L\u00f3pez Obrador; \u00e9ste a su vez exige respeto y pide a nuestros compatriotas no votar contra quienes nos agredan. Esa es la respuesta, pues le pega a los candidatos donde m\u00e1s les duele: el voto migratorio.<\/p>\n<p><strong>Turbulencias<br \/>\nDimes y diretes entre la violencia<\/strong><\/p>\n<p>Crece la inconformidad por la ola de violencia en diferentes regiones del pa\u00eds, agravado por lo que ya todo mundo sabe: las cifras maquilladas de un aparente descenso de los delitos de alto impacto que contrastan con la realidad. Si el caso de la joven estudiante Debanhi Escobar tiene diversas aristas, su sacrificio ha indignado a la sociedad que, por si fuera poco, las autoridades han encontrado restos de m\u00e1s mujeres ultimadas, sin que las medidas adoptadas par restablecer la tranquilidad en el pa\u00eds sean efectivas, s\u00f3lo son discurso pol\u00edticos y elogios al Presidente, pero ninguna acci\u00f3n concretada; en tanto, el auditorio se indigna m\u00e1s cuando en las conferencias ma\u00f1aneras s\u00f3lo sirven de exhibicionismo de los elegidos como protagonistas entre los dimes y diretes de adversarios y partidarios de la Cuarta Transformaci\u00f3n\u2026 El presidente L\u00f3pez Obrador, en medio de estas circunstancias, alista su viaje a Cuba y a Centroam\u00e9rica, en donde seguramente har\u00e1 propuestas -como ya las ha hecho-, para mitigar las corrientes migratorias que cruzan el pa\u00eds y sus posibles soluciones\u2026 Crece tambi\u00e9n la efervescencia pol\u00edtica entre los aspirantes presidenciales que, seg\u00fan el ex activista del 68, Gilberto Guevara Niebla no se observa en la izquierda a un candidato real que cumpla con la m\u00edstica de honestidad intelectual y liderazgo por lo que esta debilidad constituye un peligro para el pa\u00eds pues no hay alternativas que sustituyan al proyecto pol\u00edtico en marcha por lo que es evidente la crisis pol\u00edtica por la que atraviesa el pa\u00eds\u2026 Rechazan los triquis el campamento improvisado que les dio el gobierno de la Ciudad de M\u00e9xico para que desalojaran la avenida Ju\u00e1rez, frente a Bellas Artes. Los triquis est\u00e1n acostumbrados a los buenos lugares, como es el caso de los corredores de Palacio de Gobierno de Palacio de Gobierno de Oaxaca, convertido en un mercado de artesan\u00edas; seguramente ese modelo desean imponer en la CDMX\u2026 Y Claudia Sheinbaum logr\u00f3 la indignaci\u00f3n de los capitalinos con el retiro de la emblem\u00e1tica palma del Paseo de la Reforma debido al descuido de quienes tienen a su cargo la conservaci\u00f3n de la belleza de la capital de la Rep\u00fablica. Lamentables hechos que dan motivo a la destrucci\u00f3n de espacios p\u00fablicos para introducir modelos antiest\u00e9ticos y con prop\u00f3sitos de propaganda pol\u00edtica.<\/p>\n<p><u><a href=\"mailto:asorianocarrasco@yahoo.com\" target=\"_blank\" rel=\"noopener noreferrer\"><em>asorianocarrasco@yahoo.com<\/em><\/a><br \/>\n<em><a href=\"https:\/\/revistabrecha.com\" target=\"_blank\" rel=\"noopener noreferrer\">www.revistabrecha.com<\/a><br \/>\n<a href=\"https:\/\/twitter.com\/brecharevista\" target=\"_blank\" rel=\"noopener noreferrer\">@BrechaRevista<\/a><\/em><\/u><\/p>\n","protected":false},"excerpt":{"rendered":"<p><span style=\"color: #005497;\"><strong>\u00c1ngel Soriano<\/strong><\/span><\/p>\n","protected":false},"author":3,"featured_media":0,"comment_status":"open","ping_status":"open","sticky":false,"template":"","format":"standard","meta":{"_monsterinsights_skip_tracking":false,"_monsterinsights_sitenote_active":false,"_monsterinsights_sitenote_note":"","_monsterinsights_sitenote_category":0,"footnotes":""},"categories":[135],"tags":[85,86,43674],"class_list":["post-544408","post","type-post","status-publish","format-standard","hentry","category-angel-soriano-opinion","tag-angel-soriano","tag-desde-el-portal","tag-opinion"],"_links":{"self":[{"href":"https:\/\/www.diarioimagen.net\/index.php?rest_route=\/wp\/v2\/posts\/544408","targetHints":{"allow":["GET"]}}],"collection":[{"href":"https:\/\/www.diarioimagen.net\/index.php?rest_route=\/wp\/v2\/posts"}],"about":[{"href":"https:\/\/www.diarioimagen.net\/index.php?rest_route=\/wp\/v2\/types\/post"}],"author":[{"embeddable":true,"href":"https:\/\/www.diarioimagen.net\/index.php?rest_route=\/wp\/v2\/users\/3"}],"replies":[{"embeddable":true,"href":"https:\/\/www.diarioimagen.net\/index.php?rest_route=%2Fwp%2Fv2%2Fcomments&post=544408"}],"version-history":[{"count":0,"href":"https:\/\/www.diarioimagen.net\/index.php?rest_route=\/wp\/v2\/posts\/544408\/revisions"}],"wp:attachment":[{"href":"https:\/\/www.diarioimagen.net\/index.php?rest_route=%2Fwp%2Fv2%2Fmedia&parent=544408"}],"wp:term":[{"taxonomy":"category","embeddable":true,"href":"https:\/\/www.diarioimagen.net\/index.php?rest_route=%2Fwp%2Fv2%2Fcategories&post=544408"},{"taxonomy":"post_tag","embeddable":true,"href":"https:\/\/www.diarioimagen.net\/index.php?rest_route=%2Fwp%2Fv2%2Ftags&post=544408"}],"curies":[{"name":"wp","href":"https:\/\/api.w.org\/{rel}","templated":true}]}}