{"id":544431,"date":"2022-04-27T00:09:43","date_gmt":"2022-04-27T05:09:43","guid":{"rendered":"https:\/\/www.diarioimagen.net\/?p=544431"},"modified":"2022-04-27T02:14:50","modified_gmt":"2022-04-27T07:14:50","slug":"ordenan-lapidacion-callejera-desde-palacio-nacional","status":"publish","type":"post","link":"https:\/\/www.diarioimagen.net\/?p=544431","title":{"rendered":"Ordenan lapidaci\u00f3n callejera desde Palacio Nacional"},"content":{"rendered":"<h2>Poder y dinero<\/h2>\n<h5>V\u00edctor S\u00e1nchez Ba\u00f1os<\/h5>\n<p>&nbsp;<\/p>\n<ul>\n<li><strong><em>Los \u201ccamisas pardas\u201d de Morena contra opositores<\/em><\/strong><\/li>\n<li><strong><em>Linchamiento contra quien piensa distinto<\/em><\/strong><\/li>\n<li><strong><em>Riesgo que alg\u00fan legislador sea atacado en su persona<\/em><\/strong><\/li>\n<li><strong><em>Hordas de salvajes van contra oficinas pol\u00edticas<\/em><\/strong><\/li>\n<li><strong><em>AMLO y Delgado, de complacientes a alentadores<\/em><\/strong><\/li>\n<li><strong><em>Panasonic, ahora tiene sindicato gobiernista<\/em><\/strong><\/li>\n<li><strong><em>Trabajadores acabaron con la CTM<\/em><\/strong><\/li>\n<\/ul>\n<p>&nbsp;<\/p>\n<p style=\"text-align: right;\"><em>Todos los males de la democracia pueden curarse con m\u00e1s democracia<br \/>\n<\/em><strong>Alfred Emanuel Smith<\/strong>\u00a0(1873-1944), pol\u00edtico estadounidense<\/p>\n<p>&nbsp;<\/p>\n<p>Es incomprensible en una democracia que, desde el m\u00e1ximo sill\u00f3n del poder, inciten a un linchamiento colectivo contra aquellos que no piensan igual al presidente L\u00f3pez Obrador.<\/p>\n<p>La agresividad de un pu\u00f1ado de \u201ccamisas pardas\u201d, ahora pintadas de guinda, s\u00f3lo preocupa a los que amamos la paz y la concordia.<\/p>\n<p>S\u00f3lo aquellos que est\u00e1n enloquecidos por el poder, no les importa dividir a un pueblo, con el \u00fanico fin de mantener su oligarqu\u00eda.<\/p>\n<p>Hoy, esto est\u00e1 ocurriendo en el primer c\u00edrculo de poder. La persecuci\u00f3n de los opositores se da mediante discursos que incitan al odio. Aquellos que votaron contra la reforma rl\u00e9ctrica, son demonizados y perseguidos.<\/p>\n<p>Como lo hicieron los \u201ccamisas pardas\u201d de Adolfo Hitler con las casas de los jud\u00edos, ahora salen hordas de gorilas a las calles a pintarrajear las oficinas de los legisladores que se opusieron al capricho presidencial.<\/p>\n<p>Como par\u00e9ntesis, esas hordas que les cuesta trabajo caminar y mascar chicle al mismo tiempo, no entienden que la oposici\u00f3n les hizo el trabajo pol\u00edtico para que M\u00e9xico no se peleara con Estados Unidos, ya que las presiones contra la reforma energ\u00e9tica de L\u00f3pez Obrador, no s\u00f3lo provoc\u00f3 la inquietud de nuestros principales socios comerciales, sino que algunos legisladores pensaban en la imposici\u00f3n de sanciones al pa\u00eds y apoyar a sus empresarios si sus negocios en el pa\u00eds eran expropiados. Esto se fren\u00f3, con la ca\u00edda de la reforma energ\u00e9tica.<\/p>\n<p>Sin embargo, esto despert\u00f3 la ira de la \u201cchairiza\u201d alentada por su dirigente Mario Delgado y aprobada por el l\u00edder del Ejecutivo. Todo con el fin de dividir a\u00fan m\u00e1s a la sociedad.<\/p>\n<p>Con pensamientos retr\u00f3grados y obsoletos del quehacer pol\u00edtico, creen en los axiomas de \u201cdivide y vencer\u00e1s\u201d. Todav\u00eda le funcion\u00f3 a algunos pol\u00edticos del siglo pasado, pero actualmente hay pueblos que no creen en su clase gobernante y marginan esos pensamientos.<\/p>\n<p>Pero, en pueblos con escasos recursos educativos y, obviamente, econ\u00f3micos, esa semilla del mal puede germinar.<\/p>\n<p>A eso no exponemos hoy con los discursos del odio, contra legisladores de oposici\u00f3n.<\/p>\n<p>Cuidado con encender la mecha que despu\u00e9s sea imposible apagar.<\/p>\n<p style=\"text-align: center;\"><strong>PODEROSOS CABALLEROS<\/strong><\/p>\n<p><strong>PANASONIC, CON UN SINDICATO DE LA 4T:<\/strong> Trabajadores de Panasonic en M\u00e9xico eligieron al sindicato independiente SNITIS, que lidera Rosario Moreno, ligada a la legisladora de Morena, Susana Prieto Terrazas. Este organismo gan\u00f3 en 75% de las casillas en una elecci\u00f3n de dos d\u00edas en la que estaban habilitadas para votar 2,150 personas. Pero, este fue el resultado de una larga fricci\u00f3n entre la empresa que dirige Ken Tsutsumi y ese sindicato. SNITIS hab\u00eda amenazado con acusar ante organismos de derechos laborales en Estados Unidos, de que una instalaci\u00f3n de la fabricante de productos electr\u00f3nicos, en Reynosa, Tamaulipas, viol\u00f3 el T-MEC al firmar un contrato sindical a espaldas de los trabajadores y despedir a quienes protestaron por ello. Al final, la titular de Trabajo, Luisa Mar\u00eda Alcalde, orden\u00f3 un nuevo conteo. As\u00ed se desplaz\u00f3 un sindicato de la CTM.<\/p>\n<p><strong>LEGISLADORES DE MORENA HUMILLAN A OPOSICI\u00d3N:<\/strong> Triste ver los discursos arrogantes, altivos y altaneros de los pol\u00edticos de Morena. Su lenguaje s\u00f3lo es sin\u00f3nimo de falta de clase y de respeto contra sus opositores. En el pasado priista y panista, por lo menos los legisladores no mostraban su insignificante talento. Guardaban las formas y, aunque trataran con opositores, lo hac\u00edan con ciertas consideraciones. Morena en el Senado ofreci\u00f3 embajadas a gobernadores de oposici\u00f3n \u201csi se comportan bien\u201d. Esto significa que si son sumisos y entreguistas, les aseguran una chamba. Esto se dio en el marco del rendimiento de protesta del priista Carlos Aysa, como embajador de M\u00e9xico en Rep\u00fablica Dominicana. El ex gobernador de Campeche, por aceptar una chamba, tuvo que aceptar que fuera sobajado por legisladores de Morena y repudiado por el partido que lo llev\u00f3 al poder campechano. Triste el caso de unos y de los otros. La pol\u00edtica, si ya era corrupta, se convirti\u00f3 en una actividad miserable.<\/p>\n<p style=\"text-align: center;\"><strong>RESPONSABILIDAD SOCIAL CORPORATIVA<\/strong><\/p>\n<p><strong>SANTANDER:<\/strong> Banco Santander y Cambridge Judge Business School, instituci\u00f3n que a nivel mundial investiga sobre sostenibilidad, lanzan 1,000 Becas Santander Sustainability Skills for the Green Transition-Cambridge Judge Business School. Est\u00e1n dirigidas a personas que deseen impulsar iniciativas verdes de su entorno laboral. Las becas est\u00e1n disponibles para Alemania, Argentina, Brasil, Chile, Colombia, Espa\u00f1a, M\u00e9xico, Polonia, Portugal, Per\u00fa, Estados Unidos, UK y Uruguay. Para Blanca Sagastume, directora adjunta de Santander Universidades, la transici\u00f3n verde es el reto que requiere concienciaci\u00f3n, educaci\u00f3n y herramientas para poder abordarlo de forma tanto individual como institucional.<\/p>\n<p>&nbsp;<\/p>\n<blockquote>\n<p style=\"text-align: right;\"><strong>Esc\u00fachame de lunes a viernes, de 21 a 22 horas,<br \/>\nen \u201cV\u00edctor S\u00e1nchez Ba\u00f1os en MVS\u201d<\/strong><\/p>\n<\/blockquote>\n<p>&nbsp;<\/p>\n<p><a href=\"https:\/\/mvsnoticias.com\/\" target=\"_blank\" rel=\"noopener noreferrer\"><em>MVSnoticias.com<\/em><\/a><br \/>\n<a href=\"http:\/\/poderydinero.mx\" target=\"_blank\" rel=\"noopener noreferrer\"><em>poderydinero.mx<\/em><\/a><em><b><br \/>\n<\/b><a href=\"mailto:vsb@poderydinero.mx\" target=\"_blank\" rel=\"noopener noreferrer\">vsb@poderydinero.mx<\/a><a href=\"mailto:vsanchezb@gmail.com\" target=\"_blank\" rel=\"noopener noreferrer\"><br \/>\n<\/a><strong>Twitter:<\/strong><a href=\"https:\/\/twitter.com\/vsanchezbanos\" target=\"_blank\" rel=\"noopener noreferrer\">@vsanchezbanos<br \/>\n<\/a><strong>Facebook: <\/strong><a href=\"https:\/\/www.facebook.com\/vsanchezbanos?fref=ts\" target=\"_blank\" rel=\"noopener noreferrer\">vsanchezbanos<\/a><\/em><\/p>\n","protected":false},"excerpt":{"rendered":"<p><span style=\"color: #005497;\"><strong>V\u00edctor S\u00e1nchez Ba\u00f1os<\/strong><\/span><\/p>\n","protected":false},"author":3,"featured_media":0,"comment_status":"open","ping_status":"open","sticky":false,"template":"","format":"standard","meta":{"_monsterinsights_skip_tracking":false,"_monsterinsights_sitenote_active":false,"_monsterinsights_sitenote_note":"","_monsterinsights_sitenote_category":0,"footnotes":""},"categories":[38844],"tags":[43674,38847,38848],"class_list":["post-544431","post","type-post","status-publish","format-standard","hentry","category-victor-sanchez-banos","tag-opinion","tag-poder-y-dinero","tag-victor-sanchez-banos"],"_links":{"self":[{"href":"https:\/\/www.diarioimagen.net\/index.php?rest_route=\/wp\/v2\/posts\/544431","targetHints":{"allow":["GET"]}}],"collection":[{"href":"https:\/\/www.diarioimagen.net\/index.php?rest_route=\/wp\/v2\/posts"}],"about":[{"href":"https:\/\/www.diarioimagen.net\/index.php?rest_route=\/wp\/v2\/types\/post"}],"author":[{"embeddable":true,"href":"https:\/\/www.diarioimagen.net\/index.php?rest_route=\/wp\/v2\/users\/3"}],"replies":[{"embeddable":true,"href":"https:\/\/www.diarioimagen.net\/index.php?rest_route=%2Fwp%2Fv2%2Fcomments&post=544431"}],"version-history":[{"count":0,"href":"https:\/\/www.diarioimagen.net\/index.php?rest_route=\/wp\/v2\/posts\/544431\/revisions"}],"wp:attachment":[{"href":"https:\/\/www.diarioimagen.net\/index.php?rest_route=%2Fwp%2Fv2%2Fmedia&parent=544431"}],"wp:term":[{"taxonomy":"category","embeddable":true,"href":"https:\/\/www.diarioimagen.net\/index.php?rest_route=%2Fwp%2Fv2%2Fcategories&post=544431"},{"taxonomy":"post_tag","embeddable":true,"href":"https:\/\/www.diarioimagen.net\/index.php?rest_route=%2Fwp%2Fv2%2Ftags&post=544431"}],"curies":[{"name":"wp","href":"https:\/\/api.w.org\/{rel}","templated":true}]}}