{"id":544514,"date":"2022-04-28T00:02:54","date_gmt":"2022-04-28T05:02:54","guid":{"rendered":"https:\/\/www.diarioimagen.net\/?p=544514"},"modified":"2022-04-29T00:31:02","modified_gmt":"2022-04-29T05:31:02","slug":"acceder-a-la-justicia-aun-es-un-privilegio-de-las-elites-reconoce-el-ministro-zaldivar","status":"publish","type":"post","link":"https:\/\/www.diarioimagen.net\/?p=544514","title":{"rendered":"Acceder a la justicia a\u00fan es un privilegio de las \u00e9lites, reconoce el ministro Zald\u00edvar"},"content":{"rendered":"<p>&nbsp;<\/p>\n<ul>\n<li><strong><em>\u201cPara pobres y marginados s\u00f3lo existe en el papel\u201d<\/em><\/strong><\/li>\n<\/ul>\n<p>&nbsp;<\/p>\n<div id=\"attachment_544590\" style=\"width: 470px\" class=\"wp-caption aligncenter\"><a href=\"https:\/\/www.diarioimagen.net\/?attachment_id=544590\" rel=\"attachment wp-att-544590\"><img loading=\"lazy\" decoding=\"async\" aria-describedby=\"caption-attachment-544590\" class=\"size-full wp-image-544590\" src=\"https:\/\/www.diarioimagen.net\/wp-content\/uploads\/2022\/04\/zaldivar.jpg\" alt=\"\" width=\"460\" height=\"270\" \/><\/a><p id=\"caption-attachment-544590\" class=\"wp-caption-text\">El presidente del Poder Judicial de la Federaci\u00f3n, Arturo Zald\u00edvar, asegur\u00f3 que acceder a la justicia sigue siendo, \u201cen buena medida\u201d, un privilegio de las \u00e9lites.<\/p><\/div>\n<p>&nbsp;<\/p>\n<p>Arturo Zald\u00edvar Lelo de Larrea, presidente de la Suprema Corte de Justicia de la Naci\u00f3n (SCJN), reconoci\u00f3 que acceder a la justicia en nuestro pa\u00eds es un \u201cprivilegio de las \u00e9lites\u201d, y admiti\u00f3 que los derechos universales en M\u00e9xico son una quimera, por lo que alert\u00f3 que mientras en los poderes judiciales no provoquen cambios, se seguir\u00e1n reproduciendo y perpetuando las desigualdades.<\/p>\n<p>\u201cPocas cosas son a la vez, tan a\u00f1ejas y tan vigentes, como los reclamos de justicia; acceder a ella sigue siendo, en buena medida, un privilegio de las \u00e9lites. Obtener la protecci\u00f3n de un tribunal que resuelva las controversias y tutele los derechos involucrados, es algo que para muchas personas, para los m\u00e1s pobres, marginados y discriminados, s\u00f3lo existe en el papel. Y mientras esta realidad persista, la idea de que los derechos son universales y de que asisten a toda persona por el simple hecho de serlo, seguir\u00e1 siendo una quimera, una promesa incumplida\u201d, sentenci\u00f3.<\/p>\n<p>Al inaugurar la Primera Reuni\u00f3n Preparatoria de la XXI Edici\u00f3n de la Cumbre Judicial Iberoamericana, el ministro presidente de la Suprema Corte de Justicia de la Naci\u00f3n (SCJN) enfatiz\u00f3 que, como impartidores de justicia, su compromiso m\u00e1s importante es transformar esta realidad inaceptable.<\/p>\n<p>\u201cEl di\u00e1logo, el intercambio y los compromisos que resulten de nuestros trabajos deben ser herramientas \u00fatiles a este fin, igualar la cancha para todos y para todas. Brindar una justicia que contribuya a revertir las desigualdades hist\u00f3ricas, desgarradoras, persistentes, que lastiman a tantas personas y comunidades\u201d, refiri\u00f3.<\/p>\n<p>Zald\u00edvar Lelo de Larrea dijo que no habr\u00e1 resultados diferentes si se contin\u00faa haciendo lo mismo en los poderes judiciales, y se seguir\u00e1 reproduciendo y perpetuando las desigualdades.<\/p>\n<p>\u201cEl fortalecimiento de los poderes judiciales, su independencia, su modernidad y buen funcionamiento deben ser instrumentales a la construcci\u00f3n de una justicia verdaderamente igualadora, ante la que no haya ricos ni pobres, ante la que no haya poderosos\u201d, refiri\u00f3.<\/p>\n<p>Durante el evento, el presidente de la Suprema Corte de Justicia de Uruguay, John P\u00e9rez Brignani, destac\u00f3 que los poderes judiciales latinoamericanos deben actuar coordinadamente, no solo compartiendo experiencias y recursos, sino tambi\u00e9n, generando un \u00e1mbito de defensa de la funci\u00f3n judicial.<\/p>\n<p style=\"text-align: center;\"><strong>Vacantes para personas con discapacidad<\/strong><\/p>\n<p>Por otra parte, el ministro Zald\u00edvar Lelo de Larrea anunci\u00f3 que al menos 3 por ciento de las plazas en \u00e1reas administrativas del m\u00e1ximo tribunal del pa\u00eds ser\u00e1n ocupadas por personas con discapacidad.<\/p>\n<p>Al encabezar la presentaci\u00f3n del Protocolo para Juzgar con Perspectiva de Discapacidad, dio a conocer que ayer firm\u00f3 el Acuerdo General de Administraci\u00f3n para una pol\u00edtica laboral de inclusi\u00f3n en la SCJN, en el que se incluye este compromiso.<\/p>\n<p>Destac\u00f3 que esta serie de medidas \u201cmuy importantes\u201d fueron sometidas \u201ca un proceso consultivo con todas las personas con discapacidad de la Corte, se hizo un micrositio especial y recibimos todas las opiniones y sugerencias, precisamente para que el avance que tenemos en este acuerdo vaya de la mano con las personas con discapacidad\u201d.<\/p>\n","protected":false},"excerpt":{"rendered":"<p>Arturo Zald\u00edvar Lelo de Larrea, presidente de la Suprema Corte de Justicia de la Naci\u00f3n (SCJN), reconoci\u00f3 que acceder a la justicia en nuestro pa\u00eds es un \u201cprivilegio de las \u00e9lites\u201d, y admiti\u00f3 que los derechos universales en M\u00e9xico son una quimera, por lo que alert\u00f3 que mientras en los poderes judiciales no provoquen cambios, se seguir\u00e1n reproduciendo y perpetuando las desigualdades.<\/p>\n","protected":false},"author":3,"featured_media":544590,"comment_status":"open","ping_status":"open","sticky":false,"template":"","format":"standard","meta":{"_monsterinsights_skip_tracking":false,"_monsterinsights_sitenote_active":false,"_monsterinsights_sitenote_note":"","_monsterinsights_sitenote_category":0,"footnotes":""},"categories":[3],"tags":[81514,4696,2852,43677],"class_list":["post-544514","post","type-post","status-publish","format-standard","has-post-thumbnail","hentry","category-nacional","tag-arturo-zaldivar-lelo-de-larrea","tag-justicia","tag-scjn","tag-seguridad"],"_links":{"self":[{"href":"https:\/\/www.diarioimagen.net\/index.php?rest_route=\/wp\/v2\/posts\/544514","targetHints":{"allow":["GET"]}}],"collection":[{"href":"https:\/\/www.diarioimagen.net\/index.php?rest_route=\/wp\/v2\/posts"}],"about":[{"href":"https:\/\/www.diarioimagen.net\/index.php?rest_route=\/wp\/v2\/types\/post"}],"author":[{"embeddable":true,"href":"https:\/\/www.diarioimagen.net\/index.php?rest_route=\/wp\/v2\/users\/3"}],"replies":[{"embeddable":true,"href":"https:\/\/www.diarioimagen.net\/index.php?rest_route=%2Fwp%2Fv2%2Fcomments&post=544514"}],"version-history":[{"count":0,"href":"https:\/\/www.diarioimagen.net\/index.php?rest_route=\/wp\/v2\/posts\/544514\/revisions"}],"wp:featuredmedia":[{"embeddable":true,"href":"https:\/\/www.diarioimagen.net\/index.php?rest_route=\/wp\/v2\/media\/544590"}],"wp:attachment":[{"href":"https:\/\/www.diarioimagen.net\/index.php?rest_route=%2Fwp%2Fv2%2Fmedia&parent=544514"}],"wp:term":[{"taxonomy":"category","embeddable":true,"href":"https:\/\/www.diarioimagen.net\/index.php?rest_route=%2Fwp%2Fv2%2Fcategories&post=544514"},{"taxonomy":"post_tag","embeddable":true,"href":"https:\/\/www.diarioimagen.net\/index.php?rest_route=%2Fwp%2Fv2%2Ftags&post=544514"}],"curies":[{"name":"wp","href":"https:\/\/api.w.org\/{rel}","templated":true}]}}