{"id":544516,"date":"2022-04-28T00:01:46","date_gmt":"2022-04-28T05:01:46","guid":{"rendered":"https:\/\/www.diarioimagen.net\/?p=544516"},"modified":"2022-04-29T00:32:28","modified_gmt":"2022-04-29T05:32:28","slug":"alista-amlo-plan-antiinflacionario-con-precio-parejo-en-la-canasta-basica","status":"publish","type":"post","link":"https:\/\/www.diarioimagen.net\/?p=544516","title":{"rendered":"Alista AMLO plan antiinflacionario con precio parejo en la canasta b\u00e1sica"},"content":{"rendered":"<p>&nbsp;<\/p>\n<ul>\n<li><strong><em>Lo presentar\u00e1 la pr\u00f3xima semana<\/em><\/strong><\/li>\n<\/ul>\n<p>&nbsp;<\/p>\n<div id=\"attachment_544593\" style=\"width: 470px\" class=\"wp-caption aligncenter\"><a href=\"https:\/\/www.diarioimagen.net\/?attachment_id=544593\" rel=\"attachment wp-att-544593\"><img loading=\"lazy\" decoding=\"async\" aria-describedby=\"caption-attachment-544593\" class=\"size-full wp-image-544593\" src=\"https:\/\/www.diarioimagen.net\/wp-content\/uploads\/2022\/04\/amlo-9.jpg\" alt=\"\" width=\"460\" height=\"270\" \/><\/a><p id=\"caption-attachment-544593\" class=\"wp-caption-text\">El presidente Andr\u00e9s Manuel L\u00f3pez Obrador anunci\u00f3 que se busca que la canasta b\u00e1sica cueste lo mismo en todo el pa\u00eds.<\/p><\/div>\n<p>&nbsp;<\/p>\n<p>El presidente Andr\u00e9s Manuel L\u00f3pez Obrador adelant\u00f3 que el pr\u00f3ximo mi\u00e9rcoles presentar\u00e1 su plan antiinflacionario con el que se busca un \u201cprecio parejo de la canasta b\u00e1sica\u201d en todo el pa\u00eds y la cual constar\u00eda de al menos 24 productos, pero aclar\u00f3 que no se establecer\u00e1 un control de precios.<\/p>\n<p>En su ma\u00f1anera, el mandatario inform\u00f3 que hay avances con productores de alimentos, distribuidores y tiendas departamentales para que productos como el arroz tengan un mismo precio.<\/p>\n<p>Lo que les proponemos es que tengamos un precio parejo de una canasta b\u00e1sica, que se pueda comprar al mismo precio en la Ciudad de M\u00e9xico o en Tijuana o en Valladolid o en Tapachula, un precio justo es una contribuci\u00f3n de los productores, distribuidores y las grandes tiendas departamentales que van a ayudarnos.<\/p>\n<p>\u201cEstamos definiendo que sean 24 productos b\u00e1sicos para que la gente m\u00e1s humilde no padezca y tenga garantizado lo b\u00e1sico a un precio justo\u201d, coment\u00f3.<\/p>\n<p>L\u00f3pez Obrador destac\u00f3 que al interior del gobierno federal se trabaja en el plan antiinflacionario se busca hacer frente al problema de la carest\u00eda para as\u00ed garantizar que no aumente el precio de las gasolinas, el di\u00e9sel ni la luz el\u00e9ctrica.<\/p>\n<p>Agreg\u00f3 que en la estrategia ahonda tambi\u00e9n en las actividades productivas, por lo que reiter\u00f3 su llamado a los campesinos a sembrar ma\u00edz, frijol y arroz, principalmente, para impulsar el autoconsumo en el pa\u00eds.<\/p>\n<p>No voy a dejar pasar la atenci\u00f3n para llamar a campesinos para que se siembre ma\u00edz, frijol, lo b\u00e1sico, porque se enfrenta la carest\u00eda, la inflaci\u00f3n, con el autoconsumo. Si somos autosuficientes en alimentos, vamos de gane, no es lo mismo comprar el frijol y ma\u00edz que tenerlo\u201d, expres\u00f3.<\/p>\n<p style=\"text-align: center;\"><strong>\u201cAlza de inflaci\u00f3n, un fen\u00f3meno mundial por crisis post pandemia\u201d<\/strong><\/p>\n<p>Luego de que la inflaci\u00f3n en M\u00e9xico se elevara a 7.05 por ciento, el mayor nivel en 20 a\u00f1os, el presidente L\u00f3pez Obrador asegur\u00f3 que esto \u201ces un fen\u00f3meno mundial\u201d a causa de la crisis post pandemia, aunque confi\u00f3 en que pronto se estabilicen los precios.<\/p>\n<p>Desde Palacio Nacional, el mandatario inform\u00f3 que el incremento de la inflaci\u00f3n se debe a incremento de los precios de las materias primas, alimentos, del acero; adem\u00e1s del impacto que tenido el incremento de los costos de transporte mar\u00edtimo.<\/p>\n<p>\u201cEs un fen\u00f3meno mundial, hay una crisis post pandemia que se est\u00e1 manifestando en todos los pa\u00edses. Tenemos una inflaci\u00f3n igual a la de Estados Unidos, por lo general, la inflaci\u00f3n de M\u00e9xico es superior a la de EU y en este caso es igual. Ellos tambi\u00e9n traen una inflaci\u00f3n del 6 por ciento, Brasil del 11 por ciento, es un fen\u00f3meno que est\u00e1 afectando, pero espero que esto se resuelva pronto\u201d, dijo.<\/p>\n<p>L\u00f3pez Obrador aprovech\u00f3 para reiterar la necesidad de que sea aprobada la reforma el\u00e9ctrica para garantizar que los precios de la energ\u00eda el\u00e9ctrica no aumenten, as\u00ed como para evitar que haya una crisis energ\u00e9tica como la que vive Espa\u00f1a.<\/p>\n<p>Vamos logrando estabilizar los precios, por eso necesitamos la reforma el\u00e9ctrica, para que no aumenten \u00e9stos\u201d, asegur\u00f3.<\/p>\n<p>Asimismo, anunci\u00f3 que su gobierno trabajar\u00e1 para que el salario m\u00ednimo contin\u00fae al alza, ya que, a pesar del incremento de 50 por ciento que ha tenido desde la llegada de la Cuarta Transformaci\u00f3n, a\u00fan es muy bajo.<\/p>\n<p>Sostuvo que, contrario a lo que dec\u00eda antes, el alza del salario no afecta a la inflaci\u00f3n y destac\u00f3 que debido a las pol\u00edticas neoliberales el salario perdi\u00f3 \u201c70 por ciento de su poder adquisitivo\u201d.<\/p>\n<p>\u201cClaro que tenemos que procurar que aumente m\u00e1s el salario. Hay acuerdo de que se tiene que fortalecer el salario, porque est\u00e1 por los suelos a pesar, repito, del incremento del 50 por ciento. En la frontera se aument\u00f3 al doble\u201d; afirm\u00f3.<\/p>\n<p style=\"text-align: center;\"><strong>AMLO estima derrama de hasta<br \/>\n5 mil mdp en impuestos por venta de Ricolino<\/strong><\/p>\n<p>En otro tema, el titular del Ejecutivo federal estim\u00f3 que a la Hacienda p\u00fablica entrar\u00e1n alrededor de 4 mil millones de pesos en impuestos por la venta que har\u00e1 Grupo Bimbo de su divisi\u00f3n de golosinas, Ricolino, a la empresa estadounidense Mondel\u0113z, en mil 329 millones de d\u00f3lares, unos 27 mil millones de pesos.<\/p>\n<p>EL mandatario federal celebr\u00f3 dicha transacci\u00f3n debido a que para la empresa mexicana representa una inyecci\u00f3n de capital para fortalecer su negocio b\u00e1sico, que es la panader\u00eda, y con ello el fortalecimiento de su inversi\u00f3n en el pa\u00eds.<\/p>\n<p>\u201cVendieron la empresa a una empresa estadounidense muy fuerte en ese ramo y pues es bueno porque significa que Bimbo se fortalece, con esos recursos van a invertir m\u00e1s en sus actividades b\u00e1sicas, lo que tiene que ver con la panader\u00eda, como iniciaron.<\/p>\n<p>\u201cTambi\u00e9n significa que hay confianza en el pa\u00eds, para que una empresa extranjera haga est\u00e1s operaciones es porque hay confianza en M\u00e9xico. Para estas operaciones tienen que pagar impuestos, estamos hablando de 4 a 5 mil millones que ingresan\u201d, estim\u00f3 el jefe del Ejecutivo federal.<\/p>\n<p>El Presidente se\u00f1al\u00f3 que con el pago de estos impuestos, su administraci\u00f3n se fortalece y puede concretar los programas sociales que tiene en marcha como la construcci\u00f3n de caminos en Oaxaca, donde se requiere un presupuesto de 4 mil millones de pesos para concluirlo.<\/p>\n<p>Enfatiz\u00f3 que acciones como esta impactan en la determinaci\u00f3n del sector empresarial por ayudar a la transformaci\u00f3n del pa\u00eds.<\/p>\n<p>\u201cPor eso muchos empresarios, la mayor\u00eda, se sienten hasta orgullosos que est\u00e1n contribuyendo, ya no voy a hablar de impuestos, sino de contribuciones, de d\u00f3nde sale lo de los caminos de Oaxaca, lo de la empresa del litio, de los ingresos\u201d, destac\u00f3.<\/p>\n","protected":false},"excerpt":{"rendered":"<p>El presidente Andr\u00e9s Manuel L\u00f3pez Obrador adelant\u00f3 que el pr\u00f3ximo mi\u00e9rcoles presentar\u00e1 su plan antiinflacionario con el que se busca un \u201cprecio parejo de la canasta b\u00e1sica\u201d en todo el pa\u00eds y la cual constar\u00eda de al menos 24 productos, pero aclar\u00f3 que no se establecer\u00e1 un control de precios.<\/p>\n","protected":false},"author":3,"featured_media":544593,"comment_status":"open","ping_status":"open","sticky":false,"template":"","format":"standard","meta":{"_monsterinsights_skip_tracking":false,"_monsterinsights_sitenote_active":false,"_monsterinsights_sitenote_note":"","_monsterinsights_sitenote_category":0,"footnotes":""},"categories":[3],"tags":[95320,66219,95321],"class_list":["post-544516","post","type-post","status-publish","format-standard","has-post-thumbnail","hentry","category-nacional","tag-antiinflacionario","tag-cansta-basica","tag-parejo"],"_links":{"self":[{"href":"https:\/\/www.diarioimagen.net\/index.php?rest_route=\/wp\/v2\/posts\/544516","targetHints":{"allow":["GET"]}}],"collection":[{"href":"https:\/\/www.diarioimagen.net\/index.php?rest_route=\/wp\/v2\/posts"}],"about":[{"href":"https:\/\/www.diarioimagen.net\/index.php?rest_route=\/wp\/v2\/types\/post"}],"author":[{"embeddable":true,"href":"https:\/\/www.diarioimagen.net\/index.php?rest_route=\/wp\/v2\/users\/3"}],"replies":[{"embeddable":true,"href":"https:\/\/www.diarioimagen.net\/index.php?rest_route=%2Fwp%2Fv2%2Fcomments&post=544516"}],"version-history":[{"count":0,"href":"https:\/\/www.diarioimagen.net\/index.php?rest_route=\/wp\/v2\/posts\/544516\/revisions"}],"wp:featuredmedia":[{"embeddable":true,"href":"https:\/\/www.diarioimagen.net\/index.php?rest_route=\/wp\/v2\/media\/544593"}],"wp:attachment":[{"href":"https:\/\/www.diarioimagen.net\/index.php?rest_route=%2Fwp%2Fv2%2Fmedia&parent=544516"}],"wp:term":[{"taxonomy":"category","embeddable":true,"href":"https:\/\/www.diarioimagen.net\/index.php?rest_route=%2Fwp%2Fv2%2Fcategories&post=544516"},{"taxonomy":"post_tag","embeddable":true,"href":"https:\/\/www.diarioimagen.net\/index.php?rest_route=%2Fwp%2Fv2%2Ftags&post=544516"}],"curies":[{"name":"wp","href":"https:\/\/api.w.org\/{rel}","templated":true}]}}