{"id":544519,"date":"2022-04-28T00:05:34","date_gmt":"2022-04-28T05:05:34","guid":{"rendered":"https:\/\/www.diarioimagen.net\/?p=544519"},"modified":"2022-04-29T05:22:32","modified_gmt":"2022-04-29T10:22:32","slug":"estudiantes-del-plantel-isidro-fabela-alfaro-de-la-uaemex-promotores-activos-de-la-sustentabilidad-cebd","status":"publish","type":"post","link":"https:\/\/www.diarioimagen.net\/?p=544519","title":{"rendered":"Estudiantes del Plantel \u201cIsidro Fabela Alfaro\u201d de la UAEM\u00e9x,\u00a0promotores activos de la sustentabilidad: CEBD"},"content":{"rendered":"<p>&nbsp;<\/p>\n<ul>\n<li><em><strong>El rector de la Aut\u00f3noma mexiquense, Carlos Eduardo Barrera D\u00edaz, encabez\u00f3 la lectura del cuarto informe de actividades del director de este espacio universitario -ubicado en el municipio mexiquense de Atlacomulco-, Francisco Octavio Col\u00edn Plata<\/strong> <\/em><\/li>\n<\/ul>\n<p>&nbsp;<\/p>\n<div id=\"attachment_544597\" style=\"width: 470px\" class=\"wp-caption aligncenter\"><a href=\"https:\/\/www.diarioimagen.net\/?attachment_id=544597\" rel=\"attachment wp-att-544597\"><img loading=\"lazy\" decoding=\"async\" aria-describedby=\"caption-attachment-544597\" class=\"size-full wp-image-544597\" src=\"https:\/\/www.diarioimagen.net\/wp-content\/uploads\/2022\/04\/uaem-16.jpg\" alt=\"\" width=\"460\" height=\"270\" \/><\/a><p id=\"caption-attachment-544597\" class=\"wp-caption-text\">\u201cNuestra Escuela Preparatoria no solo busca formar buenos estudiantes sino tambi\u00e9n ciudadanos \u00edntegros y l\u00edderes en equidad e inclusi\u00f3n, al igual que promotores activos de la sustentabilidad como una forma de vida\u201d, dijo Carlos Eduardo Barrera D\u00edaz.<\/p><\/div>\n<p>&nbsp;<\/p>\n<p><strong>Atlacomulco, Estado de M\u00e9xico.\u2014<\/strong> El Plantel \u201cIsidro Fabela Alfaro\u201d de la Escuela Preparatoria de la Universidad Aut\u00f3noma del Estado de M\u00e9xico (UAEM\u00e9x) es referente de educaci\u00f3n media superior de calidad en esta regi\u00f3n de la entidad, afirm\u00f3 el rector Carlos Eduardo Barrera D\u00edaz, al encabezar la lectura del cuarto informe de actividades del director de este espacio universitario -ubicado en el municipio mexiquense de Atlacomulco-, Francisco Octavio Col\u00edn Plata.<\/p>\n<p>El servidor universitario destac\u00f3 que de 2018 a la fecha, la actual administraci\u00f3n logr\u00f3 incrementar 57 por ciento la matr\u00edcula del Plantel, con un \u00edndice de 99.2 por ciento en la eficiencia terminal, significando el mayor porcentaje de todo el sistema de educaci\u00f3n media superior de la Aut\u00f3noma mexiquense.<\/p>\n<p>Puntualiz\u00f3 que en este espacio acad\u00e9mico se han mantenido los est\u00e1ndares de calidad nacional a partir de su participaci\u00f3n en procesos de evaluaci\u00f3n externa y certificaci\u00f3n y conserva su acreditaci\u00f3n favorable de Nivel 1 hasta el a\u00f1o 2025 dentro del Padr\u00f3n de Calidad del Sistema Nacional de Educaci\u00f3n Media Superior.<\/p>\n<p>Adem\u00e1s, se\u00f1al\u00f3, cuenta con la recertificaci\u00f3n de las pr\u00e1cticas de laboratorio en el nivel medio superior por parte de la empresa ATR, que atiende a las asignaturas de qu\u00edmica, f\u00edsica y biolog\u00eda, garantizando as\u00ed la calidad del servicio y oferta educativa.<\/p>\n<p>\u201cNuestra Escuela Preparatoria no solo busca formar buenos estudiantes sino tambi\u00e9n ciudadanos \u00edntegros y l\u00edderes en equidad e inclusi\u00f3n, al igual que promotores activos de la sustentabilidad como una forma de vida\u201d, dijo Carlos Eduardo Barrera D\u00edaz.<\/p>\n<p>Por su parte, el director Francisco Octavio Col\u00edn Plata inform\u00f3 que durante la administraci\u00f3n que encabez\u00f3 se mantuvo un permanente impulso a la participaci\u00f3n de las y los alumnos en encuentros acad\u00e9micos estatales, nacionales e internacionales.<\/p>\n<p>\u201cHicimos nuestra la inclusi\u00f3n y la equidad educativa. En el Plantel \u2018Isidro Fabela Alfaro\u2019 es posible la expresi\u00f3n art\u00edstica, la libertad creativa y la ciencia; desarrollamos la cultura del emprendimiento, el deporte y los estilos de vida saludables\u201d, dijo.<\/p>\n<p>Si bien, precis\u00f3, durante este \u00faltimo a\u00f1o que se informa, las funciones sustantivas tuvieron que migrar a medio virtuales, dada la contingencia sanitaria por la COVID-19, las tecnolog\u00edas de la informaci\u00f3n y comunicaciones, como las plataformas como Microsoft Teams y el Portal de Servicios SEDUCA fungieron como pilar fundamental para la comunicaci\u00f3n a distancia y para dar continuidad a estas funciones citadas.<\/p>\n<p>Las clases, asever\u00f3, continuaron imparti\u00e9ndose virtualmente, los servicios al estudiante como la biblioteca digital, en periodos de pandemia, fueron esenciales para el cumplimiento de las actividades acad\u00e9micas.<\/p>\n<p>De manera paulatina, destac\u00f3, transitamos de actividades virtuales a h\u00edbridas, lo cual implic\u00f3 adaptarnos y organizar roles presenciales de estudiantes y docentes para las clases. Detall\u00f3 que se equiparon las aulas y los laboratorios con computadoras conectadas a internet, cableando c\u00e1maras web, micr\u00f3fonos y proyectores, a fin de que las clases y pr\u00e1cticas fueran trasmitidas por Microsoft Teams para los alumnos que tomaban clases desde casa.<\/p>\n","protected":false},"excerpt":{"rendered":"<p>El Plantel \u201cIsidro Fabela Alfaro\u201d de la Escuela Preparatoria de la Universidad Aut\u00f3noma del Estado de M\u00e9xico (UAEM\u00e9x) es referente de educaci\u00f3n media superior de calidad en esta regi\u00f3n de la entidad, afirm\u00f3 el rector Carlos Eduardo Barrera D\u00edaz, al encabezar la lectura del cuarto informe de actividades del director de este espacio universitario -ubicado en el municipio mexiquense de Atlacomulco-, Francisco Octavio Col\u00edn Plata.\u00a0\u00a0<\/p>\n","protected":false},"author":3,"featured_media":544597,"comment_status":"open","ping_status":"open","sticky":false,"template":"","format":"standard","meta":{"_monsterinsights_skip_tracking":false,"_monsterinsights_sitenote_active":false,"_monsterinsights_sitenote_note":"","_monsterinsights_sitenote_category":0,"footnotes":""},"categories":[5],"tags":[1302,92667,94121,43675,67878],"class_list":["post-544519","post","type-post","status-publish","format-standard","has-post-thumbnail","hentry","category-estado-de-mexico","tag-atlacomulco","tag-carlos-eduardo-barrera-diaz","tag-cebd","tag-estado-de-mexico","tag-uaemex"],"_links":{"self":[{"href":"https:\/\/www.diarioimagen.net\/index.php?rest_route=\/wp\/v2\/posts\/544519","targetHints":{"allow":["GET"]}}],"collection":[{"href":"https:\/\/www.diarioimagen.net\/index.php?rest_route=\/wp\/v2\/posts"}],"about":[{"href":"https:\/\/www.diarioimagen.net\/index.php?rest_route=\/wp\/v2\/types\/post"}],"author":[{"embeddable":true,"href":"https:\/\/www.diarioimagen.net\/index.php?rest_route=\/wp\/v2\/users\/3"}],"replies":[{"embeddable":true,"href":"https:\/\/www.diarioimagen.net\/index.php?rest_route=%2Fwp%2Fv2%2Fcomments&post=544519"}],"version-history":[{"count":0,"href":"https:\/\/www.diarioimagen.net\/index.php?rest_route=\/wp\/v2\/posts\/544519\/revisions"}],"wp:featuredmedia":[{"embeddable":true,"href":"https:\/\/www.diarioimagen.net\/index.php?rest_route=\/wp\/v2\/media\/544597"}],"wp:attachment":[{"href":"https:\/\/www.diarioimagen.net\/index.php?rest_route=%2Fwp%2Fv2%2Fmedia&parent=544519"}],"wp:term":[{"taxonomy":"category","embeddable":true,"href":"https:\/\/www.diarioimagen.net\/index.php?rest_route=%2Fwp%2Fv2%2Fcategories&post=544519"},{"taxonomy":"post_tag","embeddable":true,"href":"https:\/\/www.diarioimagen.net\/index.php?rest_route=%2Fwp%2Fv2%2Ftags&post=544519"}],"curies":[{"name":"wp","href":"https:\/\/api.w.org\/{rel}","templated":true}]}}