{"id":544521,"date":"2022-04-28T00:06:15","date_gmt":"2022-04-28T05:06:15","guid":{"rendered":"https:\/\/www.diarioimagen.net\/?p=544521"},"modified":"2022-04-29T00:11:33","modified_gmt":"2022-04-29T05:11:33","slug":"morena-lidera-preferencias-rumbo-a-eleccion-de-gobernador-en-edomex","status":"publish","type":"post","link":"https:\/\/www.diarioimagen.net\/?p=544521","title":{"rendered":"Morena lidera preferencias rumbo a elecci\u00f3n de gobernador en Edomex"},"content":{"rendered":"<p>&nbsp;<\/p>\n<h3 style=\"text-align: center;\">A un a\u00f1o de la renovaci\u00f3n del cargo<\/h3>\n<p>&nbsp;<\/p>\n<ul>\n<li><em><strong>Su m\u00e1s cercano rival es el PAN, que demuestra fuerza para competir<\/strong> <\/em><\/li>\n<\/ul>\n<p>&nbsp;<\/p>\n<p><a href=\"https:\/\/www.diarioimagen.net\/?attachment_id=544623\" rel=\"attachment wp-att-544623\"><img loading=\"lazy\" decoding=\"async\" class=\"aligncenter size-full wp-image-544623\" src=\"https:\/\/www.diarioimagen.net\/wp-content\/uploads\/2022\/04\/PastedGraphic-1.jpg\" alt=\"\" width=\"460\" height=\"784\" \/><\/a><\/p>\n<p>&nbsp;<\/p>\n<p>Ser\u00e1 en 2023 cuando el Estado de M\u00e9xico renueve a su gobernador, por lo que a un a\u00f1o de que eso suceda, ya ha comenzado la carrera de los posibles aspirantes al cargo en los diferentes partidos contendientes, siendo Morena, el preferido hasta ahora para sorpresa de muchos, seg\u00fan estudios de casas encuestadoras.<\/p>\n<p>En el caso de la encuesta realizada por C&amp;E Research de Ceonline, que lanz\u00f3 la pregunta \u201cDe acuerdo a su preferencia partidista, usted \u00bfpor qui\u00e9n piensa votar en junio de 2023\u201d, se revel\u00f3 que es Movimiento Regeneraci\u00f3n Nacional (Morena) el que encabeza las preferencias con un 41% de las respuestas a favor, es decir, 14 puntos porcentuales por encima de su m\u00e1s cercano rival, que en este caso es el Partido Acci\u00f3n Nacional (PAN) con el 27% de los encuestados.<\/p>\n<p>En tercer puesto se ubica\u00a0el Partido Revolucionario Institucional (PRI), que logr\u00f3 el 20%, apenas por debajo del PAN, mientras que en la cuarta posici\u00f3n llega Movimiento Ciudadano con s\u00f3lo 5%; seguido del Partido de la Revoluci\u00f3n Democr\u00e1tica (PRD) con un raqu\u00edtico 1%, en este caso teniendo la tarea m\u00e1s dif\u00edcil a un a\u00f1o de las elecciones para mejorar su posicionamiento y confianza entre la poblaci\u00f3n mexiquense. Asimismo, el 6% de los encuestados opinaron que su preferencia se inclina m\u00e1s por un candidato que por un partido, de modo que no dieron ninguna preferencia.<\/p>\n<p style=\"text-align: center;\"><strong>Una mayor\u00eda apoya alianza<\/strong><\/p>\n<p>\u00a0En cuanto a la posibilidad de que el PRI, PAN y PRD conformen una alianza contra Morena, lanzando a un candidato com\u00fan a la gubernatura, la encuesta determin\u00f3 que un 55% de las personas apoyan y estar\u00edan de acuerdo con esa coalici\u00f3n, que cerrar\u00eda un poco las preferencias del voto en la carrera electoral, mientras que el otro 45% se dijo en contra de este tipo de estrategias y alianzas.<\/p>\n<p>Siendo Morena el partido, hasta ahora, con mayor popularidad entre los encuestados, tambi\u00e9n se pregunt\u00f3 a los participantes del estudio: \u201cDe entre los siguientes integrantes de Morena \u00bfQui\u00e9n le gustar\u00eda que fuera el pr\u00f3ximo candidato a la gubernatura de Edomex?\u201d A lo cual, el 38% se inclin\u00f3 a favor de Delfina G\u00f3mez \u00c1lvarez, no obstante, no es una gran mayor\u00eda, pues le sigue, Higinio Mart\u00ednez Miranda con 27%, apenas con 11 puntos porcentuales de diferencia.<\/p>\n<p>Mientras tanto, en tercera posici\u00f3n se ubica ya muy por debajo y pocas posibilidades de representar al partido (a opini\u00f3n de la poblaci\u00f3n encuestada), Horacio Duarte Olivares, que apenas logr\u00f3 un 8% de las preferencias, mientras que el otro 27% de las personas dijeron que les gustar\u00eda alguna otra opci\u00f3n.<\/p>\n<p style=\"text-align: center;\"><strong>El panista Vargas del Villar dar\u00eda batalla a Morena\u00a0<\/strong><\/p>\n<p>En cuanto a las opciones de candidatos para representar al PAN en las elecciones del pr\u00f3ximo a\u00f1o, el 63% de los encuestados se inclinan por Enrique Vargas del Villar, que es seguido muy de lejos por Laura Rojas que logr\u00f3 s\u00f3lo el 15%. En tercer puesto se ubica Edgar Olvera con 10% y el 12% restante optar\u00edan por otro candidato.<\/p>\n<p>En el caso del PRI, la favorita para representar al partido es Alejandra Del Moral Vela con el 32% de las preferencias, pero es seguida de cerca por Ernesto Nemer y Ana Lilia Herrera que ostentaron el 25% y 22%, respectivamente, mientras que Ricardo Aguilar Castillo logra solo el 7% y El\u00edas Rescala Jim\u00e9nez el 4%. Asimismo un 10% dijeron que prefieren otro aspirante.<\/p>\n<p>En caso de concretarse una alianza PRI-PAN-PRD, para hacer frente a la aplastante popularidad de Morena, el 42% de la poblaci\u00f3n encuestada refiere que le gustar\u00eda tener a Enrique Vargas del Villar como abanderado, es decir, que tendr\u00eda bastante fuerza contra los guindas. Otro 24% dijo que preferir\u00edan a Alejadra Del Moral, mientras que el 17% opta por Ernesto Nemer; 5% por Laura Rojas y 3% por Omar Ortega.<\/p>\n<p style=\"text-align: center;\"><strong>Se ve re\u00f1ida disputa entre Morena y PAN<\/strong><\/p>\n<p>Ya entrando en materia de competici\u00f3n entre partidos, basados en sus posibles candidatos, la preferencia del voto, seg\u00fan la misma encuesta queda muy apretada, pues el 32% dijo que votar\u00edan por Delfina G\u00f3mez de Morena, pero tambi\u00e9n el 31% se inclinaron a favor de Enrique Vargas del Villar, representante del PAN, es decir, que s\u00f3lo hay un punto de diferencia. El otro 18% dijo que optar\u00edan por Ernesto Nemer, del PRI, y el 19% restantes a\u00fan no deciden.<\/p>\n<p>No obstante, si de una alianza PRI-PAN-PRD se tratara y fuera representada por Alejandra del Moral, la competici\u00f3n se cierra bastante a favor de Morena, pues los encuestados dijeron en un 46% que votar\u00edan por los guindas y s\u00f3lo 22% por la coalici\u00f3n mencionada. Asimismo el 5% votar\u00edan por MC y el 27% restante no han decidido.<\/p>\n<p>En contraparte, si el representante de la alianza fuera Enrique Vargas del Villar, una vez m\u00e1s la contienda ser\u00eda muy re\u00f1ida, pues el panista obtuvo 41% de las preferencias, exactamente el mismo porcentaje que Delfina G\u00f3mez de Morena, mientras que el MC s\u00f3lo tiene 5% y el otro 13 no deciden aun. Y ya sin tomar en cuenta a los otros partidos y candidatos con menos fuerza, la encuesta revela que si se confirma la alianza PRI-PAN-PRD encabezada por Vargas del Villar, el panista lograr\u00eda el triunfo con 51% de los votantes, mientras que Delfina se queda con 49%.<\/p>\n<p>Lo anterior revela que posiblemente la mejor estrategia para derrotar a Morena en el Edomex ser\u00eda una alianza, pero \u00fanicamente si \u00e9sta es representada por Vargas del Villar o en su defecto lanzarlo como candidato \u00fanico del PAN, ya que goza de la mejor popularidad para hacer frente a los morenistas de cara al 2023, seg\u00fan la encuesta.<\/p>\n<p>&nbsp;<\/p>\n<p><a href=\"https:\/\/www.diarioimagen.net\/?attachment_id=544625\" rel=\"attachment wp-att-544625\"><img loading=\"lazy\" decoding=\"async\" class=\"aligncenter size-full wp-image-544625\" src=\"https:\/\/www.diarioimagen.net\/wp-content\/uploads\/2022\/04\/PastedGraphic-2.jpg\" alt=\"\" width=\"460\" height=\"775\" \/><\/a><\/p>\n","protected":false},"excerpt":{"rendered":"<p>Ser\u00e1 en 2023 cuando el Estado de M\u00e9xico renueve a su gobernador, por lo que a un a\u00f1o de que eso suceda, ya ha comenzado la carrera de los posibles aspirantes al cargo en los diferentes partidos contendientes, siendo Morena, el preferido hasta ahora para sorpresa de muchos, seg\u00fan estudios de casas encuestadoras.<\/p>\n","protected":false},"author":3,"featured_media":544626,"comment_status":"open","ping_status":"open","sticky":false,"template":"","format":"standard","meta":{"_monsterinsights_skip_tracking":false,"_monsterinsights_sitenote_active":false,"_monsterinsights_sitenote_note":"","_monsterinsights_sitenote_category":0,"footnotes":""},"categories":[5],"tags":[68,21946,20663,95322],"class_list":["post-544521","post","type-post","status-publish","format-standard","has-post-thumbnail","hentry","category-estado-de-mexico","tag-edomex","tag-eleccion","tag-morena","tag-proferencia"],"_links":{"self":[{"href":"https:\/\/www.diarioimagen.net\/index.php?rest_route=\/wp\/v2\/posts\/544521","targetHints":{"allow":["GET"]}}],"collection":[{"href":"https:\/\/www.diarioimagen.net\/index.php?rest_route=\/wp\/v2\/posts"}],"about":[{"href":"https:\/\/www.diarioimagen.net\/index.php?rest_route=\/wp\/v2\/types\/post"}],"author":[{"embeddable":true,"href":"https:\/\/www.diarioimagen.net\/index.php?rest_route=\/wp\/v2\/users\/3"}],"replies":[{"embeddable":true,"href":"https:\/\/www.diarioimagen.net\/index.php?rest_route=%2Fwp%2Fv2%2Fcomments&post=544521"}],"version-history":[{"count":0,"href":"https:\/\/www.diarioimagen.net\/index.php?rest_route=\/wp\/v2\/posts\/544521\/revisions"}],"wp:featuredmedia":[{"embeddable":true,"href":"https:\/\/www.diarioimagen.net\/index.php?rest_route=\/wp\/v2\/media\/544626"}],"wp:attachment":[{"href":"https:\/\/www.diarioimagen.net\/index.php?rest_route=%2Fwp%2Fv2%2Fmedia&parent=544521"}],"wp:term":[{"taxonomy":"category","embeddable":true,"href":"https:\/\/www.diarioimagen.net\/index.php?rest_route=%2Fwp%2Fv2%2Fcategories&post=544521"},{"taxonomy":"post_tag","embeddable":true,"href":"https:\/\/www.diarioimagen.net\/index.php?rest_route=%2Fwp%2Fv2%2Ftags&post=544521"}],"curies":[{"name":"wp","href":"https:\/\/api.w.org\/{rel}","templated":true}]}}