{"id":544538,"date":"2022-04-28T00:01:26","date_gmt":"2022-04-28T05:01:26","guid":{"rendered":"https:\/\/www.diarioimagen.net\/?p=544538"},"modified":"2022-04-28T05:10:43","modified_gmt":"2022-04-28T10:10:43","slug":"no-somos-traidores-ni-lacayos-del-presidente-dicen-diputados-federales-de-accion-nacional","status":"publish","type":"post","link":"https:\/\/www.diarioimagen.net\/?p=544538","title":{"rendered":"No somos traidores ni lacayos del Presidente, dicen diputados federales de Acci\u00f3n Nacional"},"content":{"rendered":"<p>&nbsp;<\/p>\n<ul>\n<li><strong><em>\u201cLa reforma el\u00e9ctrica era una ocurrencia m\u00e1s\u201d<\/em><\/strong><\/li>\n<\/ul>\n<p>&nbsp;<\/p>\n<div id=\"attachment_544638\" style=\"width: 470px\" class=\"wp-caption aligncenter\"><a href=\"https:\/\/www.diarioimagen.net\/?attachment_id=544638\" rel=\"attachment wp-att-544638\"><img loading=\"lazy\" decoding=\"async\" aria-describedby=\"caption-attachment-544638\" class=\"size-full wp-image-544638\" src=\"https:\/\/www.diarioimagen.net\/wp-content\/uploads\/2022\/04\/naucalpan-18.jpg\" alt=\"\" width=\"460\" height=\"270\" \/><\/a><p id=\"caption-attachment-544638\" class=\"wp-caption-text\">Diputados mexiquenses de Acci\u00f3n Nacional se\u00f1alaron que la C\u00e1mara de Diputados federal se ha convertido en una oficial\u00eda de partes del gobierno con sus lacayos de Morena.<\/p><\/div>\n<p>&nbsp;<\/p>\n<p><strong>Naucalpan, Estado de M\u00e9xico.\u2014<\/strong> No somos traidores ni lacayos del se\u00f1or que vive en un palacio, expresaron las y los diputados federales del PAN, quienes expresaron que su voto en contra de la reforma el\u00e9ctrica fue porque es una reforma t\u00f3xica, contaminante, que da\u00f1ar\u00eda la econom\u00eda de las familias mexicanas, el medio ambiente, la salud de las y los mexicanos y porque se ignor\u00f3 las voces de expertos en la materia al ser una ocurrencia m\u00e1s del gobierno federal y de Morena.<\/p>\n<p>En conferencia de prensa, las y los diputados federales mexiquenses de Acci\u00f3n Nacional se\u00f1alaron que la C\u00e1mara de Diputados federal se ha convertido en una oficial\u00eda de partes del gobierno con sus lacayos de Morena, y la legisladora y coordinadora del GPPAN, Leticia Zepeda se\u00f1al\u00f3 que hacen responsable al gobierno federal s\u00ed se encarece la energ\u00eda el\u00e9ctrica para favorecer a sus intereses pol\u00edticos y culpar a la oposici\u00f3n.<\/p>\n<p>Mientras que calificaron de absurda la reforma a la Ley Minera, pues la Constituci\u00f3n es clara al se\u00f1alar que los minerales son de la naci\u00f3n y s\u00f3lo se trat\u00f3 de un simulacro y una cortina de humo para ocultar la situaci\u00f3n tan grave que vive el pa\u00eds con tanta violencia, feminicidios y que ocultan el gran robo de cobre, zinc y hierro que sale por el Puerto de L\u00e1zaro C\u00e1rdenas.<\/p>\n<p>Carlos Madrazo Lim\u00f3n expres\u00f3, por su parte, que el PAN interpondr\u00e1 una denuncia penal, de acuerdo al art\u00edculo 123, contra el presidente Andr\u00e9s Manuel L\u00f3pez Obrador por \u201cdoblar la cabecita\u201d ante Donald Trump al enviar 27 mil guardias nacionales a la frontera sur, lo que esa s\u00ed es una traici\u00f3n a la patria.<\/p>\n<p>Finalmente la diputada Teresa Castell se\u00f1al\u00f3 que el mensaje de odio, violencia de Morena, de sus l\u00edderes Mario Delgado y Citlalli Hern\u00e1ndez Mora de llamar traidoras a las mujeres diputadas que votaron contra la reforma el\u00e9ctrica, s\u00f3lo por disentir, las expone no s\u00f3lo a ellas sino a \u00a0millones de mujeres que no est\u00e1n de acuerdo con ellos, cuando el gobierno no hace nada por detener la violencia, la inseguridad y los feminicidios en el pa\u00eds.<\/p>\n<p>A la conferencia asistieron las diputadas Leticia Zepeda, Teresa Castell, Krishna Romero, Gaby Olvera y los legisladores: Carlos Madrazo, Antonio Garc\u00eda, Javier Gonz\u00e1lez Zepeda e Iv\u00e1n Rodr\u00edguez Rivera.<\/p>\n<p>Al inicio de la conferencia se guard\u00f3 un minuto de silencio en memoria de la periodista Rosa Mar\u00eda Coyot\u00e9catl Rosas, Directora del Sol de Toluca. Descanse en paz.<\/p>\n","protected":false},"excerpt":{"rendered":"<p>No somos traidores ni lacayos del se\u00f1or que vive en un palacio, expresaron las y los diputados federales del PAN, quienes expresaron que su voto en contra de la reforma el\u00e9ctrica fue porque es una reforma t\u00f3xica, contaminante, que da\u00f1ar\u00eda la econom\u00eda de las familias mexicanas, el medio ambiente, la salud de las y los mexicanos y porque se ignor\u00f3 las voces de expertos en la materia al ser una ocurrencia m\u00e1s del gobierno federal y de Morena.<\/p>\n","protected":false},"author":3,"featured_media":544638,"comment_status":"open","ping_status":"open","sticky":false,"template":"","format":"standard","meta":{"_monsterinsights_skip_tracking":false,"_monsterinsights_sitenote_active":false,"_monsterinsights_sitenote_note":"","_monsterinsights_sitenote_category":0,"footnotes":""},"categories":[5],"tags":[43675,95255,970,91,3382],"class_list":["post-544538","post","type-post","status-publish","format-standard","has-post-thumbnail","hentry","category-estado-de-mexico","tag-estado-de-mexico","tag-lacayos","tag-naucalpan","tag-pan","tag-presidente"],"_links":{"self":[{"href":"https:\/\/www.diarioimagen.net\/index.php?rest_route=\/wp\/v2\/posts\/544538","targetHints":{"allow":["GET"]}}],"collection":[{"href":"https:\/\/www.diarioimagen.net\/index.php?rest_route=\/wp\/v2\/posts"}],"about":[{"href":"https:\/\/www.diarioimagen.net\/index.php?rest_route=\/wp\/v2\/types\/post"}],"author":[{"embeddable":true,"href":"https:\/\/www.diarioimagen.net\/index.php?rest_route=\/wp\/v2\/users\/3"}],"replies":[{"embeddable":true,"href":"https:\/\/www.diarioimagen.net\/index.php?rest_route=%2Fwp%2Fv2%2Fcomments&post=544538"}],"version-history":[{"count":0,"href":"https:\/\/www.diarioimagen.net\/index.php?rest_route=\/wp\/v2\/posts\/544538\/revisions"}],"wp:featuredmedia":[{"embeddable":true,"href":"https:\/\/www.diarioimagen.net\/index.php?rest_route=\/wp\/v2\/media\/544638"}],"wp:attachment":[{"href":"https:\/\/www.diarioimagen.net\/index.php?rest_route=%2Fwp%2Fv2%2Fmedia&parent=544538"}],"wp:term":[{"taxonomy":"category","embeddable":true,"href":"https:\/\/www.diarioimagen.net\/index.php?rest_route=%2Fwp%2Fv2%2Fcategories&post=544538"},{"taxonomy":"post_tag","embeddable":true,"href":"https:\/\/www.diarioimagen.net\/index.php?rest_route=%2Fwp%2Fv2%2Ftags&post=544538"}],"curies":[{"name":"wp","href":"https:\/\/api.w.org\/{rel}","templated":true}]}}