{"id":544544,"date":"2022-04-28T00:02:02","date_gmt":"2022-04-28T05:02:02","guid":{"rendered":"https:\/\/www.diarioimagen.net\/?p=544544"},"modified":"2022-04-28T05:07:48","modified_gmt":"2022-04-28T10:07:48","slug":"reabre-el-dif-coacalco-unidad-basica-de-rehabilitacion-social-que-cerro-casi-2-anos","status":"publish","type":"post","link":"https:\/\/www.diarioimagen.net\/?p=544544","title":{"rendered":"Reabre el DIF Coacalco Unidad B\u00e1sica de Rehabilitaci\u00f3n Social, que cerr\u00f3 casi 2 a\u00f1os"},"content":{"rendered":"<p>&nbsp;<\/p>\n<ul>\n<li><strong><em>Fortalecen las acciones de salud en la localidad<\/em><\/strong><\/li>\n<\/ul>\n<p>&nbsp;<\/p>\n<div id=\"attachment_544628\" style=\"width: 470px\" class=\"wp-caption aligncenter\"><a href=\"https:\/\/www.diarioimagen.net\/?attachment_id=544628\" rel=\"attachment wp-att-544628\"><img loading=\"lazy\" decoding=\"async\" aria-describedby=\"caption-attachment-544628\" class=\"size-full wp-image-544628\" src=\"https:\/\/www.diarioimagen.net\/wp-content\/uploads\/2022\/04\/coacalco-1.jpg\" alt=\"\" width=\"460\" height=\"270\" \/><\/a><p id=\"caption-attachment-544628\" class=\"wp-caption-text\">El alcalde David S\u00e1nchez Isidoro, acompa\u00f1ado de los integrantes del Cabildo y la presidenta del DIF, Mar\u00eda de Lourdes Gonz\u00e1lez, reabrieron la Unidad de Rehabilitaci\u00f3n e Integraci\u00f3n Social.<\/p><\/div>\n<p>&nbsp;<\/p>\n<p><strong>Coacalco, Estado de M\u00e9xico.\u2014<\/strong> El Sistema Municipal DIF Coacalco reabri\u00f3 la Unidad B\u00e1sica de Rehabilitaci\u00f3n e Integraci\u00f3n Social (UBRIS), la cual hab\u00eda permanecido cerrada por cerca de dos a\u00f1os.<\/p>\n<p>David S\u00e1nchez Isidoro, presidente municipal de Coacalco, acompa\u00f1ado de los integrantes del cabildo y la presidenta del DIF, Mar\u00eda de Lourdes Gonz\u00e1lez Ocampo, se\u00f1al\u00f3 que con la reapertura de las instalaciones de la UBRIS cumple con un compromiso m\u00e1s de campa\u00f1a. Record\u00f3 que, durante su anterior gesti\u00f3n como alcalde del municipio, ya con prelaci\u00f3n hab\u00eda equipado el inmueble; por lo que consider\u00f3 como \u201cdeprimente\u201d el observar la unidad de rehabilitaci\u00f3n en semejante estado de abandono.<\/p>\n<p>\u201cEs lamentable que en tres a\u00f1os llevaron al municipio a la lona, hoy estamos abriendo las Casas de la Tercera Edad y reactivando todos los servicios en beneficio de los habitantes del municipio. No voy a descansar, seguir\u00e9 luchando para que Coacalco sea mejor para todos\u201d; reiter\u00f3 el alcalde.<\/p>\n<p>Agreg\u00f3 que el siguiente paso es brindar terapias de primer nivel que fortalezcan las acciones de salud en la localidad, as\u00ed como tratamientos que acorten los tiempos de recuperaci\u00f3n que mejoren la calidad de vida de los coacalquenses.<\/p>\n<p>Destac\u00f3 que la rehabilitaci\u00f3n se logr\u00f3 gracias a las donaciones de los integrantes del cabildo y funcionarios de la administraci\u00f3n municipal, as\u00ed como de las gestiones realizadas ante el Gobierno de Coacalco, las cuales consistieron en pintura general, cambio de l\u00e1minas, impermeabilizaci\u00f3n y limpieza general de las instalaciones.<\/p>\n","protected":false},"excerpt":{"rendered":"<p>El Sistema Municipal DIF Coacalco reabri\u00f3 la Unidad B\u00e1sica de Rehabilitaci\u00f3n e Integraci\u00f3n Social (UBRIS), la cual hab\u00eda permanecido cerrada por cerca de dos a\u00f1os.<\/p>\n","protected":false},"author":3,"featured_media":544628,"comment_status":"open","ping_status":"open","sticky":false,"template":"","format":"standard","meta":{"_monsterinsights_skip_tracking":false,"_monsterinsights_sitenote_active":false,"_monsterinsights_sitenote_note":"","_monsterinsights_sitenote_category":0,"footnotes":""},"categories":[5],"tags":[579,43675,95327],"class_list":["post-544544","post","type-post","status-publish","format-standard","has-post-thumbnail","hentry","category-estado-de-mexico","tag-coacalco","tag-estado-de-mexico","tag-ubris"],"_links":{"self":[{"href":"https:\/\/www.diarioimagen.net\/index.php?rest_route=\/wp\/v2\/posts\/544544","targetHints":{"allow":["GET"]}}],"collection":[{"href":"https:\/\/www.diarioimagen.net\/index.php?rest_route=\/wp\/v2\/posts"}],"about":[{"href":"https:\/\/www.diarioimagen.net\/index.php?rest_route=\/wp\/v2\/types\/post"}],"author":[{"embeddable":true,"href":"https:\/\/www.diarioimagen.net\/index.php?rest_route=\/wp\/v2\/users\/3"}],"replies":[{"embeddable":true,"href":"https:\/\/www.diarioimagen.net\/index.php?rest_route=%2Fwp%2Fv2%2Fcomments&post=544544"}],"version-history":[{"count":0,"href":"https:\/\/www.diarioimagen.net\/index.php?rest_route=\/wp\/v2\/posts\/544544\/revisions"}],"wp:featuredmedia":[{"embeddable":true,"href":"https:\/\/www.diarioimagen.net\/index.php?rest_route=\/wp\/v2\/media\/544628"}],"wp:attachment":[{"href":"https:\/\/www.diarioimagen.net\/index.php?rest_route=%2Fwp%2Fv2%2Fmedia&parent=544544"}],"wp:term":[{"taxonomy":"category","embeddable":true,"href":"https:\/\/www.diarioimagen.net\/index.php?rest_route=%2Fwp%2Fv2%2Fcategories&post=544544"},{"taxonomy":"post_tag","embeddable":true,"href":"https:\/\/www.diarioimagen.net\/index.php?rest_route=%2Fwp%2Fv2%2Ftags&post=544544"}],"curies":[{"name":"wp","href":"https:\/\/api.w.org\/{rel}","templated":true}]}}