{"id":544556,"date":"2022-04-28T00:01:59","date_gmt":"2022-04-28T05:01:59","guid":{"rendered":"https:\/\/www.diarioimagen.net\/?p=544556"},"modified":"2022-04-28T03:09:42","modified_gmt":"2022-04-28T08:09:42","slug":"campanas-al-vuelo","status":"publish","type":"post","link":"https:\/\/www.diarioimagen.net\/?p=544556","title":{"rendered":"Campanas al vuelo"},"content":{"rendered":"<h2>De pe a pa<\/h2>\n<h5>Alberto Vieyra G.<\/h5>\n<p>&nbsp;<\/p>\n<p>\u00a1Aleluya, aleluya, aleluya&#8230;! \u00bfYa la libramos, ya salvamos todos el pellejo? \u00bfEl mundo ya sali\u00f3 de la pesadilla por la pandemia que ha dejado en el mundo m\u00e1s de 6 millones de muertos, 700 mil de ellos en M\u00e9xico? \u00bfEs momento de bajar la guardia y creerle a un mentirosillo de siete suelas llamado Hugo L\u00f3pez-Gatell quien el martes, en su calidad de subsecretario de la salud, ya ech\u00f3 las campanas a vuelo al declarar el fin del uso del cubrebocas, de sanitizantes y del sem\u00e1foro epidemiol\u00f3gico? \u00bfUsted le cree a ese mit\u00f3mano, quien por cierto esta demandado penalmente ante la Fiscal\u00eda General de la Rep\u00fablica por la mortandad que ubica a M\u00e9xico como la cuarta naci\u00f3n en el mundo de decesos por el coronavirus?<\/p>\n<p>Lo que usted y yo sabemos, y por supuesto que es cre\u00edble es que la Organizaci\u00f3n Mundial de la Salud no ha declarado el fin de la pandemia, tampoco la Organizaci\u00f3n Panamericana de la Salud, es decir que la emergencia sanitaria sigue en todo el mundo, pero como usted puede ver en M\u00e9xico ya somos otra vez felices. Ya podemos echar las campanas a vuelo, darle vuelo a la hilacha en antros, fiestas, tertulias; pues como dice el dicho \u201cel muerto al pozo y el vivo al gozo\u201d.<\/p>\n<p>Oficialmente, el gobierno habla de 324 mil muertos a causa del coronavirus, pero la aritm\u00e9tica que el propio Hugo L\u00f3pez-Gatell emple\u00f3 al principio era que hab\u00eda que dividir por ocho, luego que por siete, despu\u00e9s que siempre no y de un <em>Cantinflas<\/em> no pas\u00f3; pero de acuerdo con el Registro Civil y el Inegi, M\u00e9xico acumul\u00f3 casi 700 muertes por Covid-19.\u00a0 S\u00ed, son los muertos de AMLO, quien junto con el zar contra el coronavirus cre\u00f3 todo un mar de confusiones entre la gente, pues unas veces dec\u00edan que \u201cel uso del cubrebocas no era obligatorio, que no serv\u00eda de nada, que no pasa nada, que pueden salir a restaurantes, abr\u00e1cense, que no panda el c\u00fanico y que el Presidente de la Rep\u00fablica no es fuente de contaminaci\u00f3n\u201d y que la mam\u00e1 del muerto.<\/p>\n<p>Lo cierto es que ambos politicastros mit\u00f3manos se contaminaron del coronavirus hasta en dos ocasiones porque su rebeld\u00eda no les permiti\u00f3 deformar su rostro, como si estuvieran tan chulos, usando un cubrebocas. AMLO tuvo que usarlo a rega\u00f1adientes en la Casa Blanca cuando le fue a hacer la campa\u00f1a electoral a Donald Trump y durante algunos vuelos comerciales, pero oficialmente nunca se declar\u00f3 obligatorio el uso del cubrebocas. Todos esos puntos nos hablan de una monumental negligencia criminal que alg\u00fan d\u00eda ser\u00e1 ventilada ante la justicia azteca o internacional, pues estamos ante una nueva forma de genocidio.<\/p>\n<p>F\u00edjese que Europa todav\u00eda est\u00e1 en aprietos y contin\u00faa haciendo pruebas anti-Covid, las que por cierto no se hicieron en M\u00e9xico y de haberse declarando obligatorio el uso del cubrebocas, se habr\u00edan evitado muchos miles de muertos.<\/p>\n<p>Ahora mi respetuosa suplica a mis tres lectores y radioescuchas es que no olvidemos la conciencia que adquirimos ante la macabra peste. Sobre todo en espacios cerrados, siga usando su mascarilla, aunque no nos guste. En espacios abiertos, durante esta temporada de calor no ser\u00e1 tan f\u00e1cil que nos ponga en jaque el coronavirus, pero en t\u00e9rminos generales no le crea a L\u00f3pez-Gatell, que irremediablemente ir\u00e1 a prisi\u00f3n el d\u00eda en que se le acabe el manto protector del \u201cDios\u201d sexenal.<\/p>\n<p><a href=\"mailto:info@agenciamn.com\" target=\"_blank\" rel=\"noopener noreferrer\"><em>info@agenciamn.com<\/em><\/a><\/p>\n","protected":false},"excerpt":{"rendered":"<p><span style=\"color: #005497;\"><strong>Alberto Vieyra G.<\/strong><\/span><\/p>\n","protected":false},"author":3,"featured_media":0,"comment_status":"open","ping_status":"open","sticky":false,"template":"","format":"standard","meta":{"_monsterinsights_skip_tracking":false,"_monsterinsights_sitenote_active":false,"_monsterinsights_sitenote_note":"","_monsterinsights_sitenote_category":0,"footnotes":""},"categories":[4596],"tags":[56697,43674,56698],"class_list":["post-544556","post","type-post","status-publish","format-standard","hentry","category-alberto-vieyra-g","tag-de-pe-a-pa-alberto","tag-opinion","tag-vieyra-g"],"_links":{"self":[{"href":"https:\/\/www.diarioimagen.net\/index.php?rest_route=\/wp\/v2\/posts\/544556","targetHints":{"allow":["GET"]}}],"collection":[{"href":"https:\/\/www.diarioimagen.net\/index.php?rest_route=\/wp\/v2\/posts"}],"about":[{"href":"https:\/\/www.diarioimagen.net\/index.php?rest_route=\/wp\/v2\/types\/post"}],"author":[{"embeddable":true,"href":"https:\/\/www.diarioimagen.net\/index.php?rest_route=\/wp\/v2\/users\/3"}],"replies":[{"embeddable":true,"href":"https:\/\/www.diarioimagen.net\/index.php?rest_route=%2Fwp%2Fv2%2Fcomments&post=544556"}],"version-history":[{"count":0,"href":"https:\/\/www.diarioimagen.net\/index.php?rest_route=\/wp\/v2\/posts\/544556\/revisions"}],"wp:attachment":[{"href":"https:\/\/www.diarioimagen.net\/index.php?rest_route=%2Fwp%2Fv2%2Fmedia&parent=544556"}],"wp:term":[{"taxonomy":"category","embeddable":true,"href":"https:\/\/www.diarioimagen.net\/index.php?rest_route=%2Fwp%2Fv2%2Fcategories&post=544556"},{"taxonomy":"post_tag","embeddable":true,"href":"https:\/\/www.diarioimagen.net\/index.php?rest_route=%2Fwp%2Fv2%2Ftags&post=544556"}],"curies":[{"name":"wp","href":"https:\/\/api.w.org\/{rel}","templated":true}]}}