{"id":544559,"date":"2022-04-28T00:08:05","date_gmt":"2022-04-28T05:08:05","guid":{"rendered":"https:\/\/www.diarioimagen.net\/?p=544559"},"modified":"2022-04-28T02:53:14","modified_gmt":"2022-04-28T07:53:14","slug":"pri-semillero-de-diplomaticos","status":"publish","type":"post","link":"https:\/\/www.diarioimagen.net\/?p=544559","title":{"rendered":"PRI, \u00bfsemillero de diplom\u00e1ticos?"},"content":{"rendered":"<h2>Punto por punto<\/h2>\n<h5>Augusto Corro<\/h5>\n<p>&nbsp;<\/p>\n<p>El gobierno de L\u00f3pez Obrador encontr\u00f3 una manera, poco sutil, de premiar a los adversarios pol\u00edticos: nombrarlos embajadores de M\u00e9xico.<\/p>\n<p>Hablamos de los recientes ex gobernadores del Partido Revolucionario Institucional (PRI) que representan a nuestro pa\u00eds en Espa\u00f1a y Rep\u00fablica Dominicana.<\/p>\n<p>Claudia Pavlovich, ex mandataria de Sonora, ya est\u00e1 como c\u00f3nsul en Barcelona; Quirino Ordaz Coppel, como embajador en Espa\u00f1a; y Carlos Miguel Aysa Gonz\u00e1lez, con el mismo cargo, en Rep\u00fablica Dominicana.<\/p>\n<p>Los ex funcionarios se portaron bien con el gobierno obradorista y fueron premiados. Este mismo a\u00f1o, habr\u00e1 elecciones en seis estados y sus gobernadores estar\u00e1n en posibilidades de ser incluidos en la diplomacia morenista.<\/p>\n<p>El martes, el senador de Morena, C\u00e9sar Cravioto, \u201cofreci\u00f3\u201d embajadas a gobernadores \u201csi se portan bien\u201d.<\/p>\n<p>Textualmente, el legislador dijo:<\/p>\n<p>\u201cHago un llamado a los seis gobernadores donde hay elecciones en sus estados, comp\u00f3rtense bien, no metan las manos en el proceso electoral, hagan bien las cosas y tal vez reciban una invitaci\u00f3n para que sean embajadores de nuestro pa\u00eds\u201d.<\/p>\n<p>\u00bfC\u00f3mo se debe tomar citada invitaci\u00f3n? \u00bfC\u00f3mo amenaza? \u00bfCu\u00e1l ser\u00e1 la actitud de los mandatarios al escuchar el canto de las sirenas?<\/p>\n<p>Los estados donde se desarrollar\u00e1n las elecciones son Aguascalientes, Durango, Hidalgo, Oaxaca, Quintana Roo y Tamaulipas.<\/p>\n<p>Respectivamente, esas entidades son gobernadas por Mart\u00edn Orozco Sandoval, Jos\u00e9 Rosas Aispuro Torres, Omar Fayad Meneses, Alejandro Murat Hinojosa, Carlos Manuel Joaqu\u00edn Gonz\u00e1lez y Francisco Garc\u00eda Cabeza de Vaca.<\/p>\n<p>De los citados mandatarios, la pregunta es si Omar Fayad Meneses (Hidalgo) y Alejandro Murat Hinojosa (Oaxaca) aceptar\u00edan un cargo diplom\u00e1tico y exponerse a la expulsi\u00f3n del Revolucionario Institucional.<\/p>\n<p>Los dos no s\u00f3lo se comportar\u00e1n bien en el proceso electoral, sino que ya lo hicieron desde la llegada de los morenistas al poder. En caso de que lo deseen, su premio est\u00e1 asegurado.<\/p>\n<p>No as\u00ed el gobernador de Tamaulipas, Francisco Garc\u00eda Cabeza de Vaca, quien tiene un expediente pol\u00edtico oscuro, por decir lo menos.<\/p>\n<p>\u00bfUsted qu\u00e9 opina amable lector?<\/p>\n<p style=\"text-align: center;\"><strong>Pena severa a tentativa de feminicidio<\/strong><\/p>\n<p>El feminicidio en grado de tentativa se unir\u00e1 a la lista de delitos que no alcanzan libertad, como el feminicidio doloso, secuestro, violaci\u00f3n, trata de persona, robo de casa habitaci\u00f3n, entre otros, de acuerdo con la aprobaci\u00f3n de los diputados.<\/p>\n<p>En concreto, el martes pasado, los legisladores aceptaron modificaciones al C\u00f3digo Penal Federal, Ley de Ejecuci\u00f3n Penal y al C\u00f3digo Nacional de Procedimientos Penales para imponer m\u00e1s sanciones en materia de feminicidio.\u00a0 Ojal\u00e1 y esas nuevas sanciones sean el inicio de una revisi\u00f3n en las leyes en la aplicaci\u00f3n de medidas preventivas contra las agresiones a las mujeres, porque es necesario analizar el funcionamiento de las fiscal\u00edas que no cumplen la funci\u00f3n para las que fueron creadas.<\/p>\n<p>As\u00ed ocurri\u00f3 en el caso de Debanhi Escobar, en Nuevo Le\u00f3n, en el que la Fiscal\u00eda se hizo bolas en la investigaci\u00f3n. Como informamos, la joven desapareci\u00f3 el 9 de abril y su cuerpo sin vida fue encontrado en una cisterna de un motel, 15 d\u00edas despu\u00e9s.<\/p>\n<p>El hecho impact\u00f3 a los ciudadanos por el p\u00e9simo manejo de la situaci\u00f3n por parte de las autoridades y principalmente por la Fiscal\u00eda. Entre otras cosas, la intervenci\u00f3n de los representantes de la ley no fue inmediata.<\/p>\n<p>Primero, la Fiscal\u00eda dej\u00f3 entrever que se trataba de un accidente, luego aclar\u00f3 que la muerte de la universitaria fue a causa de una contusi\u00f3n profunda de cr\u00e1neo. Adem\u00e1s, fue hasta la cuarta revisi\u00f3n del lugar cuando descubrieron el cad\u00e1ver en la cisterna.<\/p>\n<p>El caso de Debanhi impact\u00f3 a la sociedad mexicana que decidi\u00f3 salir a las calles, en diferentes ciudades a exigir justicia para la joven y castigo para los criminales; as\u00ed como mayor rapidez de las autoridades en la atenci\u00f3n de los casos.<\/p>\n<p>Siempre se estar\u00e1 a tiempo para implementar medidas que ayuden a evitar los feminicidios, secuestros, etc., pero hacen falta medidas preventivas efectivas para evitarlos y tambi\u00e9n una actuaci\u00f3n m\u00e1s en\u00e9rgica de los jueces para evitar la impunidad que beneficia, sin duda alguna, a los criminales.<\/p>\n<p>La aprobaci\u00f3n de nuevas sanciones en materia de feminicidios es importante, pero falta mucho para erradicar ese tipo de delitos que tanto da\u00f1o produce en una sociedad azotada por la espiral de violencia.<\/p>\n<p><a href=\"mailto:aco2742@hotmail.com\" target=\"_blank\" rel=\"noopener noreferrer\"><em>aco2742@hotmail.com<\/em><\/a><\/p>\n","protected":false},"excerpt":{"rendered":"<p><span style=\"color: #005497;\"><strong>Augusto Corro<\/strong><\/span><\/p>\n","protected":false},"author":3,"featured_media":0,"comment_status":"open","ping_status":"open","sticky":false,"template":"","format":"standard","meta":{"_monsterinsights_skip_tracking":false,"_monsterinsights_sitenote_active":false,"_monsterinsights_sitenote_note":"","_monsterinsights_sitenote_category":0,"footnotes":""},"categories":[157],"tags":[43686,43674,11515],"class_list":["post-544559","post","type-post","status-publish","format-standard","hentry","category-augusto-corro","tag-augusto-corro","tag-opinion","tag-punto-por-punto"],"_links":{"self":[{"href":"https:\/\/www.diarioimagen.net\/index.php?rest_route=\/wp\/v2\/posts\/544559","targetHints":{"allow":["GET"]}}],"collection":[{"href":"https:\/\/www.diarioimagen.net\/index.php?rest_route=\/wp\/v2\/posts"}],"about":[{"href":"https:\/\/www.diarioimagen.net\/index.php?rest_route=\/wp\/v2\/types\/post"}],"author":[{"embeddable":true,"href":"https:\/\/www.diarioimagen.net\/index.php?rest_route=\/wp\/v2\/users\/3"}],"replies":[{"embeddable":true,"href":"https:\/\/www.diarioimagen.net\/index.php?rest_route=%2Fwp%2Fv2%2Fcomments&post=544559"}],"version-history":[{"count":0,"href":"https:\/\/www.diarioimagen.net\/index.php?rest_route=\/wp\/v2\/posts\/544559\/revisions"}],"wp:attachment":[{"href":"https:\/\/www.diarioimagen.net\/index.php?rest_route=%2Fwp%2Fv2%2Fmedia&parent=544559"}],"wp:term":[{"taxonomy":"category","embeddable":true,"href":"https:\/\/www.diarioimagen.net\/index.php?rest_route=%2Fwp%2Fv2%2Fcategories&post=544559"},{"taxonomy":"post_tag","embeddable":true,"href":"https:\/\/www.diarioimagen.net\/index.php?rest_route=%2Fwp%2Fv2%2Ftags&post=544559"}],"curies":[{"name":"wp","href":"https:\/\/api.w.org\/{rel}","templated":true}]}}