{"id":544561,"date":"2022-04-28T00:06:10","date_gmt":"2022-04-28T05:06:10","guid":{"rendered":"https:\/\/www.diarioimagen.net\/?p=544561"},"modified":"2022-04-28T02:55:06","modified_gmt":"2022-04-28T07:55:06","slug":"urge-decision-de-amlo-sobre-fiscal-el-pais-no-puede-esperar","status":"publish","type":"post","link":"https:\/\/www.diarioimagen.net\/?p=544561","title":{"rendered":"Urge decisi\u00f3n de AMLO sobre fiscal, el pa\u00eds no puede esperar"},"content":{"rendered":"<h2>As\u00ed las cosas&#8230;<\/h2>\n<h5>Humberto Mares N.<\/h5>\n<p>&nbsp;<\/p>\n<p>La permanencia del Fiscal General de la Rep\u00fablica en su puesto le cuesta caro al gobierno de la 4T en materia de imagen mundial. El enfrentamiento entre uno de los principales funcionarios y un ex asesor del presidente AMLO est\u00e1 dejando malos dividendos al jefe del Ejecutivo y el costo social y pol\u00edtico es importante.<\/p>\n<p>Por alguna causa que no sabemos hasta ahora, el Presidente no ha tomado la decisi\u00f3n necesaria, para pedir al senado su sustituci\u00f3n. A lo mejor porque no ha encontrado al relevo o lo est\u00e1 preparando. El Presidente de la Suprema Corte de Justicia de la Naci\u00f3n, Arturo Zald\u00edvar, al parecer es el elegido porque ha iniciado su campa\u00f1a para buscar el puesto. Pero el remedio puede ser peor que la enfermedad, porque la ley le impide al ministro convertirse en Fiscal General, no cumple los requisitos constitucionales y legales.<\/p>\n<p>Nuestra Carta Magna en su art\u00edculo 101 dice: \u201cLos Ministros de la Suprema Corte de Justicia no podr\u00e1n, en ning\u00fan caso, aceptar ni desempe\u00f1ar empleo o encargo de la Federaci\u00f3n\u201d y agrega puntualmente: \u201cLas personas que hayan ocupado el cargo de Ministro de la Suprema Corte no podr\u00e1n dentro de los dos a\u00f1os siguientes a la fecha de su retiro, actuar como patronos, abogados o representantes en cualquier proceso ante los \u00f3rganos del Poder Judicial de la Federaci\u00f3n\u201d.<\/p>\n<p>La Constituci\u00f3n es clara, pero por si hiciera falta, la Ley de Amparo en su art\u00edculo 5, dice que es \u201cparte\u201d en el juicio de amparo el Ministerio P\u00fablico. \u00bfC\u00f3mo podr\u00eda ser un ex ministro parte y representante, en ese juicio, sin violar la ley? Y adem\u00e1s sin atentar contra el \u201csentido com\u00fan\u201d porque tendr\u00eda la ventaja de haber colocado a jueces y promovido a magistrados.<\/p>\n<p>El fiscal es el \u201crepresentante\u201d judicial y social en la persecuci\u00f3n de los presuntos delincuentes, el jefe de todos los ministerios p\u00fablicos federales, un ex ministro, en ese lugar, romper\u00eda el equilibrio procesal en un juzgado ante cualquier acusado. Zald\u00edvar s\u00f3lo puede ser Fiscal General de la Rep\u00fablica burlando la Constituci\u00f3n, pidiendo licencia o renunciar al cargo y ser nombrado por el presidente AMLO como encargado de despacho. Veremos qu\u00e9 se decide en Palacio Nacional.<\/p>\n<p style=\"text-align: center;\"><strong>La violencia se desborda y pereza Institucional<\/strong><\/p>\n<p>Repuntan homicidios en lo que va del a\u00f1o y marzo se convirti\u00f3 en el mes m\u00e1s violento, al registrar 2 mil 730 v\u00edctimas de homicidio doloso y feminicidio en el pa\u00eds, un promedio de 88 al d\u00eda, de acuerdo con el reporte mensual del Secretariado Ejecutivo del Sistema Nacional de Seguridad P\u00fablica. Guanajuato, Michoac\u00e1n, Estado de M\u00e9xico, Baja California, Jalisco y Sonora son los estados que con mayores casos.<\/p>\n<p>Llegamos ya a los 118 mil homicidios dolosos durante este gobierno, cosa que no es menor y mucho menos nada de que enorgullecerse, mientras los que se encargan de impartir la justicia, est\u00e1n en otra cosa.<\/p>\n<p>24 mil mujeres desaparecidas en la \u201cgrav\u00edsima\u201d situaci\u00f3n de violencia, traducida en 24 mil 600 ni\u00f1as y mujeres desaparecidas en M\u00e9xico, ante ello, el subsecretario de Gobernaci\u00f3n, Alejandro Encinas, denunci\u00f3 que hay \u201ccelos\u201d y \u201cpereza institucional\u201d de los gobiernos para trabajar de manera conjunta y atacar la crisis.<\/p>\n<p>Por ejemplo, el Instituto Nacional de las Mujeres, cuya directora general\u00a0 Nadine Gasman ha desaparecido, porque en este periodo de asesinatos de mujeres en nuestro pa\u00eds, la instituci\u00f3n no ha aparecido por ning\u00fan lado, no ha levantado la voz, para rechazar y pedir justicia ante los asesinatos o apoyar a las familias de la mujeres asesinadas y sobre todo los hijos que quedan hu\u00e9rfanos de madre. La funcionaria no ha levantado la voz cuando es precisamente el momento.<\/p>\n<p style=\"text-align: center;\"><strong>Campa\u00f1a de Morena en seis estados con elecciones<\/strong><\/p>\n<p>Los responsables de la campa\u00f1a de linchamiento y descr\u00e9dito a como d\u00e9 lugar tienen nombre y apellido. Mario Delgado, Presidente Nacional de Morena, y la senadora Citlalli Hern\u00e1ndez, Secretaria General. Delgado, una vez desechada la reforma el\u00e9ctrica en San L\u00e1zaro, invit\u00f3 a los legisladores de Morena a \u201cinformar\u201d en los seis estados donde habr\u00e1 elecciones de gobernador en dos meses, lo que puntualmente hicieron los diputados calificando \u201cvendepatrias\u201d a los 223 legisladores que votaron en contra, para que el pr\u00f3ximo cinco de junio, la gente lo considere a la hora de votar.<\/p>\n<p>El senador Emilio \u00c1lvarez Icaza describe puntualmente al partido y su dirigente: \u201cMorena tiene que aprender a procesar sus derrotas en c\u00f3digo democr\u00e1tico. No se puede procesar una derrota en la violencia y el odio. Apelar a la traici\u00f3n a la patria es una pr\u00e1ctica fascista\u201d, se\u00f1al\u00f3 el senador del Grupo Plural. \u201cEsa campa\u00f1a de Morena es apolog\u00eda del odio. Es bordar, ya no en la polarizaci\u00f3n, sino en la construcci\u00f3n de la violencia. La traici\u00f3n a la patria es un delito\u201d, destac\u00f3. El diputado panista Santiago Creel, uno de los que vot\u00f3 en contra de la reforma el\u00e9ctrica, tambi\u00e9n habl\u00f3 del tema: \u201cLa violencia empieza con la palabra y luego, irremediablemente, se sigue con los actos\u201d. Abundo en que campa\u00f1as como la orquestada por la dirigencia de Morena pueden poner en riesgo la integridad f\u00edsica de una persona, de una familia.\u00a0 La senadora priista Beatriz Paredes dio una radiograf\u00eda del pensamiento de los morenistas: \u00a1Son priistas! \u00a1Fueron priistas! Entonces les sale su naturaleza priista. S\u00ed, efectivamente, estamos viendo un partido Morena calca de lo que fue el PRI de los a\u00f1os setentas.<\/p>\n<p>As\u00ed las cosas, hasta pronto. Use cubrebocas. El virus de la Covid est\u00e1 presente, no se conf\u00ede.<\/p>\n<p><a href=\"mailto:hmares21@gmail.com\" target=\"_blank\" rel=\"noopener noreferrer\"><em>mares21@gmail.com<\/em><\/a><\/p>\n","protected":false},"excerpt":{"rendered":"<p><span style=\"color: #005497;\"><strong>Humberto Mares N.<\/strong><\/span><\/p>\n","protected":false},"author":3,"featured_media":0,"comment_status":"open","ping_status":"open","sticky":false,"template":"","format":"standard","meta":{"_monsterinsights_skip_tracking":false,"_monsterinsights_sitenote_active":false,"_monsterinsights_sitenote_note":"","_monsterinsights_sitenote_category":0,"footnotes":""},"categories":[15043],"tags":[92044,92045,43674],"class_list":["post-544561","post","type-post","status-publish","format-standard","hentry","category-humberto-mares-n","tag-asi-las-cosas","tag-humberto-mares-n","tag-opinion"],"_links":{"self":[{"href":"https:\/\/www.diarioimagen.net\/index.php?rest_route=\/wp\/v2\/posts\/544561","targetHints":{"allow":["GET"]}}],"collection":[{"href":"https:\/\/www.diarioimagen.net\/index.php?rest_route=\/wp\/v2\/posts"}],"about":[{"href":"https:\/\/www.diarioimagen.net\/index.php?rest_route=\/wp\/v2\/types\/post"}],"author":[{"embeddable":true,"href":"https:\/\/www.diarioimagen.net\/index.php?rest_route=\/wp\/v2\/users\/3"}],"replies":[{"embeddable":true,"href":"https:\/\/www.diarioimagen.net\/index.php?rest_route=%2Fwp%2Fv2%2Fcomments&post=544561"}],"version-history":[{"count":0,"href":"https:\/\/www.diarioimagen.net\/index.php?rest_route=\/wp\/v2\/posts\/544561\/revisions"}],"wp:attachment":[{"href":"https:\/\/www.diarioimagen.net\/index.php?rest_route=%2Fwp%2Fv2%2Fmedia&parent=544561"}],"wp:term":[{"taxonomy":"category","embeddable":true,"href":"https:\/\/www.diarioimagen.net\/index.php?rest_route=%2Fwp%2Fv2%2Fcategories&post=544561"},{"taxonomy":"post_tag","embeddable":true,"href":"https:\/\/www.diarioimagen.net\/index.php?rest_route=%2Fwp%2Fv2%2Ftags&post=544561"}],"curies":[{"name":"wp","href":"https:\/\/api.w.org\/{rel}","templated":true}]}}