{"id":544576,"date":"2022-04-28T00:12:14","date_gmt":"2022-04-28T05:12:14","guid":{"rendered":"https:\/\/www.diarioimagen.net\/?p=544576"},"modified":"2022-04-28T03:03:00","modified_gmt":"2022-04-28T08:03:00","slug":"el-tepjf-invalida-consulta-de-revocacion-que-fue-convertida-en-una-de-ratificacion","status":"publish","type":"post","link":"https:\/\/www.diarioimagen.net\/?p=544576","title":{"rendered":"El TEPJF invalida consulta de revocaci\u00f3n que fue convertida en una de ratificaci\u00f3n"},"content":{"rendered":"<h2>Tras la puerta del poder<\/h2>\n<h5>Roberto Vizca\u00edno<\/h5>\n<p>&nbsp;<\/p>\n<p>Al no alcanzar el 40 por ciento de participaci\u00f3n requerido, el Tribunal Electoral del Poder Judicial de la Federaci\u00f3n (TEPJF) invalid\u00f3 la primera consulta de <strong>Revocaci\u00f3n de Mandato<\/strong> en M\u00e9xico. Con ello concluye el proceso formal de una consulta que para muchos nunca debi\u00f3 haberse realizado.<\/p>\n<p>Al final, s\u00f3lo acudieron a las urnas 16.5 millones de votantes, apenas el 17.7 por ciento de la lista nominal.<\/p>\n<p>A la declaratoria de invalidez hecha por el magistrado presidente\u00a0<strong>Reyes Rodr\u00edguez<\/strong>\u00a0asistieron\u00a0<strong>Arturo Zald\u00edvar,\u00a0<\/strong>presidente de la Suprema Corte;\u00a0<strong>Lorenzo C\u00f3rdova Vianello, del INE, <\/strong>y el\u00a0titular de Gobernaci\u00f3n,\u00a0<strong>Ad\u00e1n Augusto L\u00f3pez.<\/strong><\/p>\n<p>En la sala estaban casi todos los consejeros electorales.<\/p>\n<p>Sin embargo, el Pleno del Tribunal decidi\u00f3 continuar la judicializaci\u00f3n de las irregularidades, algunas de las cuales podr\u00edan derivar incluso en c\u00e1rcel para algunos involucrados. Para ello entreg\u00f3 a la Unidad T\u00e9cnica de lo Contencioso del INE y a la Fiscal\u00eda Especializada de Delitos Electorales el grueso expediente de irregularidades que se presentaron durante la consulta, en su mayor\u00eda cometidas por funcionarios federales y gobernadores de Morena.<\/p>\n<p>Este fue simple y llanamente un \u201cacto fallido de democracia\u201d, calific\u00f3 la magistrada\u00a0<strong>Janine Ot\u00e1lora Malassis<\/strong>.<\/p>\n<p>\u201cEl hecho de que los altos servidores p\u00fablicos hayan retado a las instituciones no es un buen augurio. No se puede permitir que se haya corrompido la consulta transform\u00e1ndola en ratificaci\u00f3n\u201d, a\u00f1adi\u00f3.<\/p>\n<p>El presidente del Tribunal, magistrado<strong> Reyes Rodr\u00edguez, <\/strong>dijo:<\/p>\n<p>\u201cLa improcedencia de las demandas ante la invalidez del proceso no debe entenderse como inmunidad, porque nuestro marco institucional y jur\u00eddico prev\u00e9 procedimientos administrativos sancionadores, incluso, procesos penales para sancionar las infracciones en la democracia participativa y, as\u00ed evitar que queden impunes.<\/p>\n<p>\u201cEsta Sala Superior observa que el Presidente de la Rep\u00fablica carece de inter\u00e9s jur\u00eddico leg\u00edtimo para impugnar el supuesto exceso en el ejercicio de las atribuciones del INE al incluir Informaci\u00f3n contextual o el porcentaje de participaci\u00f3n ciudadana en el acuerdo impugnado, pues dicha informaci\u00f3n no genera ning\u00fan impacto en su esfera jur\u00eddica\u201d, indic\u00f3 ante las descalificaciones presentadas por\u00a0<strong>Andr\u00e9s Manuel L\u00f3pez Obrador<\/strong>.<\/p>\n<p>Al salir,\u00a0<strong>Lorenzo C\u00f3rdova<\/strong>, consejero presidente del INE y principal blanco de los ataques del presidente\u00a0<strong>L\u00f3pez Obrador<\/strong>\u00a0y su entorno, consider\u00f3 que si bien el proceso dej\u00f3 muchas lecciones y cuestiones que no deben repetirse, demostr\u00f3 que hay autoridades electorales, que hay mucho INE para mucho rato.<\/p>\n<p>Uno de los evidentes derrotados,\u00a0<strong>Mario Delgado<\/strong>, quien como presidente de Morena es blanco constante de\u00a0<strong><em>la tomatiza<\/em><\/strong>\u00a0de los inconformes internos en cada encuentro estatal en el que participa, dijo que a pesar de no alcanzarse la meta del 40 por ciento,\u00a0<strong><em>el ejercicio fue hist\u00f3rico<\/em><\/strong>.<\/p>\n<p>Como dijera mi sabia abuela: \u201c<strong><em>No, pos s\u00ed<\/em><\/strong>\u201d.<\/p>\n<p style=\"text-align: center;\"><strong>Intolerable, el nivel de impunidad<\/strong><\/p>\n<p>Al inaugurar ayer los Di\u00e1logos: Junta de Coordinaci\u00f3n Pol\u00edtica-<strong>Aspen Institute<\/strong>\u00a0M\u00e9xico, con el tema \u201c<strong>Seguridad P\u00fablica<\/strong>\u201d, en el que participan expertos del m\u00e1s alto nivel,\u00a0<strong>Ricardo Monreal<\/strong>\u00a0indic\u00f3 que este tipo de encuentros son esenciales porque sus an\u00e1lisis y conclusiones le sirven al Legislativo y al gobierno como insumos en el dise\u00f1o de pol\u00edticas p\u00fablicas y en el dise\u00f1o de nuevas normas jur\u00eddicas.<\/p>\n<p>Se cumple as\u00ed, agreg\u00f3, el objetivo que desde hace varios a\u00f1os intentamos alcanzar con estos di\u00e1logos con\u00a0<strong>Aspen Institute M\u00e9xico<\/strong>, cuando nos propusimos que en un af\u00e1n serio, con profundidad, pluralidad e integridad, realiz\u00e1ramos este tipo de encuentros.<\/p>\n<p>As\u00ed, en otras ocasiones hemos hablado del sistema de justicia en M\u00e9xico, el cual est\u00e1 ampliamente vinculado al mejoramiento de la seguridad p\u00fablica en el pa\u00eds;\u00a0pues si los \u00edndices de impunidad no disminuyen y si no logramos tener un sistema judicial eficiente, dif\u00edcilmente los \u00edndices de criminalidad podr\u00e1n bajar.<\/p>\n<p>Hoy, agreg\u00f3, \u201ces intolerante, inadmisible, que estemos en estos niveles de impunidad desde hace ya d\u00e9cadas, ahora agravado; que nos averg\u00fcenza a todos el tema de la desaparici\u00f3n de hombres y sobre todo mujeres, y el feminicidio que est\u00e1 ocurriendo en varios estados del pa\u00eds.<\/p>\n<p>\u201cEsta es para m\u00ed una de las\u00a0<strong>asignaturas pendientes<\/strong>\u00a0que tenemos los Poderes de la Uni\u00f3n, los \u00f3rganos aut\u00f3nomos\u201d, indic\u00f3.<\/p>\n<p>Tengo que estar dialogando con la oposici\u00f3n, porque aqu\u00ed vamos a sacar todo por unanimidad, casi por unanimidad todas las leyes; porque\u00a0estamos intentando alejarnos de la confrontaci\u00f3n y buscar a trav\u00e9s del di\u00e1logo soluciones.<\/p>\n<p style=\"text-align: center;\"><strong>Gertz, el\u00a0<em>supermago<\/em>\u00a0de la FGR<\/strong><\/p>\n<p>Justo cuando vuelve a tomar vuelo le necesidad de sustituirlo, el Fiscal General de la Rep\u00fablica,\u00a0<strong>Alejandro Gertz Manero, <\/strong>saca un nuevo\u00a0<strong>as<\/strong>\u00a0de su chistera para hacer p\u00fablica una parte de la investigaci\u00f3n judicial sobre la intercepci\u00f3n telef\u00f3nica que le aplicaron en la que se daba a conocer que ten\u00eda bajo su control a 4 ministros de la Corte.<\/p>\n<p>A d\u00edas de que\u00a0<strong>Julio Scherer Jr.<\/strong>, ex asesor jur\u00eddico del presidente\u00a0<strong>Andr\u00e9s Manuel L\u00f3pez Obrador<\/strong>\u00a0ratificara su denuncia contra\u00a0<strong>Gertz<\/strong>\u00a0y otros 4 de sus colaboradores en la Fiscal\u00eda por tr\u00e1fico de influencia y asociaci\u00f3n delictuosa, el Fiscal present\u00f3 ante medios informaci\u00f3n sobre las intercepciones las que presenta como una conjura en su contra.<\/p>\n<p>Y de paso no descarta que detr\u00e1s de todo eso haya estado\u00a0<strong>Scherer,<\/strong>\u00a0desde la oficina de asesor jur\u00eddico de la Presidencia.<\/p>\n<p>As\u00ed la nueva versi\u00f3n de\u00a0<strong>Gertz<\/strong>\u00a0sobre esas intercepciones a sus llamadas privadas reabre el caso de los audios filtrados a los medios, con lo cual se reubica como v\u00edctima en la confrontaci\u00f3n con\u00a0<strong>Scherer<\/strong>.<\/p>\n<p>Todo un\u00a0<strong>magazo<\/strong>\u00a0judicial-medi\u00e1tico como el <strong><em>Beto el Boticario<\/em><\/strong>, de la FGR.<\/p>\n<p><em><a href=\"mailto:rvizcainoa@gmail.com\" target=\"_blank\" rel=\"noopener noreferrer\">vizcainoa@gmail.com<\/a><a href=\"mailto:rvizcainoa@gmail.com\" target=\"_blank\" rel=\"noopener noreferrer\"><br \/>\n<\/a><a href=\"http:\/\/endirecto.mx\" target=\"_blank\" rel=\"noopener noreferrer\">www.endirecto.mx<\/a><a href=\"mailto:rvizcainoa@gmail.com\" target=\"_blank\" rel=\"noopener noreferrer\"><br \/>\n<\/a><a href=\"https:\/\/twitter.com\/_rvizcaino\" target=\"_blank\" rel=\"noopener noreferrer\">@_RVizcaino<\/a><a href=\"mailto:rvizcainoa@gmail.com\" target=\"_blank\" rel=\"noopener noreferrer\"><br \/>\n<\/a><a href=\"https:\/\/www.facebook.com\/rvizcainoa\" target=\"_blank\" rel=\"noopener noreferrer\">facebook.com\/rvizcainoa<\/a><\/em><\/p>\n","protected":false},"excerpt":{"rendered":"<p><span style=\"color: #005497;\"><strong>Roberto Vizca\u00edno<\/strong><\/span><br \/>\n<br \/>\nAl no alcanzar el 40 por ciento de participaci\u00f3n requerido, el Tribunal Electoral del Poder Judicial de la Federaci\u00f3n (TEPJF) invalid\u00f3 la primera consulta de <strong>Revocaci\u00f3n de Mandato<\/strong> en M\u00e9xico. Con ello concluye el proceso formal de una consulta que para muchos nunca debi\u00f3 haberse realizado.<\/p>\n","protected":false},"author":3,"featured_media":0,"comment_status":"open","ping_status":"open","sticky":false,"template":"","format":"standard","meta":{"_monsterinsights_skip_tracking":false,"_monsterinsights_sitenote_active":false,"_monsterinsights_sitenote_note":"","_monsterinsights_sitenote_category":0,"footnotes":""},"categories":[136],"tags":[],"class_list":["post-544576","post","type-post","status-publish","format-standard","hentry","category-roberto-vizcaino-opinion"],"_links":{"self":[{"href":"https:\/\/www.diarioimagen.net\/index.php?rest_route=\/wp\/v2\/posts\/544576","targetHints":{"allow":["GET"]}}],"collection":[{"href":"https:\/\/www.diarioimagen.net\/index.php?rest_route=\/wp\/v2\/posts"}],"about":[{"href":"https:\/\/www.diarioimagen.net\/index.php?rest_route=\/wp\/v2\/types\/post"}],"author":[{"embeddable":true,"href":"https:\/\/www.diarioimagen.net\/index.php?rest_route=\/wp\/v2\/users\/3"}],"replies":[{"embeddable":true,"href":"https:\/\/www.diarioimagen.net\/index.php?rest_route=%2Fwp%2Fv2%2Fcomments&post=544576"}],"version-history":[{"count":0,"href":"https:\/\/www.diarioimagen.net\/index.php?rest_route=\/wp\/v2\/posts\/544576\/revisions"}],"wp:attachment":[{"href":"https:\/\/www.diarioimagen.net\/index.php?rest_route=%2Fwp%2Fv2%2Fmedia&parent=544576"}],"wp:term":[{"taxonomy":"category","embeddable":true,"href":"https:\/\/www.diarioimagen.net\/index.php?rest_route=%2Fwp%2Fv2%2Fcategories&post=544576"},{"taxonomy":"post_tag","embeddable":true,"href":"https:\/\/www.diarioimagen.net\/index.php?rest_route=%2Fwp%2Fv2%2Ftags&post=544576"}],"curies":[{"name":"wp","href":"https:\/\/api.w.org\/{rel}","templated":true}]}}