{"id":544666,"date":"2022-04-29T00:02:12","date_gmt":"2022-04-29T05:02:12","guid":{"rendered":"https:\/\/www.diarioimagen.net\/?p=544666"},"modified":"2022-05-02T00:44:10","modified_gmt":"2022-05-02T05:44:10","slug":"gobierno-federal-defiende-obra-del-tren-maya-y-embiste-a-grupo-xcaret","status":"publish","type":"post","link":"https:\/\/www.diarioimagen.net\/?p=544666","title":{"rendered":"Gobierno federal defiende obra del Tren Maya y embiste a Grupo Xcaret\u00a0"},"content":{"rendered":"<p>&nbsp;<\/p>\n<h3 style=\"text-align: center;\">Sigue la pol\u00e9mica en torno al proyecto<\/h3>\n<p>&nbsp;<\/p>\n<ul>\n<li><strong><em>Equipo de AMLO insiste en descalificar a opositores de trabajos en el Tramo 5<\/em><\/strong><\/li>\n<\/ul>\n<p>&nbsp;<\/p>\n<div id=\"attachment_544746\" style=\"width: 470px\" class=\"wp-caption aligncenter\"><img loading=\"lazy\" decoding=\"async\" aria-describedby=\"caption-attachment-544746\" class=\"size-full wp-image-544746\" src=\"https:\/\/www.diarioimagen.net\/wp-content\/uploads\/2022\/04\/TREN-01.jpg\" alt=\"\" width=\"460\" height=\"270\" \/><p id=\"caption-attachment-544746\" class=\"wp-caption-text\">El colectivo S\u00e9lvame del Tren desminti\u00f3 que detr\u00e1s de su oposici\u00f3n a la construcci\u00f3n del Tramo 5 haya intereses ajenos a la protecci\u00f3n de la naturaleza.<\/p><\/div>\n<p>&nbsp;<\/p>\n<p>Una vez m\u00e1s, durante la conferencia ma\u00f1anera del presidente Andr\u00e9s Manuel L\u00f3pez Obrador, se abord\u00f3 el tema del Tren Maya, descalificando por en\u00e9sima vez a los opositores del Tramo 5, que correr\u00e1 de Canc\u00fan a Playa del Carmen y de ah\u00ed a Tulum, donde aseguran que habr\u00e1 una gran devastaci\u00f3n de la naturaleza.<\/p>\n<p>Elizabeth Garc\u00eda Vilchis, encargada de la secci\u00f3n \u201cQui\u00e9n es qui\u00e9n en las mentiras de la semana\u201d, no s\u00f3lo afirm\u00f3 que el Tren Maya no da\u00f1ar\u00e1 al medio ambiente, son que arremeti\u00f3 contra Grupo Xcaret y los acus\u00f3 de haber impactado de manera negativa cenotes y r\u00edos subterr\u00e1neos.<\/p>\n<p>De modo que asegur\u00f3 que hay ecocidios que \u201cpseudoambientalistas y personalidades no quieren ver y s\u00f3lo quieren protestar contra el Tren Maya. Por ejemplo, en el desarrollo del proyecto Xibalb\u00e1, en Valladolid, Yucat\u00e1n, Xcaret, est\u00e1n uniendo cenotes, creando r\u00edos subterr\u00e1neos y perforando el subsuelo para construir una iglesia\u201d.<\/p>\n<p>A esto, agreg\u00f3: \u201cLos llamados ambientalistas voltean para otro lado cuando se informa de la verdadera devastaci\u00f3n en la regi\u00f3n. A diferencia del Tren Maya, que no afectar\u00e1 lugares naturales, la empresa privada Xcaret, que opera ocho parques tem\u00e1ticos en la Riviera Maya y en Yucat\u00e1n ha impactado de manera negativa cenotes y r\u00edos subterr\u00e1neos\u201d, expres\u00f3.<\/p>\n<p>Continu\u00f3 diciendo que \u201cGrupo Xcaret ha perforado cenotes y abri\u00f3 t\u00faneles para crear r\u00edos subterr\u00e1neos de manera ilegal, causando da\u00f1os ambientales irreversibles. Modific\u00f3 paredes, techos, b\u00f3vedas; desvi\u00f3 r\u00edos subterr\u00e1neos, ampli\u00f3 cavidades y coloc\u00f3 vigas en los cenotes, entre otras violaciones a las leyes ambientales. A pesar del da\u00f1o causado por la empresa por unir cenotes y crear r\u00edos subterr\u00e1neos, no se ha escuchado las denuncias de ambientalistas, ni amparos de ONG ni campa\u00f1as #S\u00e9lvameDeXcaret o algo por el estilo\u201d.<\/p>\n<p>Finalmente, exhibi\u00f3 un video en el que se afirm\u00f3 que los \u201catractivos de Xcaret fueron hechos con respaldo del sexenio anterior. Entonces \u00bfD\u00f3nde estaban los pseudo-ambientalistas? Ahora los opositores al Tren Maya han presentado informaci\u00f3n falsa contra el proyecto\u201d y destac\u00f3: \u201cBeneficios ambientales, culturales y sociales con la construcci\u00f3n del Tren, como la disminuci\u00f3n del di\u00f3xido de carbono, reforestaci\u00f3n, rescate de flora y fauna y la ampliaci\u00f3n de \u00e1reas naturales protegidas. En la construcci\u00f3n del tramo 5 del Tren Maya no se afectar\u00e1n cenotes, ni r\u00edos subterr\u00e1neos (&#8230;) adem\u00e1s de la siembra de tres \u00e1rboles por cada uno removido\u201d, concluy\u00f3.<\/p>\n<p style=\"text-align: center;\"><strong>Activistas: somos conservadores de la selva y del agua<\/strong><\/p>\n<p>Luego de que el presidente Andr\u00e9s Manuel L\u00f3pez Obrador cancel\u00f3 el di\u00e1logo con los activistas, el colectivo S\u00e9lvame del Tren desminti\u00f3 que detr\u00e1s de su oposici\u00f3n a la construcci\u00f3n del Tramo 5 del Tren haya intereses ajenos a la protecci\u00f3n de la naturaleza.<\/p>\n<p>Gema Santana, Arturo Islas y el buzo Pepe Urbina, afirmaron que lo \u00fanico que se le pide al gobierno es que muestre los estudios geol\u00f3gicos y de impacto ambiental para evitar un da\u00f1o irreversible al medio ambiente.<\/p>\n<p>\u201cEl Presidente tiene que entender que no es un tema de si s\u00ed o s\u00ed no, es s\u00ed o s\u00ed vamos a preservar el acu\u00edfero maya y vamos a parar el Tramo 5, porque es nuestro futuro. Eso es lo que vamos a hacer si \u00e9l se pone en una visi\u00f3n de necedad. Nunca en la historia de este pa\u00eds, nuestra generaci\u00f3n y las siguientes, vamos a olvidar a un presidente que no dialog\u00f3, que est\u00e1 violando la ley y que desafortunadamente es un ecocida\u201d, declar\u00f3 Gema Santana.<\/p>\n<p>Por su parte, el buzo Pepe Urbina exhort\u00f3 al Presidente a reconsiderar su negativa a dialogar y corregir el trazo del Tren Maya \u201cHoy queremos que nos escuchen. No somos seres sin escr\u00fapulos, ni nos paga nadie m\u00e1s que nosotros mismos. Le volvemos a hacer la invitaci\u00f3n para que visite el Tramo 5\u201d, puntualiz\u00f3. Y es que asegura que no se trata solamente de un cenote, \u201cno es solo un agujero con agua clara que sirve para echarse un clavado. Se trata de un sistema sumamente complejo bajo tierra, que debe ser cuidadosamente protegido, porque cualquier estructura puede da\u00f1arlo. Lo que queremos conservar es la selva, y la selva no necesita ser transformada\u201d, asever\u00f3.<\/p>\n<p>Finalmente, Arturo Islas critic\u00f3 que desde el poder presidencial se haya lanzado una negativa al di\u00e1logo \u201cnosotros despu\u00e9s de haber sido denostados, menospreciados y criticados, accedemos al di\u00e1logo en la fecha y hora que el presidente nos envi\u00f3, y de un momento a otro se cancela\u201d dijo y acus\u00f3 que la invitaci\u00f3n del presidente para que los activistas platiquen con las comunidades tiene el prop\u00f3sito de dividir.<\/p>\n","protected":false},"excerpt":{"rendered":"<p>Una vez m\u00e1s, durante la conferencia ma\u00f1anera del presidente Andr\u00e9s Manuel L\u00f3pez Obrador, se abord\u00f3 el tema del Tren Maya, descalificando por en\u00e9sima vez a los opositores del Tramo 5, que correr\u00e1 de Canc\u00fan a Playa del Carmen y de ah\u00ed a Tulum, donde aseguran que habr\u00e1 una gran devastaci\u00f3n de la naturaleza.<\/p>\n","protected":false},"author":3,"featured_media":544746,"comment_status":"open","ping_status":"open","sticky":false,"template":"","format":"standard","meta":{"_monsterinsights_skip_tracking":false,"_monsterinsights_sitenote_active":false,"_monsterinsights_sitenote_note":"","_monsterinsights_sitenote_category":0,"footnotes":""},"categories":[3],"tags":[70974,95337,43673,24244,95336,76415],"class_list":["post-544666","post","type-post","status-publish","format-standard","has-post-thumbnail","hentry","category-nacional","tag-defiende","tag-grupo-xcaret","tag-nacional","tag-obra","tag-selvame-del-tren","tag-tren-maya"],"_links":{"self":[{"href":"https:\/\/www.diarioimagen.net\/index.php?rest_route=\/wp\/v2\/posts\/544666","targetHints":{"allow":["GET"]}}],"collection":[{"href":"https:\/\/www.diarioimagen.net\/index.php?rest_route=\/wp\/v2\/posts"}],"about":[{"href":"https:\/\/www.diarioimagen.net\/index.php?rest_route=\/wp\/v2\/types\/post"}],"author":[{"embeddable":true,"href":"https:\/\/www.diarioimagen.net\/index.php?rest_route=\/wp\/v2\/users\/3"}],"replies":[{"embeddable":true,"href":"https:\/\/www.diarioimagen.net\/index.php?rest_route=%2Fwp%2Fv2%2Fcomments&post=544666"}],"version-history":[{"count":0,"href":"https:\/\/www.diarioimagen.net\/index.php?rest_route=\/wp\/v2\/posts\/544666\/revisions"}],"wp:featuredmedia":[{"embeddable":true,"href":"https:\/\/www.diarioimagen.net\/index.php?rest_route=\/wp\/v2\/media\/544746"}],"wp:attachment":[{"href":"https:\/\/www.diarioimagen.net\/index.php?rest_route=%2Fwp%2Fv2%2Fmedia&parent=544666"}],"wp:term":[{"taxonomy":"category","embeddable":true,"href":"https:\/\/www.diarioimagen.net\/index.php?rest_route=%2Fwp%2Fv2%2Fcategories&post=544666"},{"taxonomy":"post_tag","embeddable":true,"href":"https:\/\/www.diarioimagen.net\/index.php?rest_route=%2Fwp%2Fv2%2Ftags&post=544666"}],"curies":[{"name":"wp","href":"https:\/\/api.w.org\/{rel}","templated":true}]}}