{"id":544678,"date":"2022-04-29T00:01:18","date_gmt":"2022-04-29T05:01:18","guid":{"rendered":"https:\/\/www.diarioimagen.net\/?p=544678"},"modified":"2022-04-29T06:01:01","modified_gmt":"2022-04-29T11:01:01","slug":"gobierno-de-cuautitlan-izcalli-y-devlyn-suman-esfuerzos-en-favor-de-las-familias-mas-vulnerables","status":"publish","type":"post","link":"https:\/\/www.diarioimagen.net\/?p=544678","title":{"rendered":"Gobierno de Cuautitl\u00e1n Izcalli y Devlyn suman esfuerzos en favor de las familias m\u00e1s vulnerables"},"content":{"rendered":"<p>&nbsp;<\/p>\n<ul>\n<li><strong><em>Ofrecer\u00e1n lentes graduados a bajo costo<\/em><\/strong><\/li>\n<\/ul>\n<p>&nbsp;<\/p>\n<h6>Arturo Baena<\/h6>\n<p>&nbsp;<\/p>\n<div id=\"attachment_544791\" style=\"width: 470px\" class=\"wp-caption aligncenter\"><a href=\"https:\/\/www.diarioimagen.net\/?attachment_id=544791\" rel=\"attachment wp-att-544791\"><img loading=\"lazy\" decoding=\"async\" aria-describedby=\"caption-attachment-544791\" class=\"wp-image-544791 size-full\" src=\"https:\/\/www.diarioimagen.net\/wp-content\/uploads\/2022\/04\/cuautitlan-2.jpg\" alt=\"\" width=\"460\" height=\"270\" \/><\/a><p id=\"caption-attachment-544791\" class=\"wp-caption-text\">El gobierno de la presidenta Karla Fiesco Garc\u00eda, a trav\u00e9s del Sistema Municipal DIF, firm\u00f3 un convenio de colaboraci\u00f3n con la \u201cFundaci\u00f3n Devlyn\u201d.<\/p><\/div>\n<p>&nbsp;<\/p>\n<p><strong>Cuautitlan Izcalli, Estado de M\u00e9xico.\u2014<\/strong> L\u00edderes sociales, delegados y Copacis, aplaudieron que el gobierno\u00a0 municipal que encabeza la presidenta Karla Fiesco Garc\u00eda, a trav\u00e9s del Sistema Municipal DIF, firm\u00f3 un Convenio de Colaboraci\u00f3n con la \u201cFundaci\u00f3n Devlyn\u201d\u00a0 con el que pretende acercar a la poblaci\u00f3n lentes graduados a bajo costo, y de esta manera mejorar su calidad de vida.<\/p>\n<p>La firma del convenio consiste en realizar jornadas visuales alrededor del municipio para acercar a las y los izcallenses ex\u00e1menes visuales gratuitos y ofertar lentes graduados con una cuota de recuperaci\u00f3n de entre 180 a 400 pesos.<\/p>\n<p>En ese sentido, la alcaldesa Fiesco Garc\u00eda agradeci\u00f3 el esfuerzo de la Fundaci\u00f3n al generar esta alianza que apoyar\u00e1 a servidores p\u00fablicos y a la poblaci\u00f3n de Cuautitl\u00e1n Izcalli a cuidar su vista. Adem\u00e1s, se\u00f1al\u00f3 que los elementos de seguridad p\u00fablica que actualmente utilizan anteojos, o los requieran para efectuar sus labores, ser\u00e1n beneficiados con lentes graduados.<\/p>\n<p>De igual forma, la presidenta del DIF, Jessica Jacqueline Villase\u00f1or Garc\u00eda, se\u00f1al\u00f3 que con esta colaboraci\u00f3n se pretende concientizar y sensibilizar a las personas acerca de la importancia de cuidar la salud visual. \u201cCon esto la gente podr\u00e1 tener atenci\u00f3n oftalmol\u00f3gica para reducir el deterioro visual al tiempo y dar la oportunidad de ayudar a quien lo necesite, hoy trabajamos juntos DIF y Devlyn en favor de las familias izcallenses\u201d, dijo.<\/p>\n<p>Finalmente, la directora de Fundaci\u00f3n Devlyn, Jessica Devlyn Joannis, mencion\u00f3 que la fundaci\u00f3n est\u00e1 convencida este tipo de alianzas estrat\u00e9gicas permiten beneficiar a m\u00e1s personas para que disfruten el espect\u00e1culo de la vida y coment\u00f3 \u201cnos comprometemos a hacer un Izcalli visualmente responsable\u201d.<\/p>\n","protected":false},"excerpt":{"rendered":"<p>L\u00edderes sociales, delegados y Copacis, aplaudieron que el gobierno\u00a0 municipal que encabeza la presidenta Karla Fiesco Garc\u00eda, a trav\u00e9s del Sistema Municipal DIF, firm\u00f3 un Convenio de Colaboraci\u00f3n con la \u201cFundaci\u00f3n Devlyn\u201d\u00a0 con el que pretende acercar a la poblaci\u00f3n lentes graduados a bajo costo, y de esta manera mejorar su calidad de vida.<\/p>\n","protected":false},"author":3,"featured_media":544791,"comment_status":"open","ping_status":"open","sticky":false,"template":"","format":"standard","meta":{"_monsterinsights_skip_tracking":false,"_monsterinsights_sitenote_active":false,"_monsterinsights_sitenote_note":"","_monsterinsights_sitenote_category":0,"footnotes":""},"categories":[5],"tags":[971,43675,16411,22417],"class_list":["post-544678","post","type-post","status-publish","format-standard","has-post-thumbnail","hentry","category-estado-de-mexico","tag-cuautitlan-izcalli","tag-estado-de-mexico","tag-familias","tag-vulnerables"],"_links":{"self":[{"href":"https:\/\/www.diarioimagen.net\/index.php?rest_route=\/wp\/v2\/posts\/544678","targetHints":{"allow":["GET"]}}],"collection":[{"href":"https:\/\/www.diarioimagen.net\/index.php?rest_route=\/wp\/v2\/posts"}],"about":[{"href":"https:\/\/www.diarioimagen.net\/index.php?rest_route=\/wp\/v2\/types\/post"}],"author":[{"embeddable":true,"href":"https:\/\/www.diarioimagen.net\/index.php?rest_route=\/wp\/v2\/users\/3"}],"replies":[{"embeddable":true,"href":"https:\/\/www.diarioimagen.net\/index.php?rest_route=%2Fwp%2Fv2%2Fcomments&post=544678"}],"version-history":[{"count":0,"href":"https:\/\/www.diarioimagen.net\/index.php?rest_route=\/wp\/v2\/posts\/544678\/revisions"}],"wp:featuredmedia":[{"embeddable":true,"href":"https:\/\/www.diarioimagen.net\/index.php?rest_route=\/wp\/v2\/media\/544791"}],"wp:attachment":[{"href":"https:\/\/www.diarioimagen.net\/index.php?rest_route=%2Fwp%2Fv2%2Fmedia&parent=544678"}],"wp:term":[{"taxonomy":"category","embeddable":true,"href":"https:\/\/www.diarioimagen.net\/index.php?rest_route=%2Fwp%2Fv2%2Fcategories&post=544678"},{"taxonomy":"post_tag","embeddable":true,"href":"https:\/\/www.diarioimagen.net\/index.php?rest_route=%2Fwp%2Fv2%2Ftags&post=544678"}],"curies":[{"name":"wp","href":"https:\/\/api.w.org\/{rel}","templated":true}]}}