{"id":544681,"date":"2022-04-29T00:02:32","date_gmt":"2022-04-29T05:02:32","guid":{"rendered":"https:\/\/www.diarioimagen.net\/?p=544681"},"modified":"2022-04-29T06:03:15","modified_gmt":"2022-04-29T11:03:15","slug":"con-una-alianza-o-sin-ella-morena-ganara-edomex-afirma-el-regidor-eliseo-carmona","status":"publish","type":"post","link":"https:\/\/www.diarioimagen.net\/?p=544681","title":{"rendered":"Con una alianza o sin ella, Morena ganar\u00e1 Edomex, afirma el regidor Eliseo Carmona"},"content":{"rendered":"<p>&nbsp;<\/p>\n<ul>\n<li><strong><em>Confianza para elecci\u00f3n de 2023<\/em><\/strong><\/li>\n<\/ul>\n<p>&nbsp;<\/p>\n<h6>Arturo Baena<\/h6>\n<p>&nbsp;<\/p>\n<div id=\"attachment_544798\" style=\"width: 470px\" class=\"wp-caption aligncenter\"><a href=\"https:\/\/www.diarioimagen.net\/?attachment_id=544798\" rel=\"attachment wp-att-544798\"><img loading=\"lazy\" decoding=\"async\" aria-describedby=\"caption-attachment-544798\" class=\"size-full wp-image-544798\" src=\"https:\/\/www.diarioimagen.net\/wp-content\/uploads\/2022\/04\/naucalpan-19.jpg\" alt=\"\" width=\"460\" height=\"270\" \/><\/a><p id=\"caption-attachment-544798\" class=\"wp-caption-text\">Morena, con \u00e9l o la candidata que se determine, ganar\u00e1 la gubernatura del Estado de M\u00e9xico por mayor\u00eda de votos, asegur\u00f3 el regidor Eliseo Carmona D\u00edaz.<\/p><\/div>\n<p>&nbsp;<\/p>\n<p><strong>Naucalpan, Estado de M\u00e9xico.\u2014<\/strong> Aunque a\u00fan no son tiempos electorales, s\u00ed podemos\u00a0 adelantar que en cualquier escenario pol\u00edtico, el Movimiento Regeneraci\u00f3n Nacional (Morena), con \u00e9l o la candidata que se determine, ganar\u00e1 la gubernatura del Estado de M\u00e9xico por mayor\u00eda de votos.<\/p>\n<p>As\u00ed lo asegur\u00f3 en entrevista, el regidor Eliseo Carmona D\u00edaz, al tiempo de reiterar que \u201cla oposici\u00f3n con alianza o sin ella , es decir PRI, PAN y PRD no podr\u00e1n con\u00a0 Morena. Nuestro partido obtendr\u00e1 el\u00a0 triunfo indiscutible en la entidad mexiquense\u201d.<\/p>\n<p>El Estado de M\u00e9xico cuenta con 12 millones de personas en la lista nominal y no todos est\u00e1n con su partido \u00bfCon cualquier gallo Morena ganar\u00eda?,\u00a0 se le cuestion\u00f3 al representante popular.<\/p>\n<p>\u201cMorena va a ganar, eso est\u00e1 m\u00e1s que anunciado en cualquier escenario que nos quieran poner; el resultado de Morena est\u00e1 garantizado, las y los mexiquenses saben que somos la mejor opci\u00f3n\u201d, dijo.<\/p>\n<p>Eliseo Carmona ratific\u00f3 que si su partido Morena enfrenta al PRI, PAN y PRD por separado la ventaja ser\u00e1 con m\u00e1s del 50 por ciento de la preferencia y si esos institutos pol\u00edticos van juntos, se tendr\u00e1 una distancia de 20 por ciento.<\/p>\n<p>Puntualiz\u00f3 que durante los \u00faltimos 94 a\u00f1os el Estado de M\u00e9xico ha sido gobernado con una misma l\u00ednea pol\u00edtica y un mismo sistema, y los resultados son visibles para cualquier ciudadana o ciudadano.<\/p>\n","protected":false},"excerpt":{"rendered":"<p>Aunque a\u00fan no son tiempos electorales, s\u00ed podemos\u00a0 adelantar que en cualquier escenario pol\u00edtico, el Movimiento Regeneraci\u00f3n Nacional (Morena), con \u00e9l o la candidata que se determine, ganar\u00e1 la gubernatura del Estado de M\u00e9xico por mayor\u00eda de votos.<\/p>\n","protected":false},"author":3,"featured_media":544798,"comment_status":"open","ping_status":"open","sticky":false,"template":"","format":"standard","meta":{"_monsterinsights_skip_tracking":false,"_monsterinsights_sitenote_active":false,"_monsterinsights_sitenote_note":"","_monsterinsights_sitenote_category":0,"footnotes":""},"categories":[5],"tags":[43675,20663,970],"class_list":["post-544681","post","type-post","status-publish","format-standard","has-post-thumbnail","hentry","category-estado-de-mexico","tag-estado-de-mexico","tag-morena","tag-naucalpan"],"_links":{"self":[{"href":"https:\/\/www.diarioimagen.net\/index.php?rest_route=\/wp\/v2\/posts\/544681","targetHints":{"allow":["GET"]}}],"collection":[{"href":"https:\/\/www.diarioimagen.net\/index.php?rest_route=\/wp\/v2\/posts"}],"about":[{"href":"https:\/\/www.diarioimagen.net\/index.php?rest_route=\/wp\/v2\/types\/post"}],"author":[{"embeddable":true,"href":"https:\/\/www.diarioimagen.net\/index.php?rest_route=\/wp\/v2\/users\/3"}],"replies":[{"embeddable":true,"href":"https:\/\/www.diarioimagen.net\/index.php?rest_route=%2Fwp%2Fv2%2Fcomments&post=544681"}],"version-history":[{"count":0,"href":"https:\/\/www.diarioimagen.net\/index.php?rest_route=\/wp\/v2\/posts\/544681\/revisions"}],"wp:featuredmedia":[{"embeddable":true,"href":"https:\/\/www.diarioimagen.net\/index.php?rest_route=\/wp\/v2\/media\/544798"}],"wp:attachment":[{"href":"https:\/\/www.diarioimagen.net\/index.php?rest_route=%2Fwp%2Fv2%2Fmedia&parent=544681"}],"wp:term":[{"taxonomy":"category","embeddable":true,"href":"https:\/\/www.diarioimagen.net\/index.php?rest_route=%2Fwp%2Fv2%2Fcategories&post=544681"},{"taxonomy":"post_tag","embeddable":true,"href":"https:\/\/www.diarioimagen.net\/index.php?rest_route=%2Fwp%2Fv2%2Ftags&post=544681"}],"curies":[{"name":"wp","href":"https:\/\/api.w.org\/{rel}","templated":true}]}}