{"id":544690,"date":"2022-04-29T00:22:00","date_gmt":"2022-04-29T05:22:00","guid":{"rendered":"https:\/\/www.diarioimagen.net\/?p=544690"},"modified":"2022-04-29T05:13:40","modified_gmt":"2022-04-29T10:13:40","slug":"reunion-virtual-y-gira-de-amlo-por-centroamerica","status":"publish","type":"post","link":"https:\/\/www.diarioimagen.net\/?p=544690","title":{"rendered":"Reuni\u00f3n virtual y gira de AMLO por Centroam\u00e9rica"},"content":{"rendered":"<h1>Politigrama<\/h1>\n<h4>V\u00edctor Manuel J\u00e1come<\/h4>\n<p>&nbsp;<\/p>\n<p><a href=\"https:\/\/www.diarioimagen.net\/?attachment_id=544772\" rel=\"attachment wp-att-544772\"><img loading=\"lazy\" decoding=\"async\" class=\"aligncenter size-full wp-image-544772\" src=\"https:\/\/www.diarioimagen.net\/wp-content\/uploads\/2022\/04\/Diapositiva1-4.jpg\" alt=\"\" width=\"460\" height=\"355\" \/><\/a><\/p>\n<p>&nbsp;<\/p>\n<h3 style=\"text-align: center;\">H O R I Z O N T A L E S :<\/h3>\n<p>&nbsp;<\/p>\n<p><strong>1.- <\/strong>Tipo de reuni\u00f3n que los presidentes de M\u00e9xico y Estados Unidos sostendr\u00e1n el viernes 29 de abril previa a la gira del mandatario mexicano por Centroam\u00e9rica de lo que tratar\u00e1 este Politigrama.<\/p>\n<p><strong>3.- <\/strong>Problemas a tratar, seg\u00fan la Casa Blanca la reuni\u00f3n entre Joe Biden y Andr\u00e9s Manuel L\u00f3pez Obrador tendr\u00e1 como prioridad \u201cla cooperaci\u00f3n en migraci\u00f3n\u201d, \u201clos esfuerzos conjuntos de desarrollo en Centroam\u00e9rica\u201d as\u00ed como cuestiones de energ\u00eda, seguridad y crecimiento econ\u00f3mico.<\/p>\n<p><strong>4.- <\/strong>L\u00f3pez Obrador confirm\u00f3 que hablar\u00e1n temas de prioridad, previo a la gran Cumbre\u2026, prevista para dentro de dos meses en Los \u00c1ngeles, California.<\/p>\n<p><strong>6.- <\/strong>Mes en que ambos mandatarios se habr\u00e1n de reunir en la Cumbre de las Am\u00e9ricas.<\/p>\n<p><strong>7.- <\/strong>Escuch\u00e9.<\/p>\n<p><strong>8.- <\/strong>Completa la palabra que, seg\u00fan el arranque de la gira por Centroam\u00e9rica, AMLO espera impulsar los proyectos de cooperaci\u00f3n con el \u2026 de Desarrollo Integral.<\/p>\n<p><strong>9.- <\/strong>Tipo de Gaceta en donde Ad\u00e1n Augusto L\u00f3pez, titular de la Segob, firm\u00f3 el oficio para que despu\u00e9s fuera publicada la gira presidencial.<\/p>\n<p><strong>10.- <\/strong>En esa Gaceta Parlamentaria se explica la idea de recorrer esos pa\u00edses en Centroam\u00e9rica.<\/p>\n<p><strong>11.- <\/strong>Tipo de programa que, con el fin de promocionarlo, el l\u00edder del Ejecutivo visitar\u00e1 Guatemala, El Salvador, Honduras, Belice y Cuba en dicho periodo.<\/p>\n<p><strong>13.- <\/strong>El documento establece que, para M\u00e9xico, dichas naciones son una regi\u00f3n prioritaria en nuestra pol\u00edtica exterior: Por los hist\u00f3ricos v\u00ednculos pol\u00edticos, econ\u00f3micas y de cooperaci\u00f3n que abarcan las tres fronteras de nuestro pa\u00eds a los socios clave con quienes con quienes nos unen amplios lazos de \u2026<\/p>\n<p><strong>20.- <\/strong>Bebida de ca\u00f1a que se acostumbra beber en Cuba y Centroam\u00e9rica.<\/p>\n<p><strong>21.- <\/strong>Iniciales de Orlando O\u00f1ate.<\/p>\n<p><strong>26.- <\/strong>As\u00ed le dijeron muy enojados los senadores al presidente L\u00f3pez Obrador respecto a el premio que le da a los ex gobernadores al convertirlos en embajadores de M\u00e9xico en otros pa\u00edses.<\/p>\n<p><strong>27.- <\/strong>Cargo al que aspiran los gobernadores salientes para no estar en la banca por mucho tiempo ya que es imposible que sus partidos los aprovechen en otros cargos. (Inv).<\/p>\n<p><strong>29.- <\/strong>Completa el cargo de Relaciones\u2026 dependencia que tiene encomendada el licenciado Marcelo Ebrard.<\/p>\n<p><strong>30.- <\/strong>Dirigente. Cada vez son m\u00e1s los mexicanos que lo ubican como tal a nuestro mandatario entre las naciones centro y latinoamericanas.<\/p>\n<p>&nbsp;<\/p>\n<h3 style=\"text-align: center;\">V E R T I C A L E S :<\/h3>\n<p>&nbsp;<\/p>\n<p><strong>2.- <\/strong>Apellido materno del presidente de Cuba Miguel Mario D\u00edaz\u2026<\/p>\n<p><strong>3.- <\/strong>El parentesco que tiene el ex presidente de la Rep\u00fablica, Felipe Calder\u00f3n con la diputada Mariana G\u00f3mez del Campo.<\/p>\n<p><strong>4.- <\/strong>Nombre de la isla que desde hace a\u00f1os tiene embargada el gobierno de Estados Unidos y que visitar\u00e1 el 9 de mayo el presidente de M\u00e9xico y tendr\u00e1 una reuni\u00f3n privada con su hom\u00f3logo en, Miguel D\u00edaz Canel, har\u00e1 un recorrido por la Zona Especial de Desarrollo de Mariel, al igual que una visita al Complejo Industrial Biotecnol\u00f3gico, y a la inauguraci\u00f3n de una librer\u00eda del Fondo de Cultura Econ\u00f3mica (FCE) en La Habana.<\/p>\n<p><strong>5.- <\/strong>Nombre del pa\u00eds centroamericano en donde el presidente Andr\u00e9s Manuel firmar\u00e1 una carta de intenci\u00f3n para que puedan establecer el programa Sembrando Vida, y donde ser\u00e1 recibido por el primer ministro Juan Antonio Brice\u00f1o.<\/p>\n<p><strong>6.- <\/strong>Nombre de pila del presidente de los Estados Unidos de apellido Biden.<\/p>\n<p><strong>7.- <\/strong>Iniciales invertidas del mandatario mexicano.<\/p>\n<p><strong>8.- <\/strong>S\u00edlaba que repetida es el diminutivo de padre.<\/p>\n<p><strong>10.- <\/strong>Nombre del vecino pa\u00eds del sur que ser\u00e1 el arranque de la gira por Centroam\u00e9rica del mandatario mexicano en donde espera impulsar los proyectos de cooperaci\u00f3n por el Plan de Desarrollo Integral, entre ellos el programa Sembrando Vida para promover la integraci\u00f3n econ\u00f3mica en colaboraci\u00f3n con el presidente de la Rep\u00fablica de Guatemala es Alejandro Eduardo Giammattei.<\/p>\n<p><strong>12.- <\/strong>Apellido del mandatario de Belice, Juan Antonio\u2026<\/p>\n<p><strong>14.- <\/strong>Nombre del pa\u00eds que visitar\u00e1 por primera vez a la presidenta Xiomara, para establecer una asociaci\u00f3n estrat\u00e9gica y definir las prioridades de la agenda en com\u00fan. Y evaluar los programas que propuso L\u00f3pez Obrador, por el que 20 mil hondure\u00f1os se benefician.<\/p>\n<p><strong>15.- <\/strong>Apellido paterno de la presidenta de Honduras.<\/p>\n<p><strong>16.- <\/strong>Apellido materno invertido del mandatario de Guatemala Alejandro Eduardo Giammattei.<\/p>\n<p><strong>17.- <\/strong>Apellido paterno del mandatario de El Salvador.<\/p>\n<p><strong>18.- <\/strong>Nombre del pa\u00eds en donde el presidente mexicano planea reunirse con el presidente Bukele, en donde tocar\u00e1 temas de cooperaci\u00f3n, consulares, de comercio, y en el marco jur\u00eddico binacional.<\/p>\n<p><strong>19.- <\/strong>Nombre de pila del secretario de gobernaci\u00f3n mexicano. \u2026 Augusto L\u00f3pez.<\/p>\n<p><strong>20.- <\/strong>Nombre invertido del metal blando de color blanco plata que acaba de ser nacionalizado y por el que se est\u00e1 convocando a una reuni\u00f3n de pa\u00edses, con potencial, productores del mismo. Entre ellos tenemos comunicaci\u00f3n con los gobiernos de Argentina, de Chile, de Bolivia y se est\u00e1 pensando hacer un trabajo conjunto\u201d, anunci\u00f3 el presiente Andr\u00e9s Manuel L\u00f3pez Obrador.<\/p>\n<p><strong>22.- <\/strong>Iniciales de Alma Ramos.<\/p>\n<p><strong>23.- <\/strong>Doy una cosa a una persona, especialmente cuando se trata de algo de valor y la entrego de forma voluntaria y sin esperar premio ni recompensa alguna.<\/p>\n<p><strong>24.-<\/strong> Nota musical invertida.<\/p>\n<p><strong>25.-<\/strong> El Sol en egipcio.<\/p>\n<p><strong>28.- <\/strong>Carta de la baraja con la que se identifica a Arturo Zald\u00edvar Lelo de Larrea. Ministro presidente de la Suprema Corte de Justicia de la Naci\u00f3n, por haber aprobado la Reforma El\u00e9ctrica junto con tres miembros m\u00e1s de la Corte.<\/p>\n<p>&nbsp;<\/p>\n<p><a href=\"https:\/\/www.diarioimagen.net\/?attachment_id=544774\" rel=\"attachment wp-att-544774\"><img loading=\"lazy\" decoding=\"async\" class=\"aligncenter size-full wp-image-544774\" src=\"https:\/\/www.diarioimagen.net\/wp-content\/uploads\/2022\/04\/Diapositiva2-4.jpg\" alt=\"\" width=\"460\" height=\"356\" \/><\/a><\/p>\n","protected":false},"excerpt":{"rendered":"<p><strong>1.- <\/strong>Tipo de reuni\u00f3n que los presidentes de M\u00e9xico y Estados Unidos sostendr\u00e1n el viernes 29 de abril previa a la gira del mandatario mexicano por Centroam\u00e9rica de lo que tratar\u00e1 este Politigrama.<\/p>\n","protected":false},"author":3,"featured_media":544772,"comment_status":"open","ping_status":"open","sticky":false,"template":"","format":"standard","meta":{"_monsterinsights_skip_tracking":false,"_monsterinsights_sitenote_active":false,"_monsterinsights_sitenote_note":"","_monsterinsights_sitenote_category":0,"footnotes":""},"categories":[17],"tags":[43682,92653,92654],"class_list":["post-544690","post","type-post","status-publish","format-standard","has-post-thumbnail","hentry","category-especiales","tag-espectaculos","tag-politigrama","tag-victor-manuel-jacome"],"_links":{"self":[{"href":"https:\/\/www.diarioimagen.net\/index.php?rest_route=\/wp\/v2\/posts\/544690","targetHints":{"allow":["GET"]}}],"collection":[{"href":"https:\/\/www.diarioimagen.net\/index.php?rest_route=\/wp\/v2\/posts"}],"about":[{"href":"https:\/\/www.diarioimagen.net\/index.php?rest_route=\/wp\/v2\/types\/post"}],"author":[{"embeddable":true,"href":"https:\/\/www.diarioimagen.net\/index.php?rest_route=\/wp\/v2\/users\/3"}],"replies":[{"embeddable":true,"href":"https:\/\/www.diarioimagen.net\/index.php?rest_route=%2Fwp%2Fv2%2Fcomments&post=544690"}],"version-history":[{"count":0,"href":"https:\/\/www.diarioimagen.net\/index.php?rest_route=\/wp\/v2\/posts\/544690\/revisions"}],"wp:featuredmedia":[{"embeddable":true,"href":"https:\/\/www.diarioimagen.net\/index.php?rest_route=\/wp\/v2\/media\/544772"}],"wp:attachment":[{"href":"https:\/\/www.diarioimagen.net\/index.php?rest_route=%2Fwp%2Fv2%2Fmedia&parent=544690"}],"wp:term":[{"taxonomy":"category","embeddable":true,"href":"https:\/\/www.diarioimagen.net\/index.php?rest_route=%2Fwp%2Fv2%2Fcategories&post=544690"},{"taxonomy":"post_tag","embeddable":true,"href":"https:\/\/www.diarioimagen.net\/index.php?rest_route=%2Fwp%2Fv2%2Ftags&post=544690"}],"curies":[{"name":"wp","href":"https:\/\/api.w.org\/{rel}","templated":true}]}}