{"id":544704,"date":"2022-04-29T00:02:01","date_gmt":"2022-04-29T05:02:01","guid":{"rendered":"https:\/\/www.diarioimagen.net\/?p=544704"},"modified":"2022-04-29T02:40:21","modified_gmt":"2022-04-29T07:40:21","slug":"la-reforma-electoral-y-las-zanahorias-de-amlo","status":"publish","type":"post","link":"https:\/\/www.diarioimagen.net\/?p=544704","title":{"rendered":"La reforma electoral y las zanahorias de AMLO"},"content":{"rendered":"<h2>La Retaguardia<\/h2>\n<h5>Adriana Moreno Cordero<\/h5>\n<p>&nbsp;<\/p>\n<ul>\n<li><strong><em>Ebrard y Sheinbaum, nerviosos por destape de Ad\u00e1n Augusto L\u00f3pez<\/em><\/strong><\/li>\n<\/ul>\n<p>&nbsp;<\/p>\n<p>Necio como suele ser, el presidente <strong>Andr\u00e9s Manuel L\u00f3pez Obrador<\/strong> no pod\u00eda dejar pasar el fin del per\u00edodo ordinario de sesiones en el Congreso de la Uni\u00f3n, as\u00ed que envi\u00f3 su iniciativa de reforma electoral con \u201czanahorias\u201d y toda la cosa. De inmediato, la coalici\u00f3n legislativa \u201cVa por M\u00e9xico\u201d en la C\u00e1mara de Diputados y tambi\u00e9n en el Senado de la Rep\u00fablica anunci\u00f3 su rechazo a esta nueva intentona del tabasque\u00f1o.<\/p>\n<p>Esto va m\u00e1s all\u00e1, porque con dicha acci\u00f3n, los coordinadores en San L\u00e1zaro del PRI, <strong>Rub\u00e9n Moreira<\/strong>; del PAN, <strong>Jorge Romero<\/strong> y del PRD, <strong>Luis Espinoza Ch\u00e1zaro<\/strong>, emprenden la defensa del Instituto Nacional Electoral, que por cierto, es visto en el mundo como uno de los institutos ciudadanos m\u00e1s fuertes y consolidados. L\u00f3pez Obrador no deber\u00eda olvidar que gracias a la democracia a la que mucho ha contribuido el INE, \u00e9l lleg\u00f3 a la Presidencia de la Rep\u00fablica en el 2018.<\/p>\n<p>Ahora, el Presidente quiere cambiar al INE por un Instituto Nacional de Elecciones y Consultas que no significa m\u00e1s que un gran salto, pero al pasado, al setentero, como tanto le gusta al inquilino de Palacio Nacional, en el que el gobierno se hac\u00eda cargo de las elecciones.<\/p>\n<p>\u00bfSer\u00e1 acaso que el tabasque\u00f1o nombrar\u00eda al frente de dicho Instituto ni m\u00e1s ni menos que a <strong>Manuel Bartlett<\/strong>?, ya que el director de la CFE -al que no le pudo entregar el control de la electricidad- es tan habilidoso en eso de los fraudes electorales y las ca\u00eddas del sistema.<\/p>\n<p>En d\u00edas recientes, los ataques del inquilino de Palacio Nacional a los consejeros del INE se hab\u00edan reducido un poco pero ahora, con su Reforma Electoral, les hace m\u00e1s que evidente su aversi\u00f3n y por ello plantea aniquilar a dicho Instituto y sustituirlo por uno totalmente a modo.<\/p>\n<p>Afortunadamente, tambi\u00e9n en el Senado hubo reacciones a favor de defender al INE. Ah\u00ed est\u00e1 lo dicho, entre otros muchos legisladores de oposici\u00f3n, por la senadora panista <strong>Kenia L\u00f3pez Rabad\u00e1n:<\/strong> \u201cA L\u00f3pez Obrador y a Morena no les gusta la autonom\u00eda, no toleran que alguien piense diferente a ellos, quieren sobrerrepresentaci\u00f3n, a\u00fan mayor, de Morena en el Legislativo, quitando los lugares a la oposici\u00f3n; quieren cambiar el modelo de comunicaci\u00f3n pol\u00edtica para que puedan hacer campa\u00f1a desde Palacio Nacional\u201d. En suma, lo que el Presidente quiere es que si \u00e9l ya no puede continuar en el poder, entonces dejar a alguna de sus \u201ccorcholatas\u201d, como \u00e9l les dice a los aspirantes de Morena al 2024.<\/p>\n<p>Por otro lado, L\u00f3pez Obrador supone que con sus \u201czanahorias\u201d de la reforma electoral, va a poder convencer a la oposici\u00f3n para que voten a favor. Sin embargo, aunque muchos pudieran estar de acuerdo con la desaparici\u00f3n de los legisladores plurinominales; con la reducci\u00f3n de recursos; la posibilidad de desechar la boleta electoral de papel para que la ciudadan\u00eda pueda votar electr\u00f3nicamente, la pregunta es: \u00bfa d\u00f3nde van a parar todos esos recursos?, porque esta errada y llamada Cuarta Transformaci\u00f3n todo se lo da a su l\u00edder y todo es todo.<\/p>\n<p>De nueva cuenta, L\u00f3pez Obrador se llevar\u00e1 un nuevo rev\u00e9s porque ni de lejos podr\u00eda so\u00f1ar con que se llevar\u00e1 a cabo un per\u00edodo extraordinario para aprobar su Reforma Electoral y menos a\u00fan, \u201csin cambiarle ni una coma\u201d porque eso ser\u00eda ofender la inteligencia de los legisladores de la oposici\u00f3n.<\/p>\n<p>Un punto que contiene la tan llevada y tra\u00edda Reforma Electoral, que, ojo, no les gusta ni siquiera a muchos morenistas, es la desaparici\u00f3n de los legisladores plurinominales porque eso implicar\u00eda que tambi\u00e9n el partido oficial perder\u00eda espacios y eso no les agrada tanto.<\/p>\n<p>Se supone que lo que sigue con este tema, es que los morenistas prometieron que se llevar\u00e1 a cabo el famoso Parlamento Abierto, pero si va a estar como el que se realiz\u00f3 cuando la Reforma Electoral, donde ni caso les hicieron a los que pensaban diferente, ya estuvo que no servir\u00e1 de nada.<\/p>\n<p style=\"text-align: center;\"><strong>Municiones<\/strong><\/p>\n<p>*** La gota gorda sud\u00f3 el coordinador parlamentario de la bancada de Morena en la C\u00e1mara de Diputados, <strong>Ignacio Mier Velazco<\/strong>, ayer que estuvo en Palacio Nacional, a donde tuvo que ir a anunciar su fracaso en la votaci\u00f3n de la Reforma El\u00e9ctrica el pasado Domingo de Resurrecci\u00f3n. Nada le gust\u00f3 a L\u00f3pez Obrador que la oposici\u00f3n le hubiera tumbado su controvertida reforma. De plano el diputado poblano no hallaba c\u00f3mo justificar su derrota y si bien asumi\u00f3 estoico el rega\u00f1o que le propin\u00f3 su jefe en d\u00edas pasados, dijo para tratar de quedar bien frente al tabasque\u00f1o, aquello de que: \u201cesta reforma puso a prueba nuestras convicciones y para qui\u00e9n legislamos; 276 diputados de su coalici\u00f3n votaron a favor de la reforma el\u00e9ctrica, pero tal y como lo pronostic\u00f3 L\u00f3pez Mateos, hubo malos mexicanos, fue verdaderamente una traici\u00f3n a M\u00e9xico\u201d. Muy pobre discurso el del diputado Mier, con raz\u00f3n desde la tribuna de San L\u00e1zaro tampoco le funciona y tal es el ardor del de Tepetit\u00e1n, que no se aguant\u00f3 y dijo que el rechazo a su reforma el\u00e9ctrica hab\u00eda sido un triunfo p\u00edrrico. \u00a1S\u00ed, c\u00f3mo no!<\/p>\n<p>*** Del modo m\u00e1s burdo, por las \u201cex benditas redes sociales\u201d, el secretario de Gobierno de la Ciudad de M\u00e9xico, <strong>Mart\u00ed Batres<\/strong>, circul\u00f3 su foto caminando por el primer cuadro en un supuesto cumplimiento de su deber, as\u00ed como antes las sac\u00f3 la jefa de Gobierno, Claudia Sheinbaum, sonriendo y diciendo que as\u00ed sale de las in\u00fatiles reuniones de Seguridad que para tomar caf\u00e9 se llevan a cabo en Palacio Nacional. Pues bien, resulta que el secretario de Relaciones Exteriores, Marcelo Ebrard, hizo ayer exactamente lo mismo con la leyenda \u201ctodos los d\u00edas acompa\u00f1o al presidente L\u00f3pez Obrador en su perseverante esfuerzo por la transformaci\u00f3n de M\u00e9xico. Gratitud a la vida por esta experiencia \u00fanica de participaci\u00f3n\u201d. Con eso de que al presidente le dio por jugar con sus \u201ccorcholatas\u201d y destap\u00f3 al secretario de Gobernaci\u00f3n, <strong>Ad\u00e1n Augusto L\u00f3pez<\/strong> para 2024, pues la dupla Ebrard-Sheinbaum se siente verdaderamente inc\u00f3moda y nerviosa.<\/p>\n<p>*** Luego de dos a\u00f1os de suspensi\u00f3n debido a la pandemia, <strong>Corporaci\u00f3n Caliente<\/strong> retomar\u00e1 la celebraci\u00f3n del <em>D\u00eda del Ni\u00f1o<\/em>. La novedad este a\u00f1o es que este a\u00f1o, el Instituto Mexicano del Seguro Social y la Secretar\u00eda de Salud de Baja California, se suman a la celebraci\u00f3n en aras de cuidar a la poblaci\u00f3n en general, pero de manera especial a los menores, por lo que en el Hip\u00f3dromo Caliente, se colocar\u00e1n m\u00f3dulos para la vacunaci\u00f3n de ni\u00f1os; tanto para aquellos que necesitan completar la cartilla, como de Covid para los mayores de 12 a\u00f1os Asimismo, habr\u00e1 m\u00f3dulos de atenci\u00f3n para los adultos en los que se podr\u00e1n realizar la prueba de glucosa, ex\u00e1menes de la vista y lentes sin costo; servicios m\u00e9dicos para toda la familia, aplicaci\u00f3n de fl\u00faor, medici\u00f3n de peso y talla, as\u00ed como un m\u00f3dulo de lactancia para las se\u00f1oras que necesiten amamantar a sus hijos.<\/p>\n<p><u><a href=\"mailto:morcora@gmail.com\" target=\"_blank\" rel=\"noopener noreferrer\"><em>morcora@gmail.com<\/em><\/a><\/u><\/p>\n","protected":false},"excerpt":{"rendered":"<p><span style=\"color: #005497;\"><strong>Adriana Moreno Cordero<\/strong><\/span><\/p>\n","protected":false},"author":3,"featured_media":0,"comment_status":"open","ping_status":"open","sticky":false,"template":"","format":"standard","meta":{"_monsterinsights_skip_tracking":false,"_monsterinsights_sitenote_active":false,"_monsterinsights_sitenote_note":"","_monsterinsights_sitenote_category":0,"footnotes":""},"categories":[69370],"tags":[69369,69368,43674],"class_list":["post-544704","post","type-post","status-publish","format-standard","hentry","category-adriana-moreno-cordero","tag-adriana-moreno-cordero","tag-la-retaguardia","tag-opinion"],"_links":{"self":[{"href":"https:\/\/www.diarioimagen.net\/index.php?rest_route=\/wp\/v2\/posts\/544704","targetHints":{"allow":["GET"]}}],"collection":[{"href":"https:\/\/www.diarioimagen.net\/index.php?rest_route=\/wp\/v2\/posts"}],"about":[{"href":"https:\/\/www.diarioimagen.net\/index.php?rest_route=\/wp\/v2\/types\/post"}],"author":[{"embeddable":true,"href":"https:\/\/www.diarioimagen.net\/index.php?rest_route=\/wp\/v2\/users\/3"}],"replies":[{"embeddable":true,"href":"https:\/\/www.diarioimagen.net\/index.php?rest_route=%2Fwp%2Fv2%2Fcomments&post=544704"}],"version-history":[{"count":0,"href":"https:\/\/www.diarioimagen.net\/index.php?rest_route=\/wp\/v2\/posts\/544704\/revisions"}],"wp:attachment":[{"href":"https:\/\/www.diarioimagen.net\/index.php?rest_route=%2Fwp%2Fv2%2Fmedia&parent=544704"}],"wp:term":[{"taxonomy":"category","embeddable":true,"href":"https:\/\/www.diarioimagen.net\/index.php?rest_route=%2Fwp%2Fv2%2Fcategories&post=544704"},{"taxonomy":"post_tag","embeddable":true,"href":"https:\/\/www.diarioimagen.net\/index.php?rest_route=%2Fwp%2Fv2%2Ftags&post=544704"}],"curies":[{"name":"wp","href":"https:\/\/api.w.org\/{rel}","templated":true}]}}