{"id":544710,"date":"2022-04-29T00:03:05","date_gmt":"2022-04-29T05:03:05","guid":{"rendered":"https:\/\/www.diarioimagen.net\/?p=544710"},"modified":"2022-04-29T02:48:43","modified_gmt":"2022-04-29T07:48:43","slug":"gertz-contra-mario-maldonado","status":"publish","type":"post","link":"https:\/\/www.diarioimagen.net\/?p=544710","title":{"rendered":"Gertz contra Mario Maldonado"},"content":{"rendered":"<h2>Centro..!<\/h2>\n<h5>Arturo R\u00edos Ruiz<\/h5>\n<p>&nbsp;<\/p>\n<ul>\n<li><strong><em>Otro periodista, a la lista<\/em><\/strong><\/li>\n<li><strong><em>El \u201cdelito\u201d, ganar la nota<\/em><\/strong><\/li>\n<\/ul>\n<p>&nbsp;<\/p>\n<p>La\u00a0Fiscal\u00eda General de la Rep\u00fablica investiga al columnista Mario Maldonado por la llamada filtrada entre Gertz Manero y Juan Ramos. El periodista se\u00f1al\u00f3 que la decisi\u00f3n de la FGR atenta contra la libertad de expresi\u00f3n, pues la grabaci\u00f3n era del dominio p\u00fablico.<\/p>\n<p>Hagamos un parang\u00f3n de este asunto recurriendo a la historia: El senador Belisario Dom\u00ednguez prepar\u00f3 un discurso que expondr\u00eda el\u00a023 de septiembre\u00a0de 1813 contra las tropel\u00edas de Victoriano Huerta, intent\u00f3 imprimirlo, pero ninguna imprenta se lo acept\u00f3.<\/p>\n<p>Fue Mar\u00eda Hern\u00e1ndez Zarco, nieta de Francisco Zarco, en la imprenta de Adolfo Montes de Oca, donde imprimi\u00f3 clandestinamente los discursos de Belisario Dom\u00ednguez y los distribuy\u00f3, el resultado fue la tortura y ejecuci\u00f3n del chiapaneco. Pocos reconocen el valor y apoyo de la dama al pr\u00f3cer.<\/p>\n<p>Aunque haya un abismo en la comparaci\u00f3n del caso, perm\u00edtanme hacer una analog\u00eda del mismo con lo que enfrenta hoy el colega Mario Maldonado con la Fiscal\u00eda General de la Rep\u00fablica, que indudablemente cuenta por el aval de YSQ.<\/p>\n<p>Puntualicemos: Los audios fueron revelados el jueves tres de marzo, en la plataforma de YouTube por un canal llamado \u201cPsicoan\u00e1lisis\u201d y a trav\u00e9s de sus redes sociales, Mario y la activista Nina \u201cR\u201d los replicaron, por ello el comunicador calific\u00f3 de inaudita la investigaci\u00f3n de la FGR.<\/p>\n<p>La dependencia de Gertz lo acusa, supuestamente, de haber filtrado la grabaci\u00f3n entre el fiscal y el subprocurador Juan Ramos.<\/p>\n<p>\u201cIncre\u00edble que se me intente acusar por haber publicado en Twitter una liga de YouTube de una conversaci\u00f3n entre Gertz y Ramos, que difundieron tambi\u00e9n la mayor\u00eda de los medios y que es de inter\u00e9s period\u00edstico\u201d, se\u00f1al\u00f3 en sus redes sociales. Se tipifica amenaza a libertad de expresi\u00f3n constitucional.<\/p>\n<p>Germ\u00e1n Castillo se\u00f1al\u00f3 en twitter que dicha grabaci\u00f3n, de Gertz con Juan Ramos, sali\u00f3 desde el propio sistema de Tel\u00e9fonos de M\u00e9xico, por lo que espera la colaboraci\u00f3n de Telmex para obtener toda la informaci\u00f3n posible, coment\u00f3 en entrevista con Ciro G\u00f3mez Leyva.<\/p>\n<p>\u201cHay un delito entre quien grab\u00f3 de manera ilegal la perturbadora llamada. El comunicador Mario \u201cN\u201d y la activista Nina \u201cR\u201d, que fueron los primeros en recircular el material, es decir, ganaron la nota y se convirti\u00f3 en una bomba.<\/p>\n<p>Algunos periodistas maltratados por AMLO son: Carlos Loret de Mola, Carmen Aristegui, Joaqu\u00edn L\u00f3pez D\u00f3riga, Ciro G\u00f3mez Leyva, Carlos Alazraki y Jorge Ramos<strong>.\u00a0<\/strong>Pero recordemos que, a su llegada en 2018, inici\u00f3 exhibiendo a 36 comunicadores que ten\u00edan contratos con Pe\u00f1a Nieto y marc\u00f3 su animadversi\u00f3n al gremio que la mantiene.<\/p>\n<p>La venganza, altera el funcionamiento del sistema inmunol\u00f3gico, lo que nos hace m\u00e1s vulnerables ante enfermedades y el odio, la rabia o el resentimiento son factores de riesgo para desarrollar posibles problemas cardiovasculares.\u00a0Nada mal le deseamos a nadie, es una definici\u00f3n de los que saben.<\/p>\n<p><em><a href=\"mailto:rrrart2000@hotmail.com\" target=\"_blank\" rel=\"noopener noreferrer\">rrrart2000@hotmail.com<\/a><\/em><\/p>\n","protected":false},"excerpt":{"rendered":"<p><span style=\"color: #005497;\"><strong>Arturo R\u00edos Ruiz<\/strong><\/span><\/p>\n","protected":false},"author":3,"featured_media":0,"comment_status":"open","ping_status":"open","sticky":false,"template":"","format":"standard","meta":{"_monsterinsights_skip_tracking":false,"_monsterinsights_sitenote_active":false,"_monsterinsights_sitenote_note":"","_monsterinsights_sitenote_category":0,"footnotes":""},"categories":[82265],"tags":[82266,10806,43674],"class_list":["post-544710","post","type-post","status-publish","format-standard","hentry","category-arturo-rios-ruiz","tag-arturo-rios-ruiz","tag-centro","tag-opinion"],"_links":{"self":[{"href":"https:\/\/www.diarioimagen.net\/index.php?rest_route=\/wp\/v2\/posts\/544710","targetHints":{"allow":["GET"]}}],"collection":[{"href":"https:\/\/www.diarioimagen.net\/index.php?rest_route=\/wp\/v2\/posts"}],"about":[{"href":"https:\/\/www.diarioimagen.net\/index.php?rest_route=\/wp\/v2\/types\/post"}],"author":[{"embeddable":true,"href":"https:\/\/www.diarioimagen.net\/index.php?rest_route=\/wp\/v2\/users\/3"}],"replies":[{"embeddable":true,"href":"https:\/\/www.diarioimagen.net\/index.php?rest_route=%2Fwp%2Fv2%2Fcomments&post=544710"}],"version-history":[{"count":0,"href":"https:\/\/www.diarioimagen.net\/index.php?rest_route=\/wp\/v2\/posts\/544710\/revisions"}],"wp:attachment":[{"href":"https:\/\/www.diarioimagen.net\/index.php?rest_route=%2Fwp%2Fv2%2Fmedia&parent=544710"}],"wp:term":[{"taxonomy":"category","embeddable":true,"href":"https:\/\/www.diarioimagen.net\/index.php?rest_route=%2Fwp%2Fv2%2Fcategories&post=544710"},{"taxonomy":"post_tag","embeddable":true,"href":"https:\/\/www.diarioimagen.net\/index.php?rest_route=%2Fwp%2Fv2%2Ftags&post=544710"}],"curies":[{"name":"wp","href":"https:\/\/api.w.org\/{rel}","templated":true}]}}