{"id":544820,"date":"2022-05-02T00:06:48","date_gmt":"2022-05-02T05:06:48","guid":{"rendered":"https:\/\/www.diarioimagen.net\/?p=544820"},"modified":"2022-05-03T00:34:09","modified_gmt":"2022-05-03T05:34:09","slug":"alumnos-uaemex-se-suman-como-agentes-de-la-carta-de-la-tierra-en-la-lucha-contra-el-cambio-climatico","status":"publish","type":"post","link":"https:\/\/www.diarioimagen.net\/?p=544820","title":{"rendered":"Alumnos UAEM\u00e9x se suman como agentes de la Carta de la Tierra, en la lucha contra el cambio clim\u00e1tico"},"content":{"rendered":"<p><em>\u00a0<\/em><\/p>\n<ul>\n<li><em>Un total de 25 alumnas y alumnos del plantel \u201cDr. \u00c1ngel Mar\u00eda Garibay K.\u201d fueron designados como agentes de la Carta de la Tierra, documento al que la Administraci\u00f3n 2021-2025 renov\u00f3 su participaci\u00f3n\u00a0 <\/em><\/li>\n<\/ul>\n<p><strong>\u00a0<\/strong><\/p>\n<div id=\"attachment_544921\" style=\"width: 470px\" class=\"wp-caption aligncenter\"><a href=\"https:\/\/www.diarioimagen.net\/?attachment_id=544921\" rel=\"attachment wp-att-544921\"><img loading=\"lazy\" decoding=\"async\" aria-describedby=\"caption-attachment-544921\" class=\"size-full wp-image-544921\" src=\"https:\/\/www.diarioimagen.net\/wp-content\/uploads\/2022\/05\/uaem.jpg\" alt=\"\" width=\"460\" height=\"270\" \/><\/a><p id=\"caption-attachment-544921\" class=\"wp-caption-text\">La secretaria de Docencia, Yolanda Ballesteros Sent\u00edes, destac\u00f3 que las generaciones j\u00f3venes han encabezado luchas globales a favor de los derechos humanos y la sustentabilidad.<\/p><\/div>\n<p>&nbsp;<\/p>\n<p><strong>Toluca, Estado de M\u00e9xico.\u2014<\/strong> Como representantes de una generaci\u00f3n que lucha contra el cambio clim\u00e1tico, 25 alumnas y alumnos del Plantel \u201cDr. \u00c1ngel Mar\u00eda Garibay Kintana de la Universidad Aut\u00f3noma del Estado de M\u00e9xico (UAEM\u00e9x), fueron designados como agentes de la Carta de la Tierra, documento al que la instituci\u00f3n renov\u00f3 su participaci\u00f3n con el compromiso de formar a la comunidad universitaria para el desarrollo sostenible.<\/p>\n<p>En las instalaciones de la Prepa 5, la secretaria de Docencia de la Aut\u00f3noma mexiquense, Yolanda Eugenia Ballesteros Sent\u00edes destac\u00f3 que las y los j\u00f3venes de bachillerato, que fueron formados en principios de organizaci\u00f3n, sustentabilidad y combate al cambio clim\u00e1tico, desarrollar\u00e1n tareas de sustentabilidad a favor del planeta, por lo que hizo un llamado a las juventudes a levantar la voz por las causas universales. \u201cPara la Universidad Aut\u00f3noma del Estado de M\u00e9xico, eventos donde las y los estudiantes de bachillerato tienen amplia participaci\u00f3n son de suma importancia\u201d destac\u00f3 la funcionaria universitaria, quien a\u00f1adi\u00f3 que en recientes a\u00f1os, las generaciones m\u00e1s j\u00f3venes han encabezado luchas globales en pro de los derechos humanos, el pacifismo y la sustentabilidad.<\/p>\n<p>Durante el arranque de la campa\u00f1a de acopio de envases y taparroscas que organiza la M\u00e1xima Casa de Estudios mexiquense, el director de Prepa 5, Miguel Francisco Guti\u00e9rrez S\u00e1nchez record\u00f3 el compromiso que asumi\u00f3 la UAEM\u00e9x con la Carta de la Tierra, firmada en 2019, por lo que este documento es un referente \u00e9tico para el desarrollo sustentable y una gu\u00eda de la Administraci\u00f3n 2021-2025.<\/p>\n<p>La carta de la Tierra es un documento con 16 principios que impulsa un movimiento global que contiene acciones encaminadas a construir una sociedad m\u00e1s justa, sostenible y pac\u00edfica en el siglo XXI; adem\u00e1s, brinda una visi\u00f3n de esperanza y hace un llamado a la acci\u00f3n.<\/p>\n<p>A manera de pre\u00e1mbulo, el texto se\u00f1ala que la humanidad debe crear una sociedad global con respeto hacia la naturaleza y apegada a los derechos humanos universales; asimismo,\u00a0 cuenta con cuatro pilares, respeto y cuidado de la comunidad de vida; integridad ecol\u00f3gica; justicia social y econ\u00f3mica; democracia, no violencia y paz.<\/p>\n<p>Respecto a la campa\u00f1a de acopio de envases y taparroscas de pl\u00e1stico -la cual busca promover una cultura ambiental entre la comunidad auriverde y reducir el impacto medioambiental- en la prepa 5 recibir\u00e1n el pl\u00e1stico los d\u00edas 3,4, 11 y 12 de mayo en un horario de 11:00 a 13:00\u00a0 horas y de 14:00 a 15:00 horas.<\/p>\n","protected":false},"excerpt":{"rendered":"<p>Como representantes de una generaci\u00f3n que lucha contra el cambio clim\u00e1tico, 25 alumnas y alumnos del Plantel \u201cDr. \u00c1ngel Mar\u00eda Garibay Kintana de la Universidad Aut\u00f3noma del Estado de M\u00e9xico (UAEM\u00e9x), fueron designados como agentes de la Carta de la Tierra, documento al que la instituci\u00f3n renov\u00f3 su participaci\u00f3n con el compromiso de formar a la comunidad universitaria para el desarrollo sostenible.\u00a0<\/p>\n","protected":false},"author":3,"featured_media":544921,"comment_status":"open","ping_status":"open","sticky":false,"template":"","format":"standard","meta":{"_monsterinsights_skip_tracking":false,"_monsterinsights_sitenote_active":false,"_monsterinsights_sitenote_note":"","_monsterinsights_sitenote_category":0,"footnotes":""},"categories":[5],"tags":[2096,93520,67878],"class_list":["post-544820","post","type-post","status-publish","format-standard","has-post-thumbnail","hentry","category-estado-de-mexico","tag-cambio-climatico","tag-carta-de-la-tierra","tag-uaemex"],"_links":{"self":[{"href":"https:\/\/www.diarioimagen.net\/index.php?rest_route=\/wp\/v2\/posts\/544820","targetHints":{"allow":["GET"]}}],"collection":[{"href":"https:\/\/www.diarioimagen.net\/index.php?rest_route=\/wp\/v2\/posts"}],"about":[{"href":"https:\/\/www.diarioimagen.net\/index.php?rest_route=\/wp\/v2\/types\/post"}],"author":[{"embeddable":true,"href":"https:\/\/www.diarioimagen.net\/index.php?rest_route=\/wp\/v2\/users\/3"}],"replies":[{"embeddable":true,"href":"https:\/\/www.diarioimagen.net\/index.php?rest_route=%2Fwp%2Fv2%2Fcomments&post=544820"}],"version-history":[{"count":0,"href":"https:\/\/www.diarioimagen.net\/index.php?rest_route=\/wp\/v2\/posts\/544820\/revisions"}],"wp:featuredmedia":[{"embeddable":true,"href":"https:\/\/www.diarioimagen.net\/index.php?rest_route=\/wp\/v2\/media\/544921"}],"wp:attachment":[{"href":"https:\/\/www.diarioimagen.net\/index.php?rest_route=%2Fwp%2Fv2%2Fmedia&parent=544820"}],"wp:term":[{"taxonomy":"category","embeddable":true,"href":"https:\/\/www.diarioimagen.net\/index.php?rest_route=%2Fwp%2Fv2%2Fcategories&post=544820"},{"taxonomy":"post_tag","embeddable":true,"href":"https:\/\/www.diarioimagen.net\/index.php?rest_route=%2Fwp%2Fv2%2Ftags&post=544820"}],"curies":[{"name":"wp","href":"https:\/\/api.w.org\/{rel}","templated":true}]}}