{"id":544853,"date":"2022-05-12T00:05:38","date_gmt":"2022-05-12T05:05:38","guid":{"rendered":"https:\/\/www.diarioimagen.net\/?p=544853"},"modified":"2022-05-13T05:44:21","modified_gmt":"2022-05-13T10:44:21","slug":"reforzara-emmanuel-macron-ayuda-militar","status":"publish","type":"post","link":"https:\/\/www.diarioimagen.net\/?p=544853","title":{"rendered":"Comienza la tercera temporada de teatro universitario en la UAEM\u00e9x"},"content":{"rendered":"<p><em>\u00a0<\/em><\/p>\n<ul>\n<li><strong><em>Del 12 de mayo al 29 de junio la Compa\u00f1\u00eda Universitaria de Teatro presentar\u00e1 siete diferentes puestas en escena que abordan tem\u00e1ticas de actualidad<\/em><\/strong><\/li>\n<\/ul>\n<p><strong>\u00a0<\/strong><\/p>\n<div id=\"attachment_546233\" style=\"width: 470px\" class=\"wp-caption aligncenter\"><img loading=\"lazy\" decoding=\"async\" aria-describedby=\"caption-attachment-546233\" class=\"size-full wp-image-546233\" src=\"https:\/\/www.diarioimagen.net\/wp-content\/uploads\/2022\/05\/uaem-7.jpg\" alt=\"\" width=\"460\" height=\"270\" \/><p id=\"caption-attachment-546233\" class=\"wp-caption-text\">Para conmemorar el Mes del Orgullo LGBTTTI+ se realizar\u00e1 un ciclo de teatro enfocado a visibilizar la diversidad sexual.<\/p><\/div>\n<p>&nbsp;<\/p>\n<p><strong>Toluca, Estado de M\u00e9xico.\u2014 <\/strong>La Compa\u00f1\u00eda Universitaria de Teatro (CUTUAEM) anunci\u00f3 su tercera temporada de funciones 2022, que se llevar\u00e1 a cabo del 12 de mayo al 29 de junio, en la cual se presentar\u00e1n siete nuevas puestas en escena, incluyendo la realizaci\u00f3n de un ciclo de teatro con propuestas para la comunidad LGBTTTI+.<\/p>\n<p>El director de la CUTUAEM, Juan Carlos Embriz Gonzaga, inform\u00f3 que tras la buena respuesta del auditorio durante la segunda temporada de teatro, en esta ocasi\u00f3n la comunidad universitaria y el p\u00fablico en general podr\u00e1n disfrutar de puestas en escena que abordan tem\u00e1ticas de actualidad como la pandemia de COVID-19, la violencia contra las mujeres, as\u00ed como la inclusi\u00f3n y la diversidad sexual.<\/p>\n<p>En este sentido, indic\u00f3 que durante junio, con motivo del mes del orgullo LGBTTTI+, cada mi\u00e9rcoles se presentar\u00e1 el \u201cCiclo de Teatro CUIR\u201d que tiene como objetivo visibilizar otras identidades y orientaciones sexuales desde la expresi\u00f3n art\u00edstica, pues se\u00f1al\u00f3 que como universitarios es necesario promover valores como la inclusi\u00f3n.<\/p>\n<p>Como parte de este ciclo, se presentar\u00e1n las obras \u201cDr\u00e1cula G\u201d, que retoma la figura creada por el novelista, Bram Stoker, convertida en un vampiro homosexual; el montaje \u201cSoy Alejandra, soy etiqueta, soy humano\u201d que aborda la discriminaci\u00f3n y violencia que viven las personas trans; \u201cMi vida toda\u201d que habla sobre el amor l\u00e9sbico y finalmente, \u201cTrinidad\u201d, puesta en escena basada en un crimen homof\u00f3bico cometido en Taxco, Guerrero en 2018.<\/p>\n<p>Embriz Gonz\u00e1ga detall\u00f3 que en esta temporada tambi\u00e9n se presentar\u00e1 la obra \u201c\u00bfQui\u00e9n es tu asesino?\u201d, escrita por la dramaturga Delfina Careaga, y que hace referencia a los feminicidios. En esta puesta en escena participan integrantes de la licenciatura en Artes Esc\u00e9nicas que oferta la Facultad de Humanidades de la Universidad Aut\u00f3noma del Estado de M\u00e9xico (UAEM\u00e9x), la cual ha funcionado como semillero de actores, actrices, dramaturgos y productores.<\/p>\n<p>La tercera temporada de teatro universitario arrancar\u00e1 con la obra \u201cMomo y los ladrones del tiempo\u201d, dirigida por Mariana \u00c1lvarez y est\u00e1 enfocada al p\u00fablico infantil donde se reflexiona sobre el valor del tiempo. Esta obra se presentar\u00e1 en el Teatro \u201cLos Jaguares\u201d los s\u00e1bados y domingos con un costo de 60 pesos entrada general y 30 pesos para ni\u00f1as y ni\u00f1os.<\/p>\n<p>Tambi\u00e9n se presentar\u00e1 \u201cAnt\u00edgona despu\u00e9s\u201d, la cual retoma el cl\u00e1sico de S\u00f3focles y cuyas funciones ser\u00e1n de jueves a s\u00e1bado a las 19:00 horas y los domingos a las 18:00 horas en el Teatro \u201cLos Jaguares\u201d.<\/p>\n<p>Todas las funciones se realizan tomando en cuenta el protocolo sanitario dispuesto por la M\u00e1xima Casa de Estudios mexiquense.<\/p>\n","protected":false},"excerpt":{"rendered":"<p>La Compa\u00f1\u00eda Universitaria de Teatro (CUTUAEM) anunci\u00f3 su tercera temporada de funciones 2022, que se llevar\u00e1 a cabo del 12 de mayo al 29 de junio, en la cual se presentar\u00e1n siete nuevas puestas en escena, incluyendo la realizaci\u00f3n de un ciclo de teatro con propuestas para la comunidad LGBTTTI+.<\/p>\n","protected":false},"author":3,"featured_media":546233,"comment_status":"open","ping_status":"open","sticky":false,"template":"","format":"standard","meta":{"_monsterinsights_skip_tracking":false,"_monsterinsights_sitenote_active":false,"_monsterinsights_sitenote_note":"","_monsterinsights_sitenote_category":0,"footnotes":""},"categories":[5],"tags":[94700,43675,452],"class_list":["post-544853","post","type-post","status-publish","format-standard","has-post-thumbnail","hentry","category-estado-de-mexico","tag-compania-universitaria-de-teatro","tag-estado-de-mexico","tag-toluca"],"_links":{"self":[{"href":"https:\/\/www.diarioimagen.net\/index.php?rest_route=\/wp\/v2\/posts\/544853","targetHints":{"allow":["GET"]}}],"collection":[{"href":"https:\/\/www.diarioimagen.net\/index.php?rest_route=\/wp\/v2\/posts"}],"about":[{"href":"https:\/\/www.diarioimagen.net\/index.php?rest_route=\/wp\/v2\/types\/post"}],"author":[{"embeddable":true,"href":"https:\/\/www.diarioimagen.net\/index.php?rest_route=\/wp\/v2\/users\/3"}],"replies":[{"embeddable":true,"href":"https:\/\/www.diarioimagen.net\/index.php?rest_route=%2Fwp%2Fv2%2Fcomments&post=544853"}],"version-history":[{"count":0,"href":"https:\/\/www.diarioimagen.net\/index.php?rest_route=\/wp\/v2\/posts\/544853\/revisions"}],"wp:featuredmedia":[{"embeddable":true,"href":"https:\/\/www.diarioimagen.net\/index.php?rest_route=\/wp\/v2\/media\/546233"}],"wp:attachment":[{"href":"https:\/\/www.diarioimagen.net\/index.php?rest_route=%2Fwp%2Fv2%2Fmedia&parent=544853"}],"wp:term":[{"taxonomy":"category","embeddable":true,"href":"https:\/\/www.diarioimagen.net\/index.php?rest_route=%2Fwp%2Fv2%2Fcategories&post=544853"},{"taxonomy":"post_tag","embeddable":true,"href":"https:\/\/www.diarioimagen.net\/index.php?rest_route=%2Fwp%2Fv2%2Ftags&post=544853"}],"curies":[{"name":"wp","href":"https:\/\/api.w.org\/{rel}","templated":true}]}}