{"id":544856,"date":"2022-05-02T00:00:49","date_gmt":"2022-05-02T05:00:49","guid":{"rendered":"https:\/\/www.diarioimagen.net\/?p=544856"},"modified":"2022-05-02T04:05:22","modified_gmt":"2022-05-02T09:05:22","slug":"premio-biblos-al-merito-2022-2","status":"publish","type":"post","link":"https:\/\/www.diarioimagen.net\/?p=544856","title":{"rendered":"Premio Biblos al M\u00e9rito 2022"},"content":{"rendered":"<h2>Hora 14<\/h2>\n<h5>Mauricio Conde Olivares<\/h5>\n<p>&nbsp;<\/p>\n<p>La maestra Jannette L. Clariond y el Dr. Jos\u00e9 Antonio Seade Kuri recibieron, el pasado jueves 28 de abril, en ceremonia de gala en el Centro Liban\u00e9s de la Ciudad de M\u00e9xico, el Premio Biblos al M\u00e9rito 2022, en las\u00a0\u00a0categor\u00edas de Humanidades y Ciencias,\u00a0\u00a0con lo que se distingue a los mexicanos de origen liban\u00e9s su aporte y conocimientos a las ciencias, las artes y las humanidades.<\/p>\n<p>El galard\u00f3n fue entregado por el Embajador del L\u00edbano en M\u00e9xico, Sami Nmeir; el presidente de la Asociaci\u00f3n Premio Biblos, maestro Alejandro Kuri Pheres; el presidente del Consejo Directivo del Centro Liban\u00e9s, Dr. Michel Chamlati Salem. Estuvo presente el coordinador de la Investigaci\u00f3n Cient\u00edfica de la UNAM, Dr. William Lee Alard\u00edn, quien acudi\u00f3 al evento en representaci\u00f3n del Rector de la Universidad Nacional Aut\u00f3noma de M\u00e9xico (UNAM),\u00a0\u00a0Dr. Enrique Graue Wiechers.<\/p>\n<p>En la ceremonia oficial de entrega del Premio Biblos al M\u00e9rito 2022 en el \u00e1rea de Humanidades lo recibi\u00f3 la poeta, escritora y editora, maestra Jeannette L. Clariond, quien afirm\u00f3 luego de recibir la medalla y el Premio Biblos que este ha sido uno de los d\u00edas m\u00e1s importantes de su vida.<\/p>\n<p>Por su parte, el Dr. Jos\u00e9 Antonio Seade Kuri, exdirector del Instituto de Matem\u00e1ticas, agradeci\u00f3 a la UNAM el haber aprendi\u00f3 amar los estudios y el conocimiento y por abrirle las puertas para que estudiara, y a la Asociaci\u00f3n Premio Biblos por el reconocimiento otorgado en el \u00e1rea de Ciencias.<\/p>\n<p>\u201cLa Universidad Nacional me acogi\u00f3 reci\u00e9n doctorado, me apoy\u00f3 y lo sigue haciendo en muchas formas. En la UNAM aprend\u00ed no solo Matem\u00e1ticas, sino a \u00a0mirar m\u00e1s hondo al desarrollo cient\u00edfico y del pa\u00eds; aprend\u00ed que la matem\u00e1tica es el coraz\u00f3n del pensamiento cient\u00edfico, tan necesario para el desarrollo tecnol\u00f3gico que tanta falta le hace \u00a0a nuestro pa\u00eds. Hoy en d\u00eda, hablar de un desarrollo social sin tener desarrollo tecnol\u00f3gico es una quimera\u201d, expres\u00f3 el galardonado.<\/p>\n<p>En su oportunidad el excelent\u00edsimo embajador de L\u00edbano en M\u00e9xico,\u00a0\u00a0Sami Nmeir destac\u00f3 que el galard\u00f3n se entrega desde hace 14 a\u00f1os para reconocer las contribuciones que los miembros de la comunidad mexicana de ascendencia libanesa han realizado para el bienestar y progreso de M\u00e9xico, y de la humanidad. \u201cMe siento muy honrado de ver c\u00f3mo esta comunidad se ha caracterizado por ser incluyente y sobresalir en todos los \u00e1mbitos. Sus contribuciones se muestran de manera clara y exitosa en muchos aspectos de la vida en M\u00e9xico\u201d, se\u00f1al\u00f3.<\/p>\n<p>A su vez, el maestro Alejandro Kuri Pheres, presidente de la Asociaci\u00f3n Premio Biblos al M\u00e9rito y quien coloc\u00f3 la medalla a los galardonados, afirm\u00f3 que la distinci\u00f3n busca rendir homenaje en vida a destacados miembros de la comunidad mexicana libanesa, con una trayectoria ejemplar y quienes han sobresalido en las ciencias, las artes y las humanidades. Adem\u00e1s, es muestra de gratitud con M\u00e9xico por haber recibido a sus antepasados.<\/p>\n<p>El presidente del Centro Liban\u00e9s, Dr. Michel Chamlati Salem, dijo que el Centro Libanes es la casa de todos y entreg\u00f3 el Premio Biblos al M\u00e9rito 2022 a la maestra Jannette L. Clariond en Humanidades, y al Dr. Jos\u00e9 Antonio Seade Kuri, en la categor\u00eda de Ciencias.<\/p>\n<p>En tanto, el representante personal del Rector de la UNAM, Dr. William Lee Alard\u00edn\u00a0\u00a0se refiri\u00f3 a la importancia de la migraci\u00f3n para el desarrollo de los pa\u00edses, pues siempre teje lazos m\u00e1s fuertes entre las personas y las naciones. Adem\u00e1s, el intercambio de bienes, ideas, conceptos es clave para el crecimiento social, as\u00ed como para enriquecer las l\u00edneas de investigaci\u00f3n y generar nuevos puntos de vista, en el \u00e1mbito acad\u00e9mico.<\/p>\n<p>En la ceremonia estuvieron el secretario Administrativo de la UNAM, Luis \u00c1lvarez Icaza Longoria; el investigador em\u00e9rito Carlos Mart\u00ednez Assad; y la profesora em\u00e9rita Nadima Sim\u00f3n Dom\u00ednguez. Tambi\u00e9n la secretaria de Educaci\u00f3n, Ciencia, Tecnolog\u00eda e\u00a0Innovaci\u00f3n del Gobierno capitalino, Rosaura Ruiz Guti\u00e9rrez; as\u00ed como directores de diversas entidades acad\u00e9micas de la Universidad.<\/p>\n<p>Por otra parte, le comento que ayer inici\u00f3 el d\u00eda en Canc\u00fan con la conmemoraci\u00f3n donde autoridades del Ayuntamiento de Benito Ju\u00e1rez realizaron el izamiento de bandera y ofrenda floral para conmemorar el D\u00eda del Trabajo, en el parque conocido como \u201cEl Crucero\u201d, en el centro de la ciudad.<\/p>\n<p>En la ceremonia, se enfatiz\u00f3 que la fecha recuerda la lucha de los trabajadores por un trato m\u00e1s justo y condiciones para desempe\u00f1ar sus labores, cuyos or\u00edgenes son a finales del Siglo XIX cuando se formaron sindicatos y movimientos obreros, a partir de la represi\u00f3n a la fuerza laboral en Chicago, Estados Unidos, el 1\u00b0 de mayo de 1886.<\/p>\n<p>Desde temprana hora, los invitados se dieron cita en la explanada del espacio p\u00fablico y atestiguaron el izamiento del L\u00e1baro Patrio, que estuvo a cargo de la escolta del H. Cuerpo de Bomberos, en tanto que la Banda de M\u00fasica del Ayuntamiento interpret\u00f3 el Himno Nacional Mexicano.<\/p>\n<p>Al t\u00e9rmino de ese acto, colocaron la ofrenda floral a los pies del asta bandera, en memoria de los m\u00e1rtires de esa lucha.<\/p>\n<p>Asistieron funcionarios del Gobierno del Estado, Secretar\u00eda de Educaci\u00f3n (SEQ) en la zona norte, as\u00ed como de la Secretar\u00eda Municipal de Seguridad P\u00fablica y Tr\u00e1nsito, y Secretar\u00eda de Desarrollo Social y Econ\u00f3mico; y la presidenta del comit\u00e9 de vigilancia de dicho parque, Ana Beatriz P\u00e9rez Ayala.<\/p>\n<p>M\u00e1s tarde, en el sal\u00f3n Constelaci\u00f3n de conocido hotel de Canc\u00fan, literalmente en un Penthouse desde d\u00f3nde se apreci\u00f3 en todo su esplendor el litoral de esta bell\u00edsima parte del Caribe Mexicano, se llev\u00f3 a cabo la ceremonia de los tres poderes del estado y de los tres niveles de gobierno en conjunto con l\u00edderes de las c\u00e1maras empresariales y de las centrales obreras, recordando a los m\u00e1rtires de Chicago.<\/p>\n<p>Ah\u00ed, El presidente del Consejo Coordinador Empresarial del Caribe (CCE), Iv\u00e1n Ferrat, Mancera, resalt\u00f3 que dicho encuentro fue para recordar la lucha de los trabajadores por los derechos laborales en la b\u00fasqueda de mejores condiciones de vida.<\/p>\n<p>Subray\u00f3 que se debe mantener el compromiso de cimentar una pol\u00edtica que fortalezca a los colaboradores y sus familias para que tengan lo necesario como oportunidades de estudio de calidad, para garantizar el crecimiento que se necesita en Benito Ju\u00e1rez y Quintana Roo.<\/p>\n<p>Personal de la Secretar\u00eda del Trabajo y Previsi\u00f3n Social de Quintana Roo hizo una remembranza de la reactivaci\u00f3n econ\u00f3mica que ha tenido la entidad desde el inicio de la pandemia en 2020 as\u00ed como datos comparativos de los rubros econ\u00f3micos m\u00e1s destacados.<\/p>\n<p>Puntualizaron que Quintana Roo ocupa los primeros lugares a nivel nacional en materia de recuperaci\u00f3n de empleo, ya que de enero del 2021 a marzo del 2022, se han reestablecido 80 mil 040 fuentes formales, lo que representa un 83 por ciento en esa materia.<\/p>\n<p>Tambi\u00e9n Quintana Roo ocupa el primer lugar nacional en patrones afiliados al Instituto Mexicano del Seguro Social (IMSS) con el 14.82 por ciento al corte del pasado marzo,\u00a0\u00a0muy por encima de la media nacional.<\/p>\n<p>Subrayaron la importancia de trabajar hacia una nueva cultura laboral y buscar alternativas para solucionar las demandas, ya que el proceso de conciliaci\u00f3n pas\u00f3 a solo 45 d\u00edas y el juicio laboral federal se estima en cuatro meses de duraci\u00f3n.\u00a0\u00a0 Agregaron que Quintana Roo ocupa el quinto lugar nacional con 93 por ciento de los asuntos concluidos y conciliados.<\/p>\n<p>Representantes y secretarios de la Confederaci\u00f3n Revolucionaria de Obreros y Campesinos (CROC) y la Confederaci\u00f3n Aut\u00f3noma de Trabajadores y Empleados de M\u00e9xico (CATEM) manifestaron igual su postura sobre la conmemoraci\u00f3n, destacando el reconocimiento a los patrones que conservaron la fuerza laboral durante la pandemia y la labor permanente hacia la certificaci\u00f3n de competencias laborales as\u00ed como la capacitaci\u00f3n permanente a los colaboradores.<\/p>\n<p>Por \u00faltimo, le informo que ahora que se conmemor\u00f3 el D\u00eda del Trabajo, resulta que Quintana Roo tiene estad\u00edsticamente varios primeros lugares:<\/p>\n<p>Primer lugar a nivel nacional en recuperaci\u00f3n de empleo con 80,040 fuentes formales de empleo recuperadas de enero del 2021 a marzo del 2022, es decir, un 83 por ciento de recuperaci\u00f3n:<\/p>\n<p>Primer lugar nacional en patrones afiliados al Instituto Mexicano del Seguro Social (IMSS), que es un 14.82 por ciento al corte del pasado marzo, encima de la media nacional 5.50 por ciento.<\/p>\n<p>Veamos otros rubros, 37 por ciento de incremento de habitaciones de hotel de septiembre 2016 a febrero de 2022; 33,123 habitaciones nuevas; 89,956 cuartos de hotel en septiembre de 2016; 123,079 cuartos de hotel en febrero de 2022;\u00a0\u00a0553,855 empleos formales fueron generados; Incremento hist\u00f3rico en 34 a\u00f1os del 22 por ciento del salario m\u00ednimo de 141.70 pesos pas\u00f3 a 172.87 por ciento el salario m\u00ednimo general aplicado en Quintana Roo; empero, lo anterior ser\u00e1 motivo de otro an\u00e1lisis en posterior entrega de <strong><em>Hora 14<\/em><\/strong>.<\/p>\n<p><em><a href=\"mailto:%20mauricio_conde@msn.com\" target=\"_blank\" rel=\"noopener noreferrer\">mauricioconde59@outlook.com<\/a><\/em><br \/>\n<em><a href=\"https:\/\/twitter.com\/mauconde\" target=\"_blank\" rel=\"noopener noreferrer\">@mauconde<\/a> <\/em><br \/>\n<em><a href=\"https:\/\/mauriciocondeblog.wordpress.com\" target=\"_blank\" rel=\"noopener noreferrer\">https:\/\/mauriciocondeblog.wordpress.com<\/a><\/em><\/p>\n","protected":false},"excerpt":{"rendered":"<p><span style=\"color: #005497;\"><strong>Mauricio Conde Olivares<\/strong><\/span><\/p>\n","protected":false},"author":3,"featured_media":0,"comment_status":"open","ping_status":"open","sticky":false,"template":"","format":"standard","meta":{"_monsterinsights_skip_tracking":false,"_monsterinsights_sitenote_active":false,"_monsterinsights_sitenote_note":"","_monsterinsights_sitenote_category":0,"footnotes":""},"categories":[35889],"tags":[43712,43674,44860],"class_list":["post-544856","post","type-post","status-publish","format-standard","hentry","category-mauricio-conde-olivares","tag-mauricio-conde-olivares","tag-opinion","tag-hora-14"],"_links":{"self":[{"href":"https:\/\/www.diarioimagen.net\/index.php?rest_route=\/wp\/v2\/posts\/544856","targetHints":{"allow":["GET"]}}],"collection":[{"href":"https:\/\/www.diarioimagen.net\/index.php?rest_route=\/wp\/v2\/posts"}],"about":[{"href":"https:\/\/www.diarioimagen.net\/index.php?rest_route=\/wp\/v2\/types\/post"}],"author":[{"embeddable":true,"href":"https:\/\/www.diarioimagen.net\/index.php?rest_route=\/wp\/v2\/users\/3"}],"replies":[{"embeddable":true,"href":"https:\/\/www.diarioimagen.net\/index.php?rest_route=%2Fwp%2Fv2%2Fcomments&post=544856"}],"version-history":[{"count":0,"href":"https:\/\/www.diarioimagen.net\/index.php?rest_route=\/wp\/v2\/posts\/544856\/revisions"}],"wp:attachment":[{"href":"https:\/\/www.diarioimagen.net\/index.php?rest_route=%2Fwp%2Fv2%2Fmedia&parent=544856"}],"wp:term":[{"taxonomy":"category","embeddable":true,"href":"https:\/\/www.diarioimagen.net\/index.php?rest_route=%2Fwp%2Fv2%2Fcategories&post=544856"},{"taxonomy":"post_tag","embeddable":true,"href":"https:\/\/www.diarioimagen.net\/index.php?rest_route=%2Fwp%2Fv2%2Ftags&post=544856"}],"curies":[{"name":"wp","href":"https:\/\/api.w.org\/{rel}","templated":true}]}}