{"id":544867,"date":"2022-05-02T00:01:02","date_gmt":"2022-05-02T05:01:02","guid":{"rendered":"https:\/\/www.diarioimagen.net\/?p=544867"},"modified":"2022-05-02T05:24:18","modified_gmt":"2022-05-02T10:24:18","slug":"ni-el-congreso-ni-el-senado-estan-bajo-el-yugo-de-nadie-afirma-horacio-jimenez-lopez","status":"publish","type":"post","link":"https:\/\/www.diarioimagen.net\/?p=544867","title":{"rendered":"Ni el Congreso ni el Senado est\u00e1n bajo el yugo de nadie, afirma Horacio Jim\u00e9nez L\u00f3pez"},"content":{"rendered":"<p>&nbsp;<\/p>\n<ul>\n<li><strong><em>\u201cEl l\u00edder morenista, Mario Delgado, le fall\u00f3 a Morena\u201d<\/em><\/strong><\/li>\n<\/ul>\n<p>&nbsp;<\/p>\n<h6>Arturo Baena<\/h6>\n<p>&nbsp;<\/p>\n<div id=\"attachment_544970\" style=\"width: 470px\" class=\"wp-caption aligncenter\"><a href=\"https:\/\/www.diarioimagen.net\/?attachment_id=544970\" rel=\"attachment wp-att-544970\"><img loading=\"lazy\" decoding=\"async\" aria-describedby=\"caption-attachment-544970\" class=\"size-full wp-image-544970\" src=\"https:\/\/www.diarioimagen.net\/wp-content\/uploads\/2022\/05\/valle.jpg\" alt=\"\" width=\"460\" height=\"270\" \/><\/a><p id=\"caption-attachment-544970\" class=\"wp-caption-text\">Horacio Jim\u00e9nez afirma lo que le hace falta a Morena no son aduladores, sino gente capaz, leal y con iniciativa.<\/p><\/div>\n<p>&nbsp;<\/p>\n<p><strong>Valle de M\u00e9xico.\u2014<\/strong> El Congreso y el Senado no est\u00e1n no est\u00e1n bajo el yugo de nadie y mucho menos bajo las \u00f3rdenes de Mario Delgado ni de sus incondicionales, como Sergio Guti\u00e9rrez, quienes han ocasionado que a Morena se le vea \u00a0como a un partido que le est\u00e1 fallando a su creador y a todo M\u00e9xico, al llamar \u201ctraidores a la patria\u201d a los legisladores de este pa\u00eds.<\/p>\n<p>Afirm\u00f3 lo anterior el polit\u00f3logo, Horacio Jim\u00e9nez L\u00f3pez, al tiempo de destacar que \u201cel INE ya orden\u00f3 al a\u00fan dirigente nacional \u00a0de ese instituto pol\u00edtico, frenar la campa\u00f1a de desprestigio contra diputados de oposici\u00f3n. Es obvio que Mario Delgado, desconoce la Constituci\u00f3n Pol\u00edtica de los Estados Unidos Mexicanos. Es un ne\u00f3fito en la materia, que ha da\u00f1ado al Jefe del Ejecutivo y su 4T\u201d, dijo.<\/p>\n<p>El tambi\u00e9n ex diputado y ex secretario del ayuntamiento de Naucalpan, afirm\u00f3 que \u201cpor fortuna ya faltan pocos meses para que se entregue una mesa directiva mediocre y la peor en 18 a\u00f1os, en \u00a0donde se pas\u00f3 , sin pena ni gloria. No es a trav\u00e9s de amiguismos o lambizconerias como se llega a ese tipo de posiciones pol\u00edticas\u201d abund\u00f3.<\/p>\n<p>El tambi\u00e9n ex representante ante el IEEM, record\u00f3 qu\u00e9 \u201ctengo entendido que la militancia de ese partido est\u00e1 pidiendo su renuncia (de Mario Delgado) por los malos resultados de sus \u00faltimas encuestas y por utilizar a Morena con fines meramente personales, pero ello, corresponde a su Consejo Pol\u00edtico, que la situaci\u00f3n cambie al interior y exterior, est\u00e1 en sus manos y de nadie m\u00e1s\u201d, puntualiz\u00f3.<\/p>\n<p>Jim\u00e9nez L\u00f3pez, destac\u00f3 que, por ejemplo, por la \u00a0adulaci\u00f3n Sergio Guti\u00e9rrez,\u00a0se ha mantenido en el cargo, pues por inteligencia o iniciativa, \u00a0ha dejado mucho que desear .<\/p>\n<p>El pol\u00edtico mexiquense, asegur\u00f3 que \u201clos malos resultados de Mario Delgado y sus incondicionales como son,\u00a0 Sergio Guti\u00e9rrez \u00a0e Ignacio Mier, han sido mal\u00edsimos, \u00a0ya es muy raro que a\u00fan contin\u00faen en sus puestos. Pareciera una estrategia para derrumbar a Morena \u201c, destac\u00f3.<\/p>\n<p>Finalmente, el pol\u00edtico mexiquense agreg\u00f3 que, \u201cdesde mi punto de vista, \u00a0es imposible el no darse cuenta de la ineptitud de estos \u00a0personajes ya muy quemados a nivel nacional. Gente como ellos sobran, \u00a0lo que le hace falta a Morena no son aduladores, sino gente capaz,\u00a0leal y con iniciativa\u201d, concluy\u00f3.<\/p>\n","protected":false},"excerpt":{"rendered":"<p>El Congreso y el Senado no est\u00e1n no est\u00e1n bajo el yugo de nadie y mucho menos bajo las \u00f3rdenes de Mario Delgado ni de sus incondicionales, como Sergio Guti\u00e9rrez, quienes han ocasionado que a Morena se le vea \u00a0como a un partido que le est\u00e1 fallando a su creador y a todo M\u00e9xico, al llamar \u201ctraidores a la patria\u201d a los legisladores de este pa\u00eds.<\/p>\n","protected":false},"author":3,"featured_media":544970,"comment_status":"open","ping_status":"open","sticky":false,"template":"","format":"standard","meta":{"_monsterinsights_skip_tracking":false,"_monsterinsights_sitenote_active":false,"_monsterinsights_sitenote_note":"","_monsterinsights_sitenote_category":0,"footnotes":""},"categories":[5],"tags":[406,95351,29347,1409],"class_list":["post-544867","post","type-post","status-publish","format-standard","has-post-thumbnail","hentry","category-estado-de-mexico","tag-congreso","tag-horacio-jimenez-lopez","tag-ine","tag-senado"],"_links":{"self":[{"href":"https:\/\/www.diarioimagen.net\/index.php?rest_route=\/wp\/v2\/posts\/544867","targetHints":{"allow":["GET"]}}],"collection":[{"href":"https:\/\/www.diarioimagen.net\/index.php?rest_route=\/wp\/v2\/posts"}],"about":[{"href":"https:\/\/www.diarioimagen.net\/index.php?rest_route=\/wp\/v2\/types\/post"}],"author":[{"embeddable":true,"href":"https:\/\/www.diarioimagen.net\/index.php?rest_route=\/wp\/v2\/users\/3"}],"replies":[{"embeddable":true,"href":"https:\/\/www.diarioimagen.net\/index.php?rest_route=%2Fwp%2Fv2%2Fcomments&post=544867"}],"version-history":[{"count":0,"href":"https:\/\/www.diarioimagen.net\/index.php?rest_route=\/wp\/v2\/posts\/544867\/revisions"}],"wp:featuredmedia":[{"embeddable":true,"href":"https:\/\/www.diarioimagen.net\/index.php?rest_route=\/wp\/v2\/media\/544970"}],"wp:attachment":[{"href":"https:\/\/www.diarioimagen.net\/index.php?rest_route=%2Fwp%2Fv2%2Fmedia&parent=544867"}],"wp:term":[{"taxonomy":"category","embeddable":true,"href":"https:\/\/www.diarioimagen.net\/index.php?rest_route=%2Fwp%2Fv2%2Fcategories&post=544867"},{"taxonomy":"post_tag","embeddable":true,"href":"https:\/\/www.diarioimagen.net\/index.php?rest_route=%2Fwp%2Fv2%2Ftags&post=544867"}],"curies":[{"name":"wp","href":"https:\/\/api.w.org\/{rel}","templated":true}]}}