{"id":544869,"date":"2022-05-02T00:03:10","date_gmt":"2022-05-02T05:03:10","guid":{"rendered":"https:\/\/www.diarioimagen.net\/?p=544869"},"modified":"2022-05-02T05:22:08","modified_gmt":"2022-05-02T10:22:08","slug":"no-hay-que-olvidar-necesidades-de-las-ninas-y-ninos-lideresa-tere-rojas","status":"publish","type":"post","link":"https:\/\/www.diarioimagen.net\/?p=544869","title":{"rendered":"No hay que olvidar necesidades de las ni\u00f1as y ni\u00f1os: lideresa Tere Rojas"},"content":{"rendered":"<p>&nbsp;<\/p>\n<p><a href=\"https:\/\/www.diarioimagen.net\/?attachment_id=544964\" rel=\"attachment wp-att-544964\"><img loading=\"lazy\" decoding=\"async\" class=\"aligncenter size-full wp-image-544964\" src=\"https:\/\/www.diarioimagen.net\/wp-content\/uploads\/2022\/05\/naucalpan.jpg\" alt=\"\" width=\"460\" height=\"270\" \/><\/a><\/p>\n<p>&nbsp;<\/p>\n<p><strong>Naucalpan, Estado de M\u00e9xico.\u2014 <\/strong>Las ni\u00f1as y los ni\u00f1os no s\u00f3lo son el futuro de M\u00e9xico, son el presente, motivo por el cual se les deben de dar todas las garant\u00edas y facilidades para su sano crecimiento,\u00a0 que les permita que el d\u00eda de ma\u00f1ana sean hombres de provecho, comprometidos con el desarrollo no s\u00f3lo de Naucalpan sino del Estado de M\u00e9xico.<\/p>\n<p>Asegur\u00f3 lo anterior, Tere Rojas, l\u00edder social y dirigente de la Asociaci\u00f3n Civil, \u201cSuma T Mujer\u201d,\u00a0 luego de entregar diversos regalos al\u00a0 llevar payasos y magos a peque\u00f1os en el colegio \u201cGuillermo Prieto\u201d de esta localidad,\u00a0 a quienes exhort\u00f3 a seguir esforz\u00e1ndose en el estudio.<\/p>\n","protected":false},"excerpt":{"rendered":"<p>Las ni\u00f1as y los ni\u00f1os no s\u00f3lo son el\u00a0futuro de M\u00e9xico, son el\u00a0presente, motivo por el cual se les deben de dar todas las garant\u00edas y facilidades para su sano crecimiento,\u00a0 que les permita que el d\u00eda de ma\u00f1ana sean hombres de provecho, comprometidos con el desarrollo no s\u00f3lo de Naucalpan sino del Estado de M\u00e9xico.<\/p>\n","protected":false},"author":3,"featured_media":544964,"comment_status":"open","ping_status":"open","sticky":false,"template":"","format":"standard","meta":{"_monsterinsights_skip_tracking":false,"_monsterinsights_sitenote_active":false,"_monsterinsights_sitenote_note":"","_monsterinsights_sitenote_category":0,"footnotes":""},"categories":[5],"tags":[86728,43675,970,95352],"class_list":["post-544869","post","type-post","status-publish","format-standard","has-post-thumbnail","hentry","category-estado-de-mexico","tag-asociacion-civil","tag-estado-de-mexico","tag-naucalpan","tag-suma-t-mujer"],"_links":{"self":[{"href":"https:\/\/www.diarioimagen.net\/index.php?rest_route=\/wp\/v2\/posts\/544869","targetHints":{"allow":["GET"]}}],"collection":[{"href":"https:\/\/www.diarioimagen.net\/index.php?rest_route=\/wp\/v2\/posts"}],"about":[{"href":"https:\/\/www.diarioimagen.net\/index.php?rest_route=\/wp\/v2\/types\/post"}],"author":[{"embeddable":true,"href":"https:\/\/www.diarioimagen.net\/index.php?rest_route=\/wp\/v2\/users\/3"}],"replies":[{"embeddable":true,"href":"https:\/\/www.diarioimagen.net\/index.php?rest_route=%2Fwp%2Fv2%2Fcomments&post=544869"}],"version-history":[{"count":0,"href":"https:\/\/www.diarioimagen.net\/index.php?rest_route=\/wp\/v2\/posts\/544869\/revisions"}],"wp:featuredmedia":[{"embeddable":true,"href":"https:\/\/www.diarioimagen.net\/index.php?rest_route=\/wp\/v2\/media\/544964"}],"wp:attachment":[{"href":"https:\/\/www.diarioimagen.net\/index.php?rest_route=%2Fwp%2Fv2%2Fmedia&parent=544869"}],"wp:term":[{"taxonomy":"category","embeddable":true,"href":"https:\/\/www.diarioimagen.net\/index.php?rest_route=%2Fwp%2Fv2%2Fcategories&post=544869"},{"taxonomy":"post_tag","embeddable":true,"href":"https:\/\/www.diarioimagen.net\/index.php?rest_route=%2Fwp%2Fv2%2Ftags&post=544869"}],"curies":[{"name":"wp","href":"https:\/\/api.w.org\/{rel}","templated":true}]}}