{"id":544873,"date":"2022-05-02T00:02:09","date_gmt":"2022-05-02T05:02:09","guid":{"rendered":"https:\/\/www.diarioimagen.net\/?p=544873"},"modified":"2022-05-02T03:35:59","modified_gmt":"2022-05-02T08:35:59","slug":"dia-del-trabajo-de-san-benito-a-madero","status":"publish","type":"post","link":"https:\/\/www.diarioimagen.net\/?p=544873","title":{"rendered":"D\u00eda del Trabajo, de San Benito a Madero"},"content":{"rendered":"<h2>La Retaguardia<\/h2>\n<h5>Adriana Moreno Cordero<\/h5>\n<p>&nbsp;<\/p>\n<ul>\n<li><strong><em>A Marcelo Ebrard lo arengan y a Ad\u00e1n Augusto lo abuchean<\/em><\/strong><\/li>\n<\/ul>\n<p>&nbsp;<\/p>\n<p>De San Benito a Francisco I. Madero, as\u00ed fue la visita del presidente <strong>Andr\u00e9s Manuel L\u00f3pez Obrador<\/strong> a la Refiner\u00eda de Dos Bocas, en Para\u00edso, Tabasco, para celebrar el D\u00eda del Trabajo, en donde dio una c\u00e1tedra de beisbol \u2014su deporte favorito y al cual le destina grandes recursos sin importarle nada m\u00e1s\u2014 y asegur\u00f3, sin decir el nombre de su partido, Morena, porque \u00e9l es el due\u00f1o, que seguir\u00e1 ganando jugadas (electorales) por paliza. \u00bfSer\u00e1?, ya se ver\u00e1 como una antesala a 2024, por lo menos en las seis elecciones estatales de este a\u00f1o.<\/p>\n<p>Adem\u00e1s, el tabasque\u00f1o \u201cdisert\u00f3\u201d sobre que San Benito dec\u00eda que hab\u00eda que dedicar 8 horas para el descanso, ocho para pensar y otras ocho para estar activos, pero \u00e9l ya no necesita el periodo para pensar porque se supone -ojo- que ya sabe qu\u00e9 es lo que tiene que hacer, de tal suerte, le quedan esas ocho horas para sumarlas a las destinadas al trabajo, que dan un resultado de 16 horas, porque \u00e9l siempre ha trabajado el doble, pero esto es totalmente falso porque el de Tepetit\u00e1n vivi\u00f3 qui\u00e9n sabe de qu\u00e9 durante sus 18 a\u00f1os de candidato y en eso que ya sabe lo que tiene qu\u00e9 hacer con el destino del pa\u00eds, pues hay muchas dudas porque M\u00e9xico est\u00e1 vuelto un caos; tratando de ocultar d\u00eda a d\u00eda sus dislates y erradas pol\u00edticas y como prueba est\u00e1 el tema de las vacunas contra Covid-19 que gracias a su ineptitud y negligencia as\u00ed como a la de su flamante c\u00edrculo cercano, caducaron.<\/p>\n<p>Acto seguido, L\u00f3pez Obrador interpuso como consigna, \u201cno a la reelecci\u00f3n, porque hay que seguir la m\u00e1xima del Ap\u00f3stol de la Democracia, Francisco I. Madero\u201d y agreg\u00f3 que en 2024 habr\u00e1 un relevo generacional (\u00bfser\u00e1 que su estado de salud no le permite m\u00e1s?) porque, dijo, contar con suficientes \u201cpitchers\u201d que aspiran a esa posici\u00f3n.<\/p>\n<p>Ahora ya no los llam\u00f3 \u201ccorcholatas\u201d y por cierto, all\u00e1 en Tabasco lo acompa\u00f1\u00f3 un gris secretario de Gobernaci\u00f3n, <strong>Ad\u00e1n Augusto L\u00f3pez<\/strong>, que por cierto, seg\u00fan algunos videos filtrados, se llev\u00f3 tremendo abucheo por parte de sus paisanos, al igual que el silente director de Pemex, <strong>Octavio Romero<\/strong> .<\/p>\n<p>La gran ausencia muy comentada por aquellos lares, fue la de la jefa de Gobierno de la Ciudad de M\u00e9xico, <strong>Claudia Sheinbaum<\/strong>, a la que por cierto, todav\u00eda no se le quitaba la cara de espanto por la jitomatiza que le propinaron el s\u00e1bado en la alcald\u00eda de Coyoac\u00e1n, de donde tuvo que salir \u201cpor cuerdas\u201d.<\/p>\n<p>Esta situaci\u00f3n resulta muy peligrosa para la jefa del gobierno capitalino, ya que ma\u00f1ana se cumplir\u00e1 el primer aniversario de la tremenda tragedia en las estaciones Olivos-Tezonco de la otrora famosa L\u00ednea Dorada del Sistema de Transporte Colectivo, Metro y que cobr\u00f3 la vida de 26 personas y varios de los familiares, siguen en la demanda de justicia, no de que les den dinero as\u00ed como para taparles la boca.<\/p>\n<p>Lo que s\u00ed pudo corroborarse, es que los miles de trabajadores de Dos Bocas que se congregaron a escuchar el discurso presidencial, cumplieron a cabalidad con su labor; estuvieron puntuales \u2014fueron convocados desde las 5 de la ma\u00f1ana\u2014 y le aplaudieron mucho al inquilino de Palacio Nacional. No en balde -seg\u00fan se sabe- les ofrecieron pagarles al doble el d\u00eda por ser festivo.<\/p>\n<p>Pero no todos los trabajadores tuvieron la misma suerte que los de Dos Bocas. En la Ciudad de M\u00e9xico, en pleno Z\u00f3calo capitalino, se registraron varias manifestaciones. Especialmente llama la atenci\u00f3n la de los antiguos aliados de L\u00f3pez Obrador, la Coordinadora Nacional de Trabajadores de la Educaci\u00f3n, espec\u00edficamente la Secci\u00f3n 9. Su secretario general, Pedro Hern\u00e1ndez Morales, consider\u00f3 que el gobierno lopezobradorista mantiene el mismo sistema de explotaci\u00f3n de otros a\u00f1os. Se\u00f1al\u00f3 que, \u201cen lo fundamental sigue existiendo como continuidad de las estructuras de dominaci\u00f3n y explotaci\u00f3n, de manera servil entrega el pa\u00eds al dominio imperialista, principalmente estadounidense, ofreciendo a los migrantes mexicanos y centroamericanos como mano de obra barata\u201d.<\/p>\n<p>Si bien es cierto que esta errada y llamada Cuarta Transformaci\u00f3n emula en todo al r\u00e9gimen priista de la d\u00e9cada de los setenta, tambi\u00e9n en sus estructuras sindicalistas, tampoco se puede soslayar que a las manifestaciones del Z\u00f3calo asistieron verdaderos \u201cdinosaurios\u201d sindicales como el eterno l\u00edder del sindicato de telefonistas, <strong>Francisco Hern\u00e1ndez Ju\u00e1rez<\/strong> que se nota que vot\u00f3 por el de Tepetit\u00e1n y ayer se quej\u00f3 amargamente preguntando: \u00bfy qu\u00e9 ha pasado, d\u00f3nde est\u00e1 el cambio?<\/p>\n<p style=\"text-align: center;\"><strong>Municiones<\/strong><\/p>\n<p>*** Pero m\u00e1s de un motivo tiene la jefa de Gobierno de la CDMX, Claudia Sheinbaum, para estar preocupada porque le fue \u201ccomo en feria\u201d en la alcald\u00eda de Coyoac\u00e1n y ayer trat\u00f3 medio de componer el rid\u00edculo, presentando un programa para ni\u00f1os denominado \u201cTurismo del Bienestar\u201d. En contraste otro de los aspirantes a 2024, el secretario de Relaciones Exteriores, <strong>Marcelo Ebrard<\/strong>, primero se aperson\u00f3 en Monterrey, con su esposa, <strong>Rosalinda Bueso<\/strong>, place\u00e1ndose por la nueva oficina de expedici\u00f3n de pasaportes, l\u00fadica, dirigida a los ni\u00f1os y las ni\u00f1as y luego, cuando estuvo dando su apoyo al candidato de la campa\u00f1a de Morena al gobierno de Hidalgo<strong>, Julio Menchaca<\/strong>, los asistentes le corearon \u201c\u00a1Marcelo, Presidente!\u201d y en todo caso, \u00bfqu\u00e9 diferencia hizo con el destape que hiciera la semana pasada L\u00f3pez Obrador de su flamante y carism\u00e1tico secretario de Gobernaci\u00f3n, Ad\u00e1n Augusto L\u00f3pez? Adem\u00e1s, el canciller estar\u00e1 hoy en Washington por instrucciones presidenciales para ver lo referente a la Cumbre de los 20.<\/p>\n<p>*** Y resulta que al presidente de la Junta de Coordinaci\u00f3n Pol\u00edtica del Senado de la Rep\u00fablica, <strong>Ricardo Monreal Avila<\/strong>, le preguntaron, en ocasi\u00f3n del D\u00eda del Ni\u00f1o, a qu\u00e9 aspiraba cuando era infante y \u00e9l respondi\u00f3 \u201cser Presidente\u201d. Este autodestape se suma a otro que hizo el senador zacatecano la semana pasada. Lo que no dej\u00f3 de llamar la atenci\u00f3n es que respecto a la otra controvertida reforma presentada por L\u00f3pez Obrador, la electoral, respecto a la cual, el Bloque Opositor asegur\u00f3 que no va a pasar, el senador Monreal dijo tener confianza en lo contrario: \u201cHay que mejorar la comunicaci\u00f3n. Yo estoy seguro que se puede mejorar y podemos hacer las cosas bien; pero eso es para los pr\u00f3ximos d\u00edas\u201d. \u00bfSer\u00e1?<\/p>\n<p>*** Tras una pausa de dos a\u00f1os derivada de la pandemia, ayer, <strong>Corporaci\u00f3n Caliente<\/strong> celebr\u00f3 la 36 edici\u00f3n del festival del D\u00eda del Ni\u00f1o, que en esta ocasi\u00f3n adem\u00e1s de m\u00fasica, regalos y diversi\u00f3n, tambi\u00e9n ofreci\u00f3 servicios de salud para toda la familia. Con este festejo regresan las actividades que por a\u00f1os han permitido a los tijuanenses reunirse en las instalaciones del Hip\u00f3dromo de Agua Caliente, por lo que el pr\u00f3ximo 10 de mayo, tambi\u00e9n se llevar\u00e1 a cabo la celebraci\u00f3n\u00a0 dedicada a las madres.<\/p>\n<p><u><a href=\"mailto:morcora@gmail.com\" target=\"_blank\" rel=\"noopener noreferrer\"><em>morcora@gmail.com<\/em><\/a><\/u><\/p>\n","protected":false},"excerpt":{"rendered":"<p><span style=\"color: #005497;\"><strong>Adriana Moreno Cordero<\/strong><\/span><\/p>\n","protected":false},"author":3,"featured_media":0,"comment_status":"open","ping_status":"open","sticky":false,"template":"","format":"standard","meta":{"_monsterinsights_skip_tracking":false,"_monsterinsights_sitenote_active":false,"_monsterinsights_sitenote_note":"","_monsterinsights_sitenote_category":0,"footnotes":""},"categories":[69370],"tags":[69369,69368,43674],"class_list":["post-544873","post","type-post","status-publish","format-standard","hentry","category-adriana-moreno-cordero","tag-adriana-moreno-cordero","tag-la-retaguardia","tag-opinion"],"_links":{"self":[{"href":"https:\/\/www.diarioimagen.net\/index.php?rest_route=\/wp\/v2\/posts\/544873","targetHints":{"allow":["GET"]}}],"collection":[{"href":"https:\/\/www.diarioimagen.net\/index.php?rest_route=\/wp\/v2\/posts"}],"about":[{"href":"https:\/\/www.diarioimagen.net\/index.php?rest_route=\/wp\/v2\/types\/post"}],"author":[{"embeddable":true,"href":"https:\/\/www.diarioimagen.net\/index.php?rest_route=\/wp\/v2\/users\/3"}],"replies":[{"embeddable":true,"href":"https:\/\/www.diarioimagen.net\/index.php?rest_route=%2Fwp%2Fv2%2Fcomments&post=544873"}],"version-history":[{"count":0,"href":"https:\/\/www.diarioimagen.net\/index.php?rest_route=\/wp\/v2\/posts\/544873\/revisions"}],"wp:attachment":[{"href":"https:\/\/www.diarioimagen.net\/index.php?rest_route=%2Fwp%2Fv2%2Fmedia&parent=544873"}],"wp:term":[{"taxonomy":"category","embeddable":true,"href":"https:\/\/www.diarioimagen.net\/index.php?rest_route=%2Fwp%2Fv2%2Fcategories&post=544873"},{"taxonomy":"post_tag","embeddable":true,"href":"https:\/\/www.diarioimagen.net\/index.php?rest_route=%2Fwp%2Fv2%2Ftags&post=544873"}],"curies":[{"name":"wp","href":"https:\/\/api.w.org\/{rel}","templated":true}]}}